{"id":5477,"date":"2018-10-26T12:50:49","date_gmt":"2018-10-26T15:50:49","guid":{"rendered":"https:\/\/hostnetart.com.br\/baixada\/contraf-cut-denuncia-ataques-contra-familia-teles\/"},"modified":"2018-10-26T12:50:49","modified_gmt":"2018-10-26T15:50:49","slug":"contraf-cut-denuncia-ataques-contra-familia-teles","status":"publish","type":"post","link":"https:\/\/hostnetart.com.br\/baixada\/contraf-cut-denuncia-ataques-contra-familia-teles\/","title":{"rendered":"Contraf-CUT denuncia ataques contra Fam\u00edlia Teles"},"content":{"rendered":"<div class=\"content\">\n<p>A Confedera\u00e7\u00e3o Nacional dos Trabalhadores do Ramo Financeiro (Contraf-CUT) denuncia os ataques que est\u00e3o sendo feitos contra Maria Am\u00e9lia Teles, conhecida como Amelinha, militante feminista que foi presa e torturada durante os duros anos da ditadura militar no Brasil.<\/p>\n<p>Os ataques acontecem num momento de fragilidade, no qual o pa\u00eds enfrenta uma onda de \u00f3dio e retrocesso. \u201cN\u00f3s repudiamos e estamos juntos com a Amelinha contra essa enorme onda de \u00f3dio que est\u00e1 se propagando no pa\u00eds. A amea\u00e7a por si s\u00f3 j\u00e1 \u00e9 um ato de viol\u00eancia. \u00c9 inadmiss\u00edvel depois de tudo o que ela passou, sofrer novamente com amea\u00e7as\u201d, solidarizou-se Elaine Cutis, secret\u00e1ria da Mulher da Contraf-CUT.<\/p>\n<p><strong>Guerreira incans\u00e1vel na luta feminista <\/strong><\/p>\n<p><strong>\u00a0<\/strong>Am\u00e9lia Teles sofreu muito com a viol\u00eancia durante a ditadura. Ela foi presa junto com seu marido, irm\u00e3 gr\u00e1vida e os filhos pequenos \u2013 Jana\u00edna e Edson Teles, com 5 e 4 anos na \u00e9poca -, pela Opera\u00e7\u00e3o Bandeirantes em S\u00e3o Paulo.<\/p>\n<p>\u201cTudo o que Am\u00e9lia passou na \u00e9poca da ditadura n\u00e3o fez com que ela esmorecesse. Pelo contr\u00e1rio, ela se tornou mais forte para lutar cada vez mais em prol dos direitos, da liberdade e do combate a viol\u00eancia contra as mulheres\u201d, afirmou Elaine. \u00a0<\/p>\n<p>Fundadora da Comiss\u00e3o de Familiares de Mortos e Desaparecidos Pol\u00edticos e integrante da Comiss\u00e3o Estadual da Verdade de SP, Amelinha se dedica h\u00e1 mais de 30 anos \u00e0 luta pela apura\u00e7\u00e3o das atrocidades da ditadura e pela responsabiliza\u00e7\u00e3o dos agentes do Estado pelos crimes cometidos.<\/p>\n<p>Ela j\u00e1 conseguiu que a Justi\u00e7a condenasse em segunda inst\u00e2ncia, como torturador, o coronel reformado Carlos Alberto Brilhante Ustra.<\/p>\n<p>Amelinha tamb\u00e9m cumpriu um importante papel junto na localiza\u00e7\u00e3o e traslado dos restos mortais de Manoel Lisboa de Moura e Emmanuel Bezerra, fundadores do Partido Comunista Revolucion\u00e1rio, e brutalmente assassinados pela Ditadura em setembro de 1973.<\/p>\n<p>\u201cN\u00e3o podemos permitir que o \u00f3dio domine o nosso pa\u00eds. Precisamos resistir e continuar lutando contra a viol\u00eancia, principalmente, contra as mulheres. Am\u00e9lia Teles \u00e9 um exemplo para o movimento feminista e repudiamos esses ataques que est\u00e3o acontecendo contra ela\u201d, finalizou Elaine.<\/p>\n<p>\u00a0<\/p>\n<\/div>\n<p id=\"page-author\"><span style=\"text-decoration: underline;\"><em><strong>Fonte: Contraf-CUT<\/strong><\/em><\/span><\/p>\n","protected":false},"excerpt":{"rendered":"<p>A Confedera\u00e7\u00e3o Nacional dos Trabalhadores do Ramo Financeiro (Contraf-CUT) denuncia os ataques que est\u00e3o sendo feitos contra Maria Am\u00e9lia Teles, conhecida como Amelinha, militante feminista que foi presa e torturada durante os duros anos da ditadura militar no Brasil. Os ataques acontecem num momento de fragilidade, no qual o pa\u00eds enfrenta uma onda de \u00f3dio [&hellip;]<\/p>\n","protected":false},"author":2,"featured_media":5476,"comment_status":"","ping_status":"","sticky":false,"template":"","format":"standard","meta":{"footnotes":""},"categories":[3],"tags":[],"class_list":["post-5477","post","type-post","status-publish","format-standard","has-post-thumbnail","hentry","category-noticias"],"_links":{"self":[{"href":"https:\/\/hostnetart.com.br\/baixada\/wp-json\/wp\/v2\/posts\/5477","targetHints":{"allow":["GET"]}}],"collection":[{"href":"https:\/\/hostnetart.com.br\/baixada\/wp-json\/wp\/v2\/posts"}],"about":[{"href":"https:\/\/hostnetart.com.br\/baixada\/wp-json\/wp\/v2\/types\/post"}],"author":[{"embeddable":true,"href":"https:\/\/hostnetart.com.br\/baixada\/wp-json\/wp\/v2\/users\/2"}],"replies":[{"embeddable":true,"href":"https:\/\/hostnetart.com.br\/baixada\/wp-json\/wp\/v2\/comments?post=5477"}],"version-history":[{"count":0,"href":"https:\/\/hostnetart.com.br\/baixada\/wp-json\/wp\/v2\/posts\/5477\/revisions"}],"wp:featuredmedia":[{"embeddable":true,"href":"https:\/\/hostnetart.com.br\/baixada\/wp-json\/wp\/v2\/media\/5476"}],"wp:attachment":[{"href":"https:\/\/hostnetart.com.br\/baixada\/wp-json\/wp\/v2\/media?parent=5477"}],"wp:term":[{"taxonomy":"category","embeddable":true,"href":"https:\/\/hostnetart.com.br\/baixada\/wp-json\/wp\/v2\/categories?post=5477"},{"taxonomy":"post_tag","embeddable":true,"href":"https:\/\/hostnetart.com.br\/baixada\/wp-json\/wp\/v2\/tags?post=5477"}],"curies":[{"name":"wp","href":"https:\/\/api.w.org\/{rel}","templated":true}]}}