{"id":5473,"date":"2018-10-25T18:50:34","date_gmt":"2018-10-25T21:50:34","guid":{"rendered":"https:\/\/hostnetart.com.br\/baixada\/sem-o-protagonismo-dos-bancos-publicos-e-investimentos-estatais-o-brasil-nao-avanca\/"},"modified":"2018-10-25T18:50:34","modified_gmt":"2018-10-25T21:50:34","slug":"sem-o-protagonismo-dos-bancos-publicos-e-investimentos-estatais-o-brasil-nao-avanca","status":"publish","type":"post","link":"https:\/\/hostnetart.com.br\/baixada\/sem-o-protagonismo-dos-bancos-publicos-e-investimentos-estatais-o-brasil-nao-avanca\/","title":{"rendered":"Sem o protagonismo dos bancos p\u00fablicos e investimentos estatais, o Brasil n\u00e3o avan\u00e7a"},"content":{"rendered":"<p>A recupera\u00e7\u00e3o da \u00faltima recess\u00e3o econ\u00f4mica no Brasil ser\u00e1 a mais lenta da hist\u00f3ria se a atual pol\u00edtica de ajuste fiscal e conten\u00e7\u00e3o de investimentos continuar em vigor.<\/p>\n<p>E tudo leva a crer que nada mudar\u00e1, visto que os\u00a0<a class=\"external-link\" title=\"\" href=\"https:\/\/www.cartacapital.com.br\/dialogos-capitais\/bancos-publicos-alavancaram-politica-sociais-no-brasil-diz-emir-sader\" target=\"_blank\" rel=\"noopener noreferrer\">bancos p\u00fablicos<\/a>, essenciais na \u00faltima d\u00e9cada e meia, n\u00e3o apenas est\u00e3o de m\u00e3os atadas, como sofrem um processo de desmonte.<\/p>\n<p>Essa \u00e9 a vis\u00e3o compartilhada pelos participantes da quarta etapa do semin\u00e1rio \u201cO Futuro dos Bancos P\u00fablicos\u201d. O evento aconteceu na ter\u00e7a-feira 16, no Rio de Janeiro, e \u00e9 fruto de uma parceria entre a revista\u00a0<i>CartaCapital<\/i>\u00a0e a Fenae, Federa\u00e7\u00e3o Nacional das Associa\u00e7\u00f5es do Pessoal da Caixa Econ\u00f4mica Federal.<\/p>\n<div id=\"sc-ava-28194067\">\u00a0\u201cA crise mais recente \u00e9 t\u00e3o forte quanto aquela da d\u00e9cada de 1980. Mas, na chamada \u2018d\u00e9cada perdida\u2019, a recupera\u00e7\u00e3o deu-se em um ritmo muito mais forte. Em cinco anos o Brasil tinha se recuperado\u201d, comparou a economista Esther Dweck, da Universidade Federal do Rio de Janeiro. \u201cAgora teremos uma retomada superlenta. Vai demorar at\u00e9 dez anos para voltarmos ao n\u00edvel do PIB de 2014.\u201d<\/div>\n<p>Segundo a economista, essa lentid\u00e3o n\u00e3o \u00e9 novidade nas an\u00e1lises econ\u00f4micas, como demonstrou o americano Paul Krugman, vencedor do Pr\u00eamio Nobel de Economia.<\/p>\n<p>Ao analisar a crise de 2008 nos EUA e na Europa, Krugman demonstrou que a conten\u00e7\u00e3o da crise foi r\u00e1pida, pois os Estados de Bem-Estar Social serviram como colch\u00e3o. O que veio a seguir, por\u00e9m, n\u00e3o foi um forte aquecimento da demanda como o observado na grave crise de 1929.<\/p>\n<p>\u201cCome\u00e7ou a ser dito que, se os pa\u00edses n\u00e3o fizessem um grande ajuste fiscal, todos virariam a Gr\u00e9cia\u201d, rememorou Dweck, amparada nas conclus\u00f5es de Krugman. \u201cOs pa\u00edses come\u00e7aram a tirar o governo da recupera\u00e7\u00e3o e ela passou a ser lenta no mundo inteiro.\u201d<\/p>\n<p>Alguma semelhan\u00e7a com o Brasil atual? \u201cO que se prop\u00f5e aqui \u00e9 justamente tirar o Estado do seu papel de estabilizador econ\u00f4mico. E isso tem muito a ver com essa discuss\u00e3o sobre a fun\u00e7\u00e3o das institui\u00e7\u00f5es financeiras estatais\u201d, concluiu.<\/p>\n<p>Para o soci\u00f3logo Emir Sader, \u201co futuro dos bancos p\u00fablicos est\u00e1 diretamente ligado ao destino do Brasil\u201d. Ao longo da hist\u00f3ria, afirmou, os bancos estatais foram importantes no financiamento do cr\u00e9dito e microcr\u00e9dito, entre outros.<\/p>\n<p>Mas, durante os mandatos petistas, a Caixa Econ\u00f4mica Federal e o Banco do Brasil \u201ctiveram papel din\u00e2mico, como indutor do crescimento econ\u00f4mico e da distribui\u00e7\u00e3o de renda\u201d.<\/p>\n<p>Com a derrubada de Dilma Rousseff, o ciclo foi interrompido, disse o soci\u00f3logo. \u201cO governo Temer n\u00e3o precisa dos bancos p\u00fablicos, pois n\u00e3o tem interesse em fazer pol\u00edtica social.\u201d E um dos riscos da vit\u00f3ria de\u00a0<a class=\"external-link\" title=\"\" href=\"https:\/\/www.cartacapital.com.br\/politica\/escolha-triste-diz-editorial-do-new-york-times-sobre-bolsonaro\" target=\"_blank\" rel=\"noopener noreferrer\">Jair Bolsonaro reside no aprofundamento dessa pol\u00edtica,<\/a>\u00a0apesar das negativas eleitoreiras do candidato.<\/p>\n<p>\u201cNa campanha eleitoral de 2014, os candidatos de direita diziam que manteriam o Bolsa Fam\u00edlia. Mas seus gurus econ\u00f4micos afirmavam que os bancos estatais ficariam reduzidos a nada. Iam fazer o Bolsa Fam\u00edlia com o Bradesco, com o Ita\u00fa. De fato, s\u00f3 diziam que manteriam as pol\u00edticas sociais pelo prest\u00edgio desses programas.\u201d<\/p>\n<p>Na vis\u00e3o de Sader, iniciou-se, no mesmo per\u00edodo da campanha para derrubar Dilma, um esfor\u00e7o de destrui\u00e7\u00e3o da reputa\u00e7\u00e3o dos bancos p\u00fablicos, com ecos na disputa presidencial deste ano. \u201cO Bolsonaro repete que \u2018o PT quebrou o Brasil\u2019. Que \u2018gastou tanto na Venezuela, tanto em Cuba, tanto em propaganda\u2019.<\/p>\n<p>N\u00f3s n\u00e3o conseguimos convencer a massa da popula\u00e7\u00e3o de que o PT foi um governo que usou muito bem esses recursos, seja para fazer a economia crescer, seja para distribuir renda\u201d, lamenta. \u201cEssa foi uma batalha que perdemos.\u201d<\/p>\n<p>N\u00e3o por acaso, sugeriu, Bolsonaro promete colocar no Minist\u00e9rio da Fazenda algu\u00e9m \u201cradicalmente ligado ao capital financeiro\u201d. Em declara\u00e7\u00f5es passadas, o\u00a0<a class=\"external-link\" title=\"\" href=\"https:\/\/www.cartacapital.com.br\/politica\/na-ditadura-politica-economica-201cbolsonarista201d-concentrou-renda\" target=\"_blank\" rel=\"noopener noreferrer\">economista Paulo Guedes<\/a>, o \u201cPosto Ipiranga\u201d do presidenci\u00e1vel, verbalizou a inten\u00e7\u00e3o de privatizar o m\u00e1ximo poss\u00edvel.<\/p>\n<p>Do outro lado do espectro, observa Sader, o candidato do PT garante que n\u00e3o vai colocar algu\u00e9m do mercado no comando da economia.<\/p>\n<p>Jair Pedro Ferreira, presidente da Fenae, teme o futuro dos bancos p\u00fablicos. \u201cSem eles vai ser muito dif\u00edcil, a sociedade brasileira vai pagar um pre\u00e7o muito alto. Principalmente a mais carente, que depende do Estado como principal indutor da distribui\u00e7\u00e3o dos ganhos do desenvolvimento.\u201d<\/p>\n<p>A import\u00e2ncia dos bancos estatais, explicou Ferreira, est\u00e1 na capacidade de alcan\u00e7ar locais e clientes que as institui\u00e7\u00f5es privadas n\u00e3o t\u00eam interesse. \u201cNo Amazonas, n\u00e3o h\u00e1 um financiamento habitacional feito por bancos privados, s\u00e3o todos pelas institui\u00e7\u00f5es federais. No Cear\u00e1, chega a 95%.\u201d<\/p>\n<p>Uma atua\u00e7\u00e3o mais incisiva das institui\u00e7\u00f5es financeiras tem feito falta, argumentou Dweck. &#8220;N\u00e3o tem milagre. O mundo n\u00e3o vai nos puxar. Basta ver os EUA e a China, em guerra comercial. As empresas n\u00e3o v\u00e3o sair gastando, pois elas ainda esperam que sua capacidade instalada seja utilizada para voltar a investir e as fam\u00edlias esperam que o desemprego caia para poder voltar a gastar. Sobrou um \u00fanico ator que poderia nos tirar dessa situa\u00e7\u00e3o, o Estado.\u201d<\/p>\n<p>O futuro parece tenebroso.<\/p>\n<p>\u00a0<\/p>\n<p><span style=\"text-decoration: underline;\"><strong>Fonte: Carta Capital<\/strong><\/span><\/p>\n","protected":false},"excerpt":{"rendered":"<p>A recupera\u00e7\u00e3o da \u00faltima recess\u00e3o econ\u00f4mica no Brasil ser\u00e1 a mais lenta da hist\u00f3ria se a atual pol\u00edtica de ajuste fiscal e conten\u00e7\u00e3o de investimentos continuar em vigor. E tudo leva a crer que nada mudar\u00e1, visto que os\u00a0bancos p\u00fablicos, essenciais na \u00faltima d\u00e9cada e meia, n\u00e3o apenas est\u00e3o de m\u00e3os atadas, como sofrem um [&hellip;]<\/p>\n","protected":false},"author":2,"featured_media":5472,"comment_status":"","ping_status":"","sticky":false,"template":"","format":"standard","meta":{"footnotes":""},"categories":[3],"tags":[],"class_list":["post-5473","post","type-post","status-publish","format-standard","has-post-thumbnail","hentry","category-noticias"],"_links":{"self":[{"href":"https:\/\/hostnetart.com.br\/baixada\/wp-json\/wp\/v2\/posts\/5473","targetHints":{"allow":["GET"]}}],"collection":[{"href":"https:\/\/hostnetart.com.br\/baixada\/wp-json\/wp\/v2\/posts"}],"about":[{"href":"https:\/\/hostnetart.com.br\/baixada\/wp-json\/wp\/v2\/types\/post"}],"author":[{"embeddable":true,"href":"https:\/\/hostnetart.com.br\/baixada\/wp-json\/wp\/v2\/users\/2"}],"replies":[{"embeddable":true,"href":"https:\/\/hostnetart.com.br\/baixada\/wp-json\/wp\/v2\/comments?post=5473"}],"version-history":[{"count":0,"href":"https:\/\/hostnetart.com.br\/baixada\/wp-json\/wp\/v2\/posts\/5473\/revisions"}],"wp:featuredmedia":[{"embeddable":true,"href":"https:\/\/hostnetart.com.br\/baixada\/wp-json\/wp\/v2\/media\/5472"}],"wp:attachment":[{"href":"https:\/\/hostnetart.com.br\/baixada\/wp-json\/wp\/v2\/media?parent=5473"}],"wp:term":[{"taxonomy":"category","embeddable":true,"href":"https:\/\/hostnetart.com.br\/baixada\/wp-json\/wp\/v2\/categories?post=5473"},{"taxonomy":"post_tag","embeddable":true,"href":"https:\/\/hostnetart.com.br\/baixada\/wp-json\/wp\/v2\/tags?post=5473"}],"curies":[{"name":"wp","href":"https:\/\/api.w.org\/{rel}","templated":true}]}}