{"id":5471,"date":"2018-10-25T18:48:37","date_gmt":"2018-10-25T21:48:37","guid":{"rendered":"https:\/\/hostnetart.com.br\/baixada\/cnbb-se-posiciona-contra-as-armas-do-odio-e-o-discurso-radical\/"},"modified":"2018-10-25T18:48:37","modified_gmt":"2018-10-25T21:48:37","slug":"cnbb-se-posiciona-contra-as-armas-do-odio-e-o-discurso-radical","status":"publish","type":"post","link":"https:\/\/hostnetart.com.br\/baixada\/cnbb-se-posiciona-contra-as-armas-do-odio-e-o-discurso-radical\/","title":{"rendered":"CNBB se posiciona &#8216;contra as armas do \u00f3dio e o discurso radical&#8217;"},"content":{"rendered":"<p>A\u00a0Confer\u00eancia Nacional dos Bispos do Brasil (<a class=\"external-link\" title=\"\" href=\"http:\/\/www.cnbb.org.br\/\" target=\"_blank\" rel=\"noopener noreferrer\">CNBB<\/a>) divulgou\u00a0<a class=\"external-link\" title=\"\" href=\"http:\/\/www.cnbb.org.br\/cnbb-divulga-nota-sobre-o-segundo-turno-das-eleicoes-2018\/\" target=\"_blank\" rel=\"noopener noreferrer\">nota sobre o segundo turno<\/a>\u00a0das\u00a0<strong>elei\u00e7\u00f5es de 2018<\/strong>\u00a0nesta quarta-feira (24). Sem cit\u00e1-lo no texto, os bispos se mant\u00e9m contr\u00e1rios \u00e0 postura do candidato do PSL, Jair\u00a0<strong>Bolsonaro<\/strong>,\u00a0pedindo ao eleitor que recuse o &#8220;clima de viol\u00eancia, estimulado\u00a0<a class=\"internal-link\" title=\"\" href=\"https:\/\/www.redebrasilatual.com.br\/eleicoes-2018\/empresarios-bancam-campanha-criminosa-contra-o-pt-pelo-whatsapp\" target=\"_blank\" rel=\"noopener noreferrer\">por not\u00edcias falsas<\/a>, discursos e posturas radicais, que colocam em risco as bases democr\u00e1ticas da sociedade brasileira&#8221;.<\/p>\n<p>Em entrevista \u00e0 jornalista Marilu Caba\u00f1as, da\u00a0<strong>R\u00e1dio Brasil Atual<\/strong>, nesta quinta (25), Dom Reginaldo Andrietta, bispo da Diocese de Jales, refor\u00e7ou a orienta\u00e7\u00e3o, se posicionando contra\u00a0<a class=\"internal-link\" title=\"\" href=\"https:\/\/www.redebrasilatual.com.br\/eleicoes-2018\/entrevista-christian-dunker-bolsonaro-eleicoes-2018-inferno-somos-nos\" target=\"_blank\" rel=\"noopener noreferrer\">um candidato radical<\/a>\u00a0e que faz apologia \u00e0 tortura. De acordo com ele, a igreja \u00e9 contra as &#8220;extrapola\u00e7\u00f5es&#8221; e a &#8220;manipula\u00e7\u00e3o do eleitor&#8221;<\/p>\n<p>&#8220;Nesse sentido, a CNBB se pronuncia a favor da paz social e do Estado democr\u00e1tico. As pessoas que querem o cargo no Executivo devem ser respeitosas, mas tem um candidato que n\u00e3o possui essa postura, sem di\u00e1logo e com um tom amea\u00e7ador&#8221;, afirma ele.<\/p>\n<p>O bispo lembra que, durante a ditadura civil-militar no Brasil, as igrejas eram &#8220;discretas&#8221; e seus seguidores temerosos. &#8220;N\u00e3o se podia criticar o que acontecia, ent\u00e3o esse n\u00e3o era o tipo de sociedade que devemos viver&#8221;, explica.\u00a0<\/p>\n<p>Dom Reginaldo acrescenta que\u00a0<a class=\"internal-link\" title=\"\" href=\"https:\/\/www.redebrasilatual.com.br\/eleicoes-2018\/nao-queremos-um-presidente-que-sustentado-por-mentiras-dizem-pastores-evangelicos\" target=\"_blank\" rel=\"noopener noreferrer\">a igreja deve ser\u00a0contra todo o sistema de domina\u00e7\u00e3o<\/a>\u00a0e autoritarismo.\u00a0&#8220;Toda tend\u00eancia militarista est\u00e1 associada a um sistema de domina\u00e7\u00e3o econ\u00f4mica. Os sinais dados por este determinado candidato s\u00e3o nesse sentido, de ditadura. Isso significa que um vai ter medo do outro, falta de confian\u00e7a e divis\u00e3o social. Precisamos criar condi\u00e7\u00f5es para a paz&#8221;, finaliza.<\/p>\n<p>\u00a0<\/p>\n<p><span style=\"text-decoration: underline;\"><strong>Fonte: Rede Brasil Atual<\/strong><\/span><\/p>\n","protected":false},"excerpt":{"rendered":"<p>A\u00a0Confer\u00eancia Nacional dos Bispos do Brasil (CNBB) divulgou\u00a0nota sobre o segundo turno\u00a0das\u00a0elei\u00e7\u00f5es de 2018\u00a0nesta quarta-feira (24). Sem cit\u00e1-lo no texto, os bispos se mant\u00e9m contr\u00e1rios \u00e0 postura do candidato do PSL, Jair\u00a0Bolsonaro,\u00a0pedindo ao eleitor que recuse o &#8220;clima de viol\u00eancia, estimulado\u00a0por not\u00edcias falsas, discursos e posturas radicais, que colocam em risco as bases democr\u00e1ticas da [&hellip;]<\/p>\n","protected":false},"author":2,"featured_media":5470,"comment_status":"","ping_status":"","sticky":false,"template":"","format":"standard","meta":{"footnotes":""},"categories":[3],"tags":[],"class_list":["post-5471","post","type-post","status-publish","format-standard","has-post-thumbnail","hentry","category-noticias"],"_links":{"self":[{"href":"https:\/\/hostnetart.com.br\/baixada\/wp-json\/wp\/v2\/posts\/5471","targetHints":{"allow":["GET"]}}],"collection":[{"href":"https:\/\/hostnetart.com.br\/baixada\/wp-json\/wp\/v2\/posts"}],"about":[{"href":"https:\/\/hostnetart.com.br\/baixada\/wp-json\/wp\/v2\/types\/post"}],"author":[{"embeddable":true,"href":"https:\/\/hostnetart.com.br\/baixada\/wp-json\/wp\/v2\/users\/2"}],"replies":[{"embeddable":true,"href":"https:\/\/hostnetart.com.br\/baixada\/wp-json\/wp\/v2\/comments?post=5471"}],"version-history":[{"count":0,"href":"https:\/\/hostnetart.com.br\/baixada\/wp-json\/wp\/v2\/posts\/5471\/revisions"}],"wp:featuredmedia":[{"embeddable":true,"href":"https:\/\/hostnetart.com.br\/baixada\/wp-json\/wp\/v2\/media\/5470"}],"wp:attachment":[{"href":"https:\/\/hostnetart.com.br\/baixada\/wp-json\/wp\/v2\/media?parent=5471"}],"wp:term":[{"taxonomy":"category","embeddable":true,"href":"https:\/\/hostnetart.com.br\/baixada\/wp-json\/wp\/v2\/categories?post=5471"},{"taxonomy":"post_tag","embeddable":true,"href":"https:\/\/hostnetart.com.br\/baixada\/wp-json\/wp\/v2\/tags?post=5471"}],"curies":[{"name":"wp","href":"https:\/\/api.w.org\/{rel}","templated":true}]}}