{"id":5469,"date":"2018-10-24T20:18:44","date_gmt":"2018-10-24T23:18:44","guid":{"rendered":"https:\/\/hostnetart.com.br\/baixada\/bancos-demitiram-quase-25-mil-de-janeiro-a-setembro\/"},"modified":"2018-10-24T20:18:44","modified_gmt":"2018-10-24T23:18:44","slug":"bancos-demitiram-quase-25-mil-de-janeiro-a-setembro","status":"publish","type":"post","link":"https:\/\/hostnetart.com.br\/baixada\/bancos-demitiram-quase-25-mil-de-janeiro-a-setembro\/","title":{"rendered":"Bancos demitiram quase 25 mil de janeiro a setembro"},"content":{"rendered":"<div class=\"content\">\n<p>As institui\u00e7\u00f5es banc\u00e1rias demitiram 24.025 trabalhadores nos nove primeiros meses de 2018, segundo an\u00e1lise elaborada pelo Departamento Intersindical de Estat\u00edstica e Estudos Socioecon\u00f4micos (Dieese), com base nas informa\u00e7\u00f5es do Cadastro Geral de Empregados e Desempregados (Caged). No mesmo per\u00edodo os bancos contrataram 22.284 pessoas, restando um saldo de 1.741 postos de emprego banc\u00e1rio a menos em todo o pa\u00eds. Os estados que mais perderam vagas foram Rio de Janeiro (-744), Paran\u00e1 (-302) e Distrito Federal (-207). Contatou-se, no entanto, uma revers\u00e3o do quadro de redu\u00e7\u00e3o de postos de trabalho nos \u00faltimos tr\u00eas meses analisados (julho a setembro), quando houve mais contrata\u00e7\u00f5es do que demiss\u00f5es.<\/p>\n<p>Mas, para a presidenta da Confedera\u00e7\u00e3o Nacional dos Trabalhadores do Ramo Financeiro (Contraf-CUT), Juvandia Moreira, a revers\u00e3o do quadro de saldo negativos de postos de trabalho no setor deve ser vista com ressalvas.<\/p>\n<p>\u201c\u00c9 boa a not\u00edcia de que o setor banc\u00e1rio est\u00e1 mais contratando do que demitindo. Mas, quando analisamos as informa\u00e7\u00f5es detalhadamente, percebemos que os novos contratados t\u00eam remunera\u00e7\u00e3o muito inferior \u00e0 que era paga aos trabalhadores que perderam seus empregos. Isso est\u00e1 levando ao achatamento salarial da categoria\u201d, observou Juvandia.<\/p>\n<p>A diferen\u00e7a salarial entre as pessoas demitidas e as contratadas chega a 88,1% nos bancos m\u00faltiplos sem carteira comercial. Nos bancos comerciais com carteira comercial, onde est\u00e3o inclu\u00eddos o Banco do Brasil, Bradesco, Ita\u00fa e Santander, os novos contratados recebem 65,1% a menos do que os demitidos. Na Caixa Econ\u00f4mica Federal a diferen\u00e7a \u00e9 de 45,5%.<br \/><a class=\"has-subtitle img\" style=\"height: 457px; width: 836px;\" title=\"\" href=\"http:\/\/admin.contrafcut.com.br\/system\/uploads\/ck\/images\/TabelaDeRemuneracoes.jpg\" data-lightbox=\"lightbox\" data-title=\"\"><img decoding=\"async\" style=\"height: 457px; width: 836px;\" src=\"http:\/\/www.contrafcut.org.br\/images\/_7dcf59aca306958d7102906236da4040.jpg\" alt=\"\" \/><\/a><br \/><strong>Faixa Et\u00e1ria<\/strong><br \/> A presidenta da Contraf-CUT tamb\u00e9m chamou a aten\u00e7\u00e3o para o fato de que as demiss\u00f5es ocorrem entre os trabalhadores com idade elevada e as contrata\u00e7\u00f5es se concentram entre os mais jovens. \u201c\u00c9 importante a abertura de vagas para as pessoas mais jovens, mas \u00e9 triste saber que as mais velhas nem sempre conseguir\u00e3o se recolocar no mercado de trabalho devido \u00e0 idade. Os clientes tamb\u00e9m perdem, uma vez que as pessoas com mais conhecimento e experi\u00eancia no setor financeiro est\u00e3o sendo desligadas pelo simples fato de os bancos quererem aumentar ainda mais os seus lucros. Esta \u00e9 a realidade de um pa\u00eds que n\u00e3o valoriza o conhecimento e a experi\u00eancia dos mais velhos\u201d, lamentou a presidenta da Contraf-CUT.<br \/><a class=\"has-subtitle img\" style=\"height: 500px; width: 836px;\" title=\"\" href=\"http:\/\/admin.contrafcut.com.br\/system\/uploads\/ck\/images\/TabelaDeIdade.jpg\" data-lightbox=\"lightbox\" data-title=\"\"><img decoding=\"async\" style=\"height: 500px; width: 836px;\" src=\"http:\/\/www.contrafcut.org.br\/images\/_55ee0691c82f3805cbdb0f107dccd064.jpg\" alt=\"\" \/><\/a><br \/> Segundo os dados, os bancos concentram suas contrata\u00e7\u00f5es nas faixas et\u00e1rias at\u00e9 29 anos (67,8%), em especial entre 18 e 24 anos (40,8%). No per\u00edodo foram criadas 8.526 vagas para trabalhadores at\u00e9 29 anos. Para aqueles que t\u00eam mais de 30 anos, todas as faixas apresentaram saldo negativo (s\u00e3o 10.267 postos a menos para pessoas acima de 30 anos). Merece destaque a faixa de 50 a 64 anos, com fechamento de 4.920 postos.<\/p>\n<p>Leia a <a href=\"http:\/\/admin.contrafcut.com.br\/system\/uploads\/ck\/files\/PEB%20janeiro%20a%20setembro%20de%202018.pdf\" target=\"_blank\" rel=\"noopener noreferrer\"><ins><strong>\u00edntegra da Pesquisa do Emprego Banc\u00e1rio<\/strong><\/ins><\/a> (PEB) elaborada pelo Dieese.<\/p>\n<p><strong>Leia tamb\u00e9m:<\/strong><br \/> \u00a0\u00a0\u00a0\u00a0 &gt; <ins><em><a href=\"http:\/\/www.contrafcut.org.br\/noticias\/bancos-fecham-2-245-postos-de-emprego-nos-primeiros-oito-meses-de-2018-20bd\/\" target=\"_blank\" rel=\"noopener noreferrer\">Bancos fecham 2.245 postos de emprego nos primeiros oito meses de 2018<\/a><\/em><\/ins><\/p>\n<\/div>\n<p id=\"page-author\"><strong>Fonte: Contraf-CUT<\/strong><\/p>\n","protected":false},"excerpt":{"rendered":"<p>As institui\u00e7\u00f5es banc\u00e1rias demitiram 24.025 trabalhadores nos nove primeiros meses de 2018, segundo an\u00e1lise elaborada pelo Departamento Intersindical de Estat\u00edstica e Estudos Socioecon\u00f4micos (Dieese), com base nas informa\u00e7\u00f5es do Cadastro Geral de Empregados e Desempregados (Caged). No mesmo per\u00edodo os bancos contrataram 22.284 pessoas, restando um saldo de 1.741 postos de emprego banc\u00e1rio a menos [&hellip;]<\/p>\n","protected":false},"author":2,"featured_media":5468,"comment_status":"","ping_status":"","sticky":false,"template":"","format":"standard","meta":{"footnotes":""},"categories":[3],"tags":[],"class_list":["post-5469","post","type-post","status-publish","format-standard","has-post-thumbnail","hentry","category-noticias"],"_links":{"self":[{"href":"https:\/\/hostnetart.com.br\/baixada\/wp-json\/wp\/v2\/posts\/5469","targetHints":{"allow":["GET"]}}],"collection":[{"href":"https:\/\/hostnetart.com.br\/baixada\/wp-json\/wp\/v2\/posts"}],"about":[{"href":"https:\/\/hostnetart.com.br\/baixada\/wp-json\/wp\/v2\/types\/post"}],"author":[{"embeddable":true,"href":"https:\/\/hostnetart.com.br\/baixada\/wp-json\/wp\/v2\/users\/2"}],"replies":[{"embeddable":true,"href":"https:\/\/hostnetart.com.br\/baixada\/wp-json\/wp\/v2\/comments?post=5469"}],"version-history":[{"count":0,"href":"https:\/\/hostnetart.com.br\/baixada\/wp-json\/wp\/v2\/posts\/5469\/revisions"}],"wp:featuredmedia":[{"embeddable":true,"href":"https:\/\/hostnetart.com.br\/baixada\/wp-json\/wp\/v2\/media\/5468"}],"wp:attachment":[{"href":"https:\/\/hostnetart.com.br\/baixada\/wp-json\/wp\/v2\/media?parent=5469"}],"wp:term":[{"taxonomy":"category","embeddable":true,"href":"https:\/\/hostnetart.com.br\/baixada\/wp-json\/wp\/v2\/categories?post=5469"},{"taxonomy":"post_tag","embeddable":true,"href":"https:\/\/hostnetart.com.br\/baixada\/wp-json\/wp\/v2\/tags?post=5469"}],"curies":[{"name":"wp","href":"https:\/\/api.w.org\/{rel}","templated":true}]}}