{"id":5467,"date":"2018-10-24T18:59:28","date_gmt":"2018-10-24T21:59:28","guid":{"rendered":"https:\/\/hostnetart.com.br\/baixada\/bancarios-da-colombia-estao-preocupados-com-as-eleicoes-no-brasil\/"},"modified":"2018-10-24T18:59:28","modified_gmt":"2018-10-24T21:59:28","slug":"bancarios-da-colombia-estao-preocupados-com-as-eleicoes-no-brasil","status":"publish","type":"post","link":"https:\/\/hostnetart.com.br\/baixada\/bancarios-da-colombia-estao-preocupados-com-as-eleicoes-no-brasil\/","title":{"rendered":"Banc\u00e1rios da Col\u00f4mbia est\u00e3o preocupados com as elei\u00e7\u00f5es no Brasil"},"content":{"rendered":"<div class=\"content\">\n<p>A Uni\u00f3n Nacional de Empleados Bancarios (Uneb) da Col\u00f4mbia publicou na ter\u00e7a-feira (23) um <ins><strong><a href=\"https:\/\/www.youtube.com\/watch?v=0lok681VLhw&amp;feature=youtu.be\" target=\"_blank\" rel=\"noopener noreferrer\">v\u00eddeo<\/a><\/strong><\/ins> em seu <ins><strong><a href=\"https:\/\/www.youtube.com\/channel\/UCwMYGZbcfCugdNjK5RqvCLg\" target=\"_blank\" rel=\"noopener noreferrer\">canal no Youtube<\/a><\/strong><\/ins> alertando os brasileiros sobre os riscos de se eleger Jair Bolsonaro (PSL) para a Presid\u00eancia da Rep\u00fablica e orientando o voto em Fernando Haddad.<\/p>\n<p>\u201cCol\u00f4mbia Viveu duros anos de viol\u00eancia inimagin\u00e1veis, com a persegui\u00e7\u00e3o e assassinato de dirigentes sindicais e sociais. A proposta de Bolsonaro quer fazer no Brasil o mesmo que passamos na Col\u00f4mbia: morte, assassinatos, viol\u00eancia, vi\u00favas, \u00f3rf\u00e3os, desabrigados. O Brasil n\u00e3o pode copiar esse modelo colombiano, que recha\u00e7amos contundentemente\u201d, disse a presidenta da Uneb, Sof\u00eda Espinosa Ortiz.<\/p>\n<p>\u201cTrata-se de uma amostra da preocupa\u00e7\u00e3o com o risco para todo o continente de os brasileiros elegerem um candidato que defende a tortura, a ditadura e j\u00e1 declarou que seus opositores ter\u00e3o que se enquadrar, ou ser\u00e3o presos ou exilados do pa\u00eds\u201d, disse a presidenta da Confedera\u00e7\u00e3o Nacional dos Trabalhadores do Ramo Financeiro (Contraf-CUT), Juvandia Moreira, em agradecimento pelo apoio dos banc\u00e1rios colombianos. Para Juvandia, o apoio do movimento sindical colombiano, que sofreu na carne viol\u00eancias e mortes, \u00e9 tamb\u00e9m uma mostra de que os trabalhadores est\u00e3o atentos e unidos pela defesa da democracia e dos direitos em todo o continente.<\/p>\n<p>\u201cAgradecemos a solidariedade e o apoio da Uneb aos banc\u00e1rios do Brasil neste momento t\u00e3o grave em que vivemos. Nossa democracia, nossos direitos e nossas vidas est\u00e3o em risco. \u00c9 reconfortante saber que temos a acolhida fraterna dos irm\u00e3os e irm\u00e3s colombianas\u201d disse o secret\u00e1rio de Rela\u00e7\u00f5es Internacionais da Contraf-CUT, Roberto von der Osten na mensagem de agradecimento enviada \u00e0 entidade colombiana.<\/p>\n<p>\u00a0<\/p>\n<p>\u00a0<\/p>\n<\/div>\n<p id=\"page-author\"><strong>Fonte: Contraf-CUT<\/strong><\/p>\n","protected":false},"excerpt":{"rendered":"<p>A Uni\u00f3n Nacional de Empleados Bancarios (Uneb) da Col\u00f4mbia publicou na ter\u00e7a-feira (23) um v\u00eddeo em seu canal no Youtube alertando os brasileiros sobre os riscos de se eleger Jair Bolsonaro (PSL) para a Presid\u00eancia da Rep\u00fablica e orientando o voto em Fernando Haddad. \u201cCol\u00f4mbia Viveu duros anos de viol\u00eancia inimagin\u00e1veis, com a persegui\u00e7\u00e3o e [&hellip;]<\/p>\n","protected":false},"author":2,"featured_media":5466,"comment_status":"","ping_status":"","sticky":false,"template":"","format":"standard","meta":{"footnotes":""},"categories":[3],"tags":[],"class_list":["post-5467","post","type-post","status-publish","format-standard","has-post-thumbnail","hentry","category-noticias"],"_links":{"self":[{"href":"https:\/\/hostnetart.com.br\/baixada\/wp-json\/wp\/v2\/posts\/5467","targetHints":{"allow":["GET"]}}],"collection":[{"href":"https:\/\/hostnetart.com.br\/baixada\/wp-json\/wp\/v2\/posts"}],"about":[{"href":"https:\/\/hostnetart.com.br\/baixada\/wp-json\/wp\/v2\/types\/post"}],"author":[{"embeddable":true,"href":"https:\/\/hostnetart.com.br\/baixada\/wp-json\/wp\/v2\/users\/2"}],"replies":[{"embeddable":true,"href":"https:\/\/hostnetart.com.br\/baixada\/wp-json\/wp\/v2\/comments?post=5467"}],"version-history":[{"count":0,"href":"https:\/\/hostnetart.com.br\/baixada\/wp-json\/wp\/v2\/posts\/5467\/revisions"}],"wp:featuredmedia":[{"embeddable":true,"href":"https:\/\/hostnetart.com.br\/baixada\/wp-json\/wp\/v2\/media\/5466"}],"wp:attachment":[{"href":"https:\/\/hostnetart.com.br\/baixada\/wp-json\/wp\/v2\/media?parent=5467"}],"wp:term":[{"taxonomy":"category","embeddable":true,"href":"https:\/\/hostnetart.com.br\/baixada\/wp-json\/wp\/v2\/categories?post=5467"},{"taxonomy":"post_tag","embeddable":true,"href":"https:\/\/hostnetart.com.br\/baixada\/wp-json\/wp\/v2\/tags?post=5467"}],"curies":[{"name":"wp","href":"https:\/\/api.w.org\/{rel}","templated":true}]}}