{"id":5463,"date":"2018-10-24T11:54:52","date_gmt":"2018-10-24T14:54:52","guid":{"rendered":"https:\/\/hostnetart.com.br\/baixada\/funcef-permanece-em-silencio-sobre-denuncia-de-assedio-e-coacao\/"},"modified":"2018-10-24T11:54:52","modified_gmt":"2018-10-24T14:54:52","slug":"funcef-permanece-em-silencio-sobre-denuncia-de-assedio-e-coacao","status":"publish","type":"post","link":"https:\/\/hostnetart.com.br\/baixada\/funcef-permanece-em-silencio-sobre-denuncia-de-assedio-e-coacao\/","title":{"rendered":"Funcef permanece em sil\u00eancio sobre den\u00fancia de ass\u00e9dio e coa\u00e7\u00e3o"},"content":{"rendered":"<div class=\"content\">\n<p>Na sexta-feira (19), a Fenae enviou of\u00edcio ao presidente do Conselho Deliberativo da Funcef, Joaquim Lima de Oliveira, reiterando a cobran\u00e7a para que sejam devidamente apuradas as graves den\u00fancias divulgadas pela imprensa sobre ass\u00e9dio moral e coa\u00e7\u00e3o em rela\u00e7\u00e3o a um dos diretores da entidade. J\u00e1 se passaram tr\u00eas meses e Funcef n\u00e3o esclareceu as acusa\u00e7\u00f5es.<\/p>\n<p>Ap\u00f3s as den\u00fancias veiculadas pelo jornal Valor Econ\u00f4mico a Fenae encaminhou correspond\u00eancia \u00e0 Funcef pedindo apura\u00e7\u00e3o e solicitou \u00e0 Procuradoria Regional do Trabalho da 10\u00aa Regi\u00e3o a instaura\u00e7\u00e3o de inqu\u00e9rito civil para apura\u00e7\u00e3o do eventual descumprimento do Termo de Compromisso de Ajustamento de Conduta (TAC) j\u00e1 firmado pela Funda\u00e7\u00e3o para casos similares que ocorreram anteriormente.<\/p>\n<p>Como informa a not\u00edcia de 27 de julho, o ass\u00e9dio teria ocorrido com uma funcion\u00e1ria que prestava servi\u00e7os para a Funda\u00e7\u00e3o havia 9 anos, sem nunca ter recebido uma advert\u00eancia, nem qualquer outra anormalidade no dia a dia de trabalho. Ela afirmou que o trabalho transcorreu, nos primeiros cinco anos, numa total normalidade. Ela atuou durante esse per\u00edodo nas fun\u00e7\u00f5es de Assistente T\u00e9cnica, Analista Jr, Pleno e S\u00eanior. Afirma que sua realidade mudou a partir de 2014, logo ap\u00f3s a mudan\u00e7a dos respons\u00e1veis pela \u00e1rea que que trabalhava, em decorr\u00eancia do processo eleitoral que culminou com a posse dos integrantes da chapa Controle e Resultado.<\/p>\n<p>Em nota divulgada em rede social, o diretor acusado alega que o processo est\u00e1 sob segredo de justi\u00e7a, por isso n\u00e3o pode se explicar publicamente. O que n\u00e3o fica claro \u00e9 o porqu\u00ea e quem teria solicitado o sigilo, j\u00e1 que a ex-funcion\u00e1ria n\u00e3o o fez.<\/p>\n<p>\u00a0<\/p>\n<\/div>\n<p id=\"page-author\"><strong>Fonte: Fenae<\/strong><\/p>\n","protected":false},"excerpt":{"rendered":"<p>Na sexta-feira (19), a Fenae enviou of\u00edcio ao presidente do Conselho Deliberativo da Funcef, Joaquim Lima de Oliveira, reiterando a cobran\u00e7a para que sejam devidamente apuradas as graves den\u00fancias divulgadas pela imprensa sobre ass\u00e9dio moral e coa\u00e7\u00e3o em rela\u00e7\u00e3o a um dos diretores da entidade. J\u00e1 se passaram tr\u00eas meses e Funcef n\u00e3o esclareceu as [&hellip;]<\/p>\n","protected":false},"author":2,"featured_media":5462,"comment_status":"","ping_status":"","sticky":false,"template":"","format":"standard","meta":{"footnotes":""},"categories":[3],"tags":[],"class_list":["post-5463","post","type-post","status-publish","format-standard","has-post-thumbnail","hentry","category-noticias"],"_links":{"self":[{"href":"https:\/\/hostnetart.com.br\/baixada\/wp-json\/wp\/v2\/posts\/5463","targetHints":{"allow":["GET"]}}],"collection":[{"href":"https:\/\/hostnetart.com.br\/baixada\/wp-json\/wp\/v2\/posts"}],"about":[{"href":"https:\/\/hostnetart.com.br\/baixada\/wp-json\/wp\/v2\/types\/post"}],"author":[{"embeddable":true,"href":"https:\/\/hostnetart.com.br\/baixada\/wp-json\/wp\/v2\/users\/2"}],"replies":[{"embeddable":true,"href":"https:\/\/hostnetart.com.br\/baixada\/wp-json\/wp\/v2\/comments?post=5463"}],"version-history":[{"count":0,"href":"https:\/\/hostnetart.com.br\/baixada\/wp-json\/wp\/v2\/posts\/5463\/revisions"}],"wp:featuredmedia":[{"embeddable":true,"href":"https:\/\/hostnetart.com.br\/baixada\/wp-json\/wp\/v2\/media\/5462"}],"wp:attachment":[{"href":"https:\/\/hostnetart.com.br\/baixada\/wp-json\/wp\/v2\/media?parent=5463"}],"wp:term":[{"taxonomy":"category","embeddable":true,"href":"https:\/\/hostnetart.com.br\/baixada\/wp-json\/wp\/v2\/categories?post=5463"},{"taxonomy":"post_tag","embeddable":true,"href":"https:\/\/hostnetart.com.br\/baixada\/wp-json\/wp\/v2\/tags?post=5463"}],"curies":[{"name":"wp","href":"https:\/\/api.w.org\/{rel}","templated":true}]}}