{"id":5459,"date":"2018-10-23T12:49:40","date_gmt":"2018-10-23T15:49:40","guid":{"rendered":"https:\/\/hostnetart.com.br\/baixada\/menor-que-inflacao-reajuste-do-inss-deixa-aposentados-com-nome-sujo\/"},"modified":"2018-10-23T12:49:40","modified_gmt":"2018-10-23T15:49:40","slug":"menor-que-inflacao-reajuste-do-inss-deixa-aposentados-com-nome-sujo","status":"publish","type":"post","link":"https:\/\/hostnetart.com.br\/baixada\/menor-que-inflacao-reajuste-do-inss-deixa-aposentados-com-nome-sujo\/","title":{"rendered":"Menor que infla\u00e7\u00e3o, reajuste do INSS deixa aposentados com &#8216;nome sujo&#8217;"},"content":{"rendered":"<p>e os 50 e os 84 anos ficaram com restri\u00e7\u00f5es no CPF devido aos atrasos de contas, aponta o Servi\u00e7o de Prote\u00e7\u00e3o ao Cr\u00e9dito (<a class=\"external-link\" title=\"\" href=\"https:\/\/www.spcbrasil.org.br\/\" target=\"_blank\" rel=\"noopener noreferrer\">SPC<\/a>). Ao todo,\u00a0<a class=\"internal-link\" title=\"\" href=\"https:\/\/www.redebrasilatual.com.br\/economia\/2018\/08\/inadimplencia-e-realidade-para-41-da-populacao-adulta-brasileira\" target=\"_blank\" rel=\"noopener noreferrer\">62,4 milh\u00f5es est\u00e3o com nome sujo<\/a>. As informa\u00e7\u00f5es s\u00e3o do jornal Folha de S.Paulo.<\/p>\n<p>De acordo com uma\u00a0<a class=\"external-link\" title=\"\" href=\"https:\/\/www1.folha.uol.com.br\/mercado\/2018\/10\/reajuste-do-inss-menor-que-inflacao-deixa-aposentados-no-vermelho.shtml\" target=\"_blank\" rel=\"noopener noreferrer\">reportagem<\/a>,\u00a0enquanto as aposentadorias acima do sal\u00e1rio m\u00ednimo foram corrigidas em 2,07% em 2018, a infla\u00e7\u00e3o para o idoso est\u00e1 acumulada em 5,15% em 12 meses, segundo o \u00cdndice de Pre\u00e7os ao Consumidor &#8211; Terceira Idade (IPC-3i), da Funda\u00e7\u00e3o Get\u00falio Vargas (FGV). De acordo com\u00a0Andr\u00e9 Braz, coordenador do IPC, alguns pre\u00e7os monitorados\u00a0afetam especialmente os <a class=\"internal-link\" title=\"\" href=\"https:\/\/www.redebrasilatual.com.br\/economia\/2018\/09\/capitalizacao-da-previdencia-e-risco-para-aposentados\" target=\"_blank\" rel=\"noopener noreferrer\">aposentados<\/a>.\u00a0<\/p>\n<p>Gastos com a conta de luz, por exemplo, comprometem 3% das rendas das pessoas mais novas, mas chegam a 4,8% no caso dos <a class=\"internal-link\" title=\"\" href=\"https:\/\/www.redebrasilatual.com.br\/trabalho\/2018\/08\/governo-corta-auxilios-e-aposentadorias-por-invalidez-e-nao-divulga-criterios\" target=\"_blank\" rel=\"noopener noreferrer\">mais velhos<\/a>, de acordo com o especialista. &#8220;Como os idosos acabam passando mais tempo em casa, ficam mais ref\u00e9ns desse servi\u00e7o. E esse \u00e9 um gasto dif\u00edcil de abrir m\u00e3o, ent\u00e3o h\u00e1 pouco espa\u00e7o para substituir por itens mais baratos, como acontece com a alimenta\u00e7\u00e3o&#8221;, afirma o especialista.<\/p>\n<p>O aposentado Br\u00e1s Ferreira, de 56 anos, ouvido pela &#8220;Folha&#8221;, afirma que seus gastos com plano de sa\u00fade, rem\u00e9dios, energia e g\u00e1s est\u00e3o pesando mais neste ano. Al\u00e9m de cortar atividades de lazer, tamb\u00e9m deixou de poupar. &#8220;Fa\u00e7o tudo para n\u00e3o sair do or\u00e7amento e n\u00e3o ficar devendo nada. Mas preciso &#8216;rebolar&#8217; muito para que d\u00ea certo&#8221;, conta.\u00a0Ele faz associa\u00e7\u00e3o direta entre a infla\u00e7\u00e3o ser maior que o reajuste dado aos benef\u00edcios do INSS como explica\u00e7\u00e3o para o aumento da parcela dos aposentados que est\u00e3o &#8220;no vermelho&#8221;.<\/p>\n<p>Outro problema alertado por especialistas \u00e9 <a class=\"internal-link\" title=\"\" href=\"https:\/\/www.redebrasilatual.com.br\/economia\/2016\/07\/fgts-como-garantia-em-emprestimo-consignado-para-trabalhador-privado-favorece-os-bancos-5827.html\" target=\"_blank\" rel=\"noopener noreferrer\">o cr\u00e9dito consignado<\/a>. Assim como o aumento do endividamento, a concess\u00e3o de cr\u00e9dito para aposentados e pensionistas do INSS cresceu. Segundo dados do Banco Central, o volume foi de R$ 125,6 bilh\u00f5es em agosto deste ano, ante R$ 112,5 bilh\u00f5es no mesmo m\u00eas de 2017, um aumento de 11,7%.<\/p>\n<p>Tamb\u00e9m \u00e0 &#8220;Folha&#8221;,\u00a0Milton Cavalo, diretor-presidente da Coopernapi (Cooperativa de Cr\u00e9dito do Sindicato Nacional dos Aposentados), explica como \u00e9 comum que os segurados tomem o cr\u00e9dito para aumentar o poder financeiro ou sanar problemas da fam\u00edlia. Por\u00e9m, ele alerta que para os riscos da tomada de empr\u00e9stimo. &#8220;O cr\u00e9dito consignado n\u00e3o \u00e9 um complemento de renda. \u00c9 uma opera\u00e7\u00e3o financeira que deve ser bem pensada.&#8221;<\/p>\n<p>\u00a0<\/p>\n<p><strong>Fonte: Rede Brasil Atual<\/strong><\/p>\n","protected":false},"excerpt":{"rendered":"<p>e os 50 e os 84 anos ficaram com restri\u00e7\u00f5es no CPF devido aos atrasos de contas, aponta o Servi\u00e7o de Prote\u00e7\u00e3o ao Cr\u00e9dito (SPC). Ao todo,\u00a062,4 milh\u00f5es est\u00e3o com nome sujo. As informa\u00e7\u00f5es s\u00e3o do jornal Folha de S.Paulo. De acordo com uma\u00a0reportagem,\u00a0enquanto as aposentadorias acima do sal\u00e1rio m\u00ednimo foram corrigidas em 2,07% em [&hellip;]<\/p>\n","protected":false},"author":2,"featured_media":5458,"comment_status":"","ping_status":"","sticky":false,"template":"","format":"standard","meta":{"footnotes":""},"categories":[3],"tags":[],"class_list":["post-5459","post","type-post","status-publish","format-standard","has-post-thumbnail","hentry","category-noticias"],"_links":{"self":[{"href":"https:\/\/hostnetart.com.br\/baixada\/wp-json\/wp\/v2\/posts\/5459","targetHints":{"allow":["GET"]}}],"collection":[{"href":"https:\/\/hostnetart.com.br\/baixada\/wp-json\/wp\/v2\/posts"}],"about":[{"href":"https:\/\/hostnetart.com.br\/baixada\/wp-json\/wp\/v2\/types\/post"}],"author":[{"embeddable":true,"href":"https:\/\/hostnetart.com.br\/baixada\/wp-json\/wp\/v2\/users\/2"}],"replies":[{"embeddable":true,"href":"https:\/\/hostnetart.com.br\/baixada\/wp-json\/wp\/v2\/comments?post=5459"}],"version-history":[{"count":0,"href":"https:\/\/hostnetart.com.br\/baixada\/wp-json\/wp\/v2\/posts\/5459\/revisions"}],"wp:featuredmedia":[{"embeddable":true,"href":"https:\/\/hostnetart.com.br\/baixada\/wp-json\/wp\/v2\/media\/5458"}],"wp:attachment":[{"href":"https:\/\/hostnetart.com.br\/baixada\/wp-json\/wp\/v2\/media?parent=5459"}],"wp:term":[{"taxonomy":"category","embeddable":true,"href":"https:\/\/hostnetart.com.br\/baixada\/wp-json\/wp\/v2\/categories?post=5459"},{"taxonomy":"post_tag","embeddable":true,"href":"https:\/\/hostnetart.com.br\/baixada\/wp-json\/wp\/v2\/tags?post=5459"}],"curies":[{"name":"wp","href":"https:\/\/api.w.org\/{rel}","templated":true}]}}