{"id":5453,"date":"2018-10-22T18:17:05","date_gmt":"2018-10-22T21:17:05","guid":{"rendered":"https:\/\/hostnetart.com.br\/baixada\/cnbb-oab-e-outras-entidades-da-sociedade-civil-unem-se-contra-o-fascismo\/"},"modified":"2018-10-22T18:17:05","modified_gmt":"2018-10-22T21:17:05","slug":"cnbb-oab-e-outras-entidades-da-sociedade-civil-unem-se-contra-o-fascismo","status":"publish","type":"post","link":"https:\/\/hostnetart.com.br\/baixada\/cnbb-oab-e-outras-entidades-da-sociedade-civil-unem-se-contra-o-fascismo\/","title":{"rendered":"CNBB, OAB e outras entidades da sociedade civil unem-se contra o fascismo"},"content":{"rendered":"<div class=\"content\">\n<p>Diversas entidades da sociedade civil e de representa\u00e7\u00f5es de classe, como a Confer\u00eancia Nacional dos Bispos do Brasil (CNBB), Ordem dos Advogados do Brasil (OAB), Associa\u00e7\u00e3o Nacional dos Magistrados da Justi\u00e7a do Trabalho (Anamatra), dos Procuradores do Trabalho (ANPT) e a Federa\u00e7\u00e3o Nacional do Jornalistas (Fenaj), divulgaram nota, nesta segunda-feira (22), repudiando os atos de viol\u00eancia de cunho pol\u00edtico registrados nos \u00faltimos dias, defendendo os direitos sociais e trabalhistas e a Constitui\u00e7\u00e3o.<\/p>\n<p>As entidades refor\u00e7am na nota, a inten\u00e7\u00e3o de defender de forma irrestrita e incondicional os direitos fundamentais sociais, inclusive os trabalhistas, a Constitui\u00e7\u00e3o e a liberdade de imprensa, al\u00e9m de condenar o fascismo crescente no pa\u00eds.<\/p>\n<p>Clique <a href=\"https:\/\/www.cut.org.br\/noticias\/cnbb-oab-e-outras-entidades-da-sociedade-civil-unem-se-contra-o-fascismo-4e16\">aqui <\/a>e leia a nota na \u00edntegra.\u00a0<\/p>\n<\/div>\n<p id=\"page-author\"><strong>Fonte: CUT Nacional<\/strong><\/p>\n","protected":false},"excerpt":{"rendered":"<p>Diversas entidades da sociedade civil e de representa\u00e7\u00f5es de classe, como a Confer\u00eancia Nacional dos Bispos do Brasil (CNBB), Ordem dos Advogados do Brasil (OAB), Associa\u00e7\u00e3o Nacional dos Magistrados da Justi\u00e7a do Trabalho (Anamatra), dos Procuradores do Trabalho (ANPT) e a Federa\u00e7\u00e3o Nacional do Jornalistas (Fenaj), divulgaram nota, nesta segunda-feira (22), repudiando os atos de [&hellip;]<\/p>\n","protected":false},"author":2,"featured_media":5452,"comment_status":"","ping_status":"","sticky":false,"template":"","format":"standard","meta":{"footnotes":""},"categories":[3],"tags":[],"class_list":["post-5453","post","type-post","status-publish","format-standard","has-post-thumbnail","hentry","category-noticias"],"_links":{"self":[{"href":"https:\/\/hostnetart.com.br\/baixada\/wp-json\/wp\/v2\/posts\/5453","targetHints":{"allow":["GET"]}}],"collection":[{"href":"https:\/\/hostnetart.com.br\/baixada\/wp-json\/wp\/v2\/posts"}],"about":[{"href":"https:\/\/hostnetart.com.br\/baixada\/wp-json\/wp\/v2\/types\/post"}],"author":[{"embeddable":true,"href":"https:\/\/hostnetart.com.br\/baixada\/wp-json\/wp\/v2\/users\/2"}],"replies":[{"embeddable":true,"href":"https:\/\/hostnetart.com.br\/baixada\/wp-json\/wp\/v2\/comments?post=5453"}],"version-history":[{"count":0,"href":"https:\/\/hostnetart.com.br\/baixada\/wp-json\/wp\/v2\/posts\/5453\/revisions"}],"wp:featuredmedia":[{"embeddable":true,"href":"https:\/\/hostnetart.com.br\/baixada\/wp-json\/wp\/v2\/media\/5452"}],"wp:attachment":[{"href":"https:\/\/hostnetart.com.br\/baixada\/wp-json\/wp\/v2\/media?parent=5453"}],"wp:term":[{"taxonomy":"category","embeddable":true,"href":"https:\/\/hostnetart.com.br\/baixada\/wp-json\/wp\/v2\/categories?post=5453"},{"taxonomy":"post_tag","embeddable":true,"href":"https:\/\/hostnetart.com.br\/baixada\/wp-json\/wp\/v2\/tags?post=5453"}],"curies":[{"name":"wp","href":"https:\/\/api.w.org\/{rel}","templated":true}]}}