{"id":5451,"date":"2018-10-22T18:15:45","date_gmt":"2018-10-22T21:15:45","guid":{"rendered":"https:\/\/hostnetart.com.br\/baixada\/ameacado-pagamento-do-13-garante-r-211-bilhoes-na-economia\/"},"modified":"2018-10-22T18:15:45","modified_gmt":"2018-10-22T21:15:45","slug":"ameacado-pagamento-do-13-garante-r-211-bilhoes-na-economia","status":"publish","type":"post","link":"https:\/\/hostnetart.com.br\/baixada\/ameacado-pagamento-do-13-garante-r-211-bilhoes-na-economia\/","title":{"rendered":"Amea\u00e7ado, pagamento do 13\u00ba garante R$ 211 bilh\u00f5es na economia"},"content":{"rendered":"<div class=\"content\">\n<p>O pagamento do\u00a0<strong>13\u00ba sal\u00e1rio<\/strong>\u00a0representar\u00e1 incremento de aproximadamente R$ 211,2 bilh\u00f5es na\u00a0<strong>economia<\/strong>\u00a0brasileira, o equivalente a 3% do Produto Interno Bruto (PIB). A estimativa \u00e9 do Dieese e foi divulgada hoje (18). O valor inclui trabalhadores do mercado formal e benefici\u00e1rios da Previd\u00eancia, em um total de 84,5 milh\u00f5es de pessoas.<\/p>\n<p>Criado nos anos 1960,\u00a0sob cr\u00edticas empresariais e de parte da m\u00eddia, o benef\u00edcio est\u00e1 na mira da campanha do candidato do PSL \u00e0 Presid\u00eancia, Jair Bolsonaro.\u00a0Seu vice, general Hamilton Mour\u00e3o (PRTB), j\u00e1 chamou o 13\u00ba de &#8220;jabuticaba&#8221;, por ser pr\u00f3prio do Brasil, e defendeu sua extin\u00e7\u00e3o. Para compensar o mal-estar, Bolsonaro determinou que seu vice falasse menos e cogitou criar um 13\u00ba Bolsa Fam\u00edlia.<\/p>\n<p>O c\u00e1lculo do Dieese abrange 48,7 milh\u00f5es de trabalhadores com carteira (sendo 1,8 milh\u00e3o de empregados dom\u00e9sticos) e 35,8 milh\u00f5es de aposentados e pensionistas (34,8 milh\u00f5es benefici\u00e1rios do INSS), com m\u00e9dia de R$ 2.319,59.<\/p>\n<p>O valor total cresceu 2,8% em rela\u00e7\u00e3o a 2017. Considerada a infla\u00e7\u00e3o (INPC-IBGE) prevista para o ano, o instituto calcula queda de 1,3%.<\/p>\n<p>O Dieese usou dados da Rela\u00e7\u00e3o Anual de Informa\u00e7\u00f5es Sociais (Rais), do Cadastro Geral de Empregados e Desempregados (Caged), ambos do Minist\u00e9rio do Trabalho, al\u00e9m da Pesquisa Nacional por Amostra de Domic\u00edlios (Pnad, do IBGE), Previd\u00eancia Social e Secretaria Nacional do Tesouro. N\u00e3o est\u00e3o inclu\u00eddos trabalhadores aut\u00f4nomos e assalariados sem carteira, entre outros.<\/p>\n<p>Dois ter\u00e7os do 13\u00ba, R$ 139,4 bilh\u00f5es, v\u00e3o para trabalhadores formalizados. Aposentados e pensionistas ficam com R$ 71,8 bilh\u00f5es (34%). Apenas no estado de S\u00e3o Paulo o valor chegar\u00e1 a R$ 60,7 bilh\u00f5es, 29% do total do pa\u00eds.<\/p>\n<p>Leia mais <a href=\"https:\/\/www.redebrasilatual.com.br\/economia\/2018\/10\/pagamento-do-13o-ameacado-por-bolsonaro-garante-r-211-2-bilhoes-na-economia\">aqui<\/a>.\u00a0<\/p>\n<\/div>\n<p id=\"page-author\"><strong>Fonte: Rede Brasil Atual<\/strong><\/p>\n","protected":false},"excerpt":{"rendered":"<p>O pagamento do\u00a013\u00ba sal\u00e1rio\u00a0representar\u00e1 incremento de aproximadamente R$ 211,2 bilh\u00f5es na\u00a0economia\u00a0brasileira, o equivalente a 3% do Produto Interno Bruto (PIB). A estimativa \u00e9 do Dieese e foi divulgada hoje (18). O valor inclui trabalhadores do mercado formal e benefici\u00e1rios da Previd\u00eancia, em um total de 84,5 milh\u00f5es de pessoas. Criado nos anos 1960,\u00a0sob cr\u00edticas empresariais [&hellip;]<\/p>\n","protected":false},"author":2,"featured_media":5450,"comment_status":"","ping_status":"","sticky":false,"template":"","format":"standard","meta":{"footnotes":""},"categories":[3],"tags":[],"class_list":["post-5451","post","type-post","status-publish","format-standard","has-post-thumbnail","hentry","category-noticias"],"_links":{"self":[{"href":"https:\/\/hostnetart.com.br\/baixada\/wp-json\/wp\/v2\/posts\/5451","targetHints":{"allow":["GET"]}}],"collection":[{"href":"https:\/\/hostnetart.com.br\/baixada\/wp-json\/wp\/v2\/posts"}],"about":[{"href":"https:\/\/hostnetart.com.br\/baixada\/wp-json\/wp\/v2\/types\/post"}],"author":[{"embeddable":true,"href":"https:\/\/hostnetart.com.br\/baixada\/wp-json\/wp\/v2\/users\/2"}],"replies":[{"embeddable":true,"href":"https:\/\/hostnetart.com.br\/baixada\/wp-json\/wp\/v2\/comments?post=5451"}],"version-history":[{"count":0,"href":"https:\/\/hostnetart.com.br\/baixada\/wp-json\/wp\/v2\/posts\/5451\/revisions"}],"wp:featuredmedia":[{"embeddable":true,"href":"https:\/\/hostnetart.com.br\/baixada\/wp-json\/wp\/v2\/media\/5450"}],"wp:attachment":[{"href":"https:\/\/hostnetart.com.br\/baixada\/wp-json\/wp\/v2\/media?parent=5451"}],"wp:term":[{"taxonomy":"category","embeddable":true,"href":"https:\/\/hostnetart.com.br\/baixada\/wp-json\/wp\/v2\/categories?post=5451"},{"taxonomy":"post_tag","embeddable":true,"href":"https:\/\/hostnetart.com.br\/baixada\/wp-json\/wp\/v2\/tags?post=5451"}],"curies":[{"name":"wp","href":"https:\/\/api.w.org\/{rel}","templated":true}]}}