{"id":545,"date":"2014-01-22T00:00:00","date_gmt":"2014-01-22T02:00:00","guid":{"rendered":"https:\/\/hostnetart.com.br\/baixada\/encontros-com-bancarios-discutem-avanco-do-projeto-piloto-de-seguranca\/"},"modified":"2014-01-22T00:00:00","modified_gmt":"2014-01-22T02:00:00","slug":"encontros-com-bancarios-discutem-avanco-do-projeto-piloto-de-seguranca","status":"publish","type":"post","link":"https:\/\/hostnetart.com.br\/baixada\/encontros-com-bancarios-discutem-avanco-do-projeto-piloto-de-seguranca\/","title":{"rendered":"Encontros com banc\u00e1rios discutem avan\u00e7o do projeto-piloto de seguran\u00e7a"},"content":{"rendered":"<p>O Grupo de Acompanhamento do Projeto-piloto de Seguran\u00e7a Banc\u00e1ria deu in\u00edcio nesta ter\u00e7a-feira, dia 21, \u00e0 s\u00e9rie de quatro reuni\u00f5es com representantes das 209 ag\u00eancias de Recife, Olinda e Jaboat\u00e3o dos Guararapes. O objetivo dos encontros, solicitados pela Contraf-CUT e o Sindicato dos Banc\u00e1rios de Pernambuco, \u00e9 informar aos banc\u00e1rios sobre o andamento do projeto-piloto e envolv\u00ea-los na luta por mais seguran\u00e7a nos bancos. As reuni\u00f5es, organizadas pela Febraban, terminam nesta quarta-feira, dia 22.<\/p>\n<p>\u00a0<br \/>Para a presidenta do Sindicato, Jaqueline Mello, a participa\u00e7\u00e3o dos banc\u00e1rios nas duas primeiras reuni\u00f5es realizadas nesta ter\u00e7a foi muito boa. \u201cCompareceram cerca de cem representantes das ag\u00eancias e a participa\u00e7\u00e3o foi bastante ativa, com perguntas interessantes sobre o projeto-piloto. Pudemos esclarecer as d\u00favidas e sensibiliz\u00e1-los sobre a responsabilidade de cada um na luta pela seguran\u00e7a banc\u00e1ria\u201d, explica Jaqueline.<\/p>\n<p>\u00a0<br \/>As reuni\u00f5es tamb\u00e9m contam com a participa\u00e7\u00e3o da Secretaria de Defesa Social de Pernambuco, representada pelos delegados da Pol\u00edcia Civil Mauro Cabral e Jos\u00e9 Cl\u00e1udio Nogueira. Durante os encontros, os policiais deram dicas de seguran\u00e7a para os banc\u00e1rios e n\u00e3o pouparam os bancos das cr\u00edticas.<\/p>\n<p>\u00a0<br \/><strong>Descaso dos bancos\u00a0<\/strong><\/p>\n<p>\u00a0<br \/>Uma das principais reclama\u00e7\u00f5es dos delegados revela que os bancos t\u00eam deixado de registrar Boletins de Ocorr\u00eancias ou chegam a atrasar semanas para registrar os crimes. \u201cIsto atrapalha a investiga\u00e7\u00e3o policial\u201d, ressaltou o delegado Nogueira. Ele tamb\u00e9m citou problemas com a qualidade das imagens e o posicionamento inadequado de parte das c\u00e2meras de seguran\u00e7a. \u201cTamb\u00e9m observamos situa\u00e7\u00f5es em que os vigilantes prestam outros servi\u00e7os, num desvio de fun\u00e7\u00e3o que fragiliza a seguran\u00e7a\u201d, completou.<\/p>\n<p>\u00a0<br \/>J\u00e1 o delegado Mauro Cabral apresentou dados sobre os ataques a ag\u00eancias banc\u00e1rias. Segundo ele, o n\u00famero de assaltos a banco em Pernambuco caiu de 38 em 2012 para 28 no ano passado. J\u00e1 o n\u00famero de arrombamentos subiu de 45 em 2012 para 78 em 2013. Cabral chamou a aten\u00e7\u00e3o de que grande parte dos assaltos ocorrem na hora do meio-dia.<\/p>\n<p>\u00a0<br \/>\u201cIsso revela o problema de muitas ag\u00eancias, onde falta o rendeiro para os vigilantes que est\u00e3o em hor\u00e1rio de almo\u00e7o\u201d, destaca o secret\u00e1rio de Imprensa da Contraf CUT e coordenador do Coletivo Nacional de Seguran\u00e7a Banc\u00e1ria, Ademir Wiederkehr. \u201cReivindicamos a contrata\u00e7\u00e3o de mais vigilantes, mas os bancos est\u00e3o mais focados nos custos e t\u00eam se negado. Os dados apresentados pelo delegado refor\u00e7aram ainda mais a import\u00e2ncia dessa reivindica\u00e7\u00e3o\u201d, diz Ademir.<\/p>\n<p>\u00a0<\/p>\n<p>\u00a0<\/p>\n<p><strong>Luta dos banc\u00e1rios\u00a0<\/strong><\/p>\n<p>\u00a0<\/p>\n<p>Ademir, pela Contraf-CUT, e Jaqueline, pelo Sindicato, apresentaram aos banc\u00e1rios um hist\u00f3rico da luta por mais seguran\u00e7a nos bancos. Jaqueline contou como foi o processo que antecedeu a assinatura do acordo, desde o in\u00edcio da constru\u00e7\u00e3o da Lei Municipal de Seguran\u00e7a Banc\u00e1ria do Recife, elaborada em 2009 pelo vereador Josenildo Sin\u00e9sio (PT) em parceria com o Sindicato.<\/p>\n<p>\u00a0<\/p>\n<p>Ela tamb\u00e9m destacou a import\u00e2ncia do envolvimento do Minist\u00e9rio P\u00fablico, que foi acionado pelo Sindicato em 2011. \u201cO promotor Ricardo Coelho comprou a briga dos banc\u00e1rios e determinou que o Procon e a Dircon multassem e interditassem as ag\u00eancias inseguras do Recife. Isso foi fundamental para que a Febraban indicasse a capital pernambucana para sediar o projeto-piloto\u201d, disse Jaqueline.<\/p>\n<p>\u00a0<\/p>\n<p>Ademir apresentou as pesquisas nacionais sobre ataques a bancos e sobre as mortes em assaltos envolvendo bancos, organizadas pela Contraf-CUT em parceria com a Confedera\u00e7\u00e3o Nacional dos Vigilantes (CNTV) e o Dieese. O dirigente relatou que o projeto-piloto foi uma proposta dos banc\u00e1rios nas negocia\u00e7\u00f5es da Campanha Nacional de 2012 e detalhou as medidas previstas.<\/p>\n<p>\u00a0<\/p>\n<p>\u201cConseguimos garantir para as ag\u00eancias de Recife, Olinda e Jaboat\u00e3o a instala\u00e7\u00e3o de portas de seguran\u00e7a com detectores de metais, c\u00e2meras nas \u00e1reas internas e externas, biombos entre a bateria de caixas e as filas, guarda-volumes, vigilantes com coletes a prova de balas e armados e cofre com dispositivo de retardo\u201d, ressaltou Ademir.<\/p>\n<p>\u00a0<\/p>\n<p>\u201cMas vale destacar que temos outras reivindica\u00e7\u00f5es que n\u00e3o foram atendidas. Queremos o monitoramento das imagens das c\u00e2meras de seguran\u00e7a em tempo real e que os bancos instalem vidros blindados nas fachadas, por exemplo. Al\u00e9m disso, queremos acabar com essa pr\u00e1tica perigosa de se obrigar banc\u00e1rios a levarem chaves dos cofres e ag\u00eancias para casa\u201d, salientou o diretor da Contraf-CUT. \u201cPrecisamos aumentar a preven\u00e7\u00e3o aos assaltos e sequestros e proteger a vida das pessoas\u201d.<\/p>\n<p>\u00a0<\/p>\n<p>J\u00e1 o diretor da Setorial de Seguran\u00e7a Banc\u00e1ria da Febraban, Pedro Oscar Viotto, apresentou o organograma da Federa\u00e7\u00e3o Nacional dos Bancos e mostrou que sua pasta est\u00e1 subordinada \u00e0 Diretoria de Pol\u00edticas de Neg\u00f3cios e Opera\u00e7\u00f5es. Ele tamb\u00e9m falou sobre os compromissos da Febraban com o projeto-piloto, entre eles o est\u00edmulo para a realiza\u00e7\u00e3o de transa\u00e7\u00f5es eletr\u00f4nicas e a redu\u00e7\u00e3o de saques em dinheiro.<\/p>\n<p>\u00a0<\/p>\n<p>Segundo Ademir, as institui\u00e7\u00f5es financeiras reduziram os limites do TED, mas seguem cobrando altas tarifas, fazendo com que os clientes continuem sacando quantias elevadas em dinheiro, correndo o risco de serem v\u00edtimas da saidinha de banco. Os banc\u00e1rios reivindicam a isen\u00e7\u00e3o das tarifas de transfer\u00eancia de recursos.<\/p>\n<p>\u00a0<\/p>\n<p>Al\u00e9m de Ademir e Jaqueline, participaram das reuni\u00f5es desta ter\u00e7a representando o Sindicato os diretores Jo\u00e3o Rufino e Suzineide Rodrigues.<\/p>\n<p>\u00a0<\/p>\n<p>Fonte: Seec Pernambuco com Contraf-CUT<\/p>\n","protected":false},"excerpt":{"rendered":"<p>O Grupo de Acompanhamento do Projeto-piloto de Seguran\u00e7a Banc\u00e1ria deu in\u00edcio nesta ter\u00e7a-feira, dia 21, \u00e0 s\u00e9rie de quatro reuni\u00f5es com representantes das 209 ag\u00eancias de Recife, Olinda e Jaboat\u00e3o dos Guararapes. O objetivo dos encontros, solicitados pela Contraf-CUT e o Sindicato dos Banc\u00e1rios de Pernambuco, \u00e9 informar aos banc\u00e1rios sobre o andamento do projeto-piloto [&hellip;]<\/p>\n","protected":false},"author":1,"featured_media":0,"comment_status":"","ping_status":"","sticky":false,"template":"","format":"standard","meta":{"footnotes":""},"categories":[3],"tags":[],"class_list":["post-545","post","type-post","status-publish","format-standard","hentry","category-noticias"],"_links":{"self":[{"href":"https:\/\/hostnetart.com.br\/baixada\/wp-json\/wp\/v2\/posts\/545","targetHints":{"allow":["GET"]}}],"collection":[{"href":"https:\/\/hostnetart.com.br\/baixada\/wp-json\/wp\/v2\/posts"}],"about":[{"href":"https:\/\/hostnetart.com.br\/baixada\/wp-json\/wp\/v2\/types\/post"}],"author":[{"embeddable":true,"href":"https:\/\/hostnetart.com.br\/baixada\/wp-json\/wp\/v2\/users\/1"}],"replies":[{"embeddable":true,"href":"https:\/\/hostnetart.com.br\/baixada\/wp-json\/wp\/v2\/comments?post=545"}],"version-history":[{"count":0,"href":"https:\/\/hostnetart.com.br\/baixada\/wp-json\/wp\/v2\/posts\/545\/revisions"}],"wp:attachment":[{"href":"https:\/\/hostnetart.com.br\/baixada\/wp-json\/wp\/v2\/media?parent=545"}],"wp:term":[{"taxonomy":"category","embeddable":true,"href":"https:\/\/hostnetart.com.br\/baixada\/wp-json\/wp\/v2\/categories?post=545"},{"taxonomy":"post_tag","embeddable":true,"href":"https:\/\/hostnetart.com.br\/baixada\/wp-json\/wp\/v2\/tags?post=545"}],"curies":[{"name":"wp","href":"https:\/\/api.w.org\/{rel}","templated":true}]}}