{"id":5447,"date":"2018-10-19T16:24:27","date_gmt":"2018-10-19T19:24:27","guid":{"rendered":"https:\/\/hostnetart.com.br\/baixada\/contraf-cut-sedia-reuniao-do-conselho-de-enlace-brasil-da-uni-global\/"},"modified":"2018-10-19T16:24:27","modified_gmt":"2018-10-19T19:24:27","slug":"contraf-cut-sedia-reuniao-do-conselho-de-enlace-brasil-da-uni-global","status":"publish","type":"post","link":"https:\/\/hostnetart.com.br\/baixada\/contraf-cut-sedia-reuniao-do-conselho-de-enlace-brasil-da-uni-global\/","title":{"rendered":"Contraf-CUT sedia reuni\u00e3o do Conselho de Enlace Brasil da UNI Global"},"content":{"rendered":"<div class=\"content\">\n<p>O Conselho de Enlace Brasil, da UNI Am\u00e9ricas, que integra a UNI Global Union, entidade que re\u00fane mais de 20 milh\u00f5es de trabalhadores do setor de servi\u00e7os de todo o mundo, realizou na quinta-feira (18), na sede da Confedera\u00e7\u00e3o Nacional dos Trabalhadores do Ramo Financeiro (Contraf-CUT), sua 89\u00aa reuni\u00e3o.<\/p>\n<p>\u201cFizemos uma an\u00e1lise de conjuntura e das elei\u00e7\u00f5es no Brasil. \u00c9 vis\u00edvel que vivemos um per\u00edodo de recrudescimento de \u00f3dios e viol\u00eancias. Sugerimos \u00e0 UNI Global Union Am\u00e9ricas que produza um documento de den\u00fancia e alerta para uma poss\u00edvel situa\u00e7\u00e3o de ruptura da liberdade e da democracia, dos direitos humanos e da ideia do trabalho decente no Brasil\u201d, disse o secret\u00e1rio de Rela\u00e7\u00f5es Internacionais da Contraf-CUT, Roberto von der Osten.<\/p>\n<p>Na avalia\u00e7\u00e3o dos participantes, o ambiente de inseguran\u00e7a estabelecido no Brasil permitiu ao governo Temer editar o\u00a0<ins><strong><a href=\"http:\/\/www.planalto.gov.br\/ccivil_03\/_ato2015-2018\/2018\/decreto\/D9527.htm\" target=\"_blank\" rel=\"noopener noreferrer\">Decreto n\u00ba 9.527<\/a><\/strong><\/ins>, de 15 de outubro de 2018, que cria uma for\u00e7a-tarefa de intelig\u00eancia para o enfrentamento ao crime organizado no Brasil, com compet\u00eancias para analisar e compartilhar dados e produzir relat\u00f3rios de intelig\u00eancia com vistas a subsidiar a elabora\u00e7\u00e3o de pol\u00edticas p\u00fablicas e a a\u00e7\u00e3o governamental no enfrentamento a organiza\u00e7\u00f5es criminosas que \u201cafrontam o estado brasileiro e as suas institui\u00e7\u00f5es\u201d.<\/p>\n<p>\u201cTrata-se de uma medida que tem apar\u00eancia de necess\u00e1ria, mas, na verdade, pode vir a ser uma amea\u00e7a para a liberdade de express\u00e3o e atua\u00e7\u00e3o dos movimentos sociais e sindical. Ainda mais se considerarmos as declara\u00e7\u00f5es do candidato militar que est\u00e1 na dianteira das pesquisas de inten\u00e7\u00e3o de votos para a Presid\u00eancia da Rep\u00fablica\u201d, observou von der Osten.<\/p>\n<p>De acordo com o Decreto, a for\u00e7a-tarefa que reunir\u00e1 setores de intelig\u00eancia das For\u00e7as Armadas, da Ag\u00eancia Brasileira de Intelig\u00eancia (Abin), do Conselho de Controle de Atividades Financeiras (Coaf), da Pol\u00edcia Federal (PF), da Receita Federal, da Pol\u00edcia Rodovi\u00e1ria Federal, da Secretaria Nacional de Seguran\u00e7a P\u00fablica, entre outros \u00f3rg\u00e3os. \u201cO grupo vai atuar tamb\u00e9m em combate e repress\u00e3o aos movimentos sociais de lutas por terra e moradia, que j\u00e1 s\u00e3o acusados de serem \u2018organiza\u00e7\u00f5es criminosas\u2019\u201d, alertou o dirigente da Contraf-CUT.<\/p>\n<p>O movimento sindical tamb\u00e9m se sente amea\u00e7ado pela defini\u00e7\u00e3o vaga do que venha ser \u201cafronta ao estado brasileiro e suas institui\u00e7\u00f5es\u201d e o Conselho de Enlace teme que se alastre uma repress\u00e3o generalizada a todas as greves e movimentos reivindicat\u00f3rios.<\/p>\n<p><strong>Diretrizes internacionais de direitos<\/strong><br \/>O Conselho do Enlace tamb\u00e9m considerou os documentos produzidos recentemente durante o 5\u00ba Congresso da UNI Global Union, realizado em Liverpool, na Inglaterra, de 17 a 20 de julho de 2018, que estabelecem planos estrat\u00e9gicos para nortear a\u00e7\u00f5es por um mundo de paz, por democracia e direitos humanos e outros espec\u00edficos para o mundo sindical, como \u201cOs sindicatos e o futuro mundo do trabalho\u201d e \u201cOs sindicatos s\u00e3o a base de uma economia mundial sustent\u00e1vel\u201d se tornar\u00e3o impratic\u00e1veis no Brasil em caso de vit\u00f3ria do candidato que lidera as pesquisas de inten\u00e7\u00e3o de votos para a Presid\u00eancia.<\/p>\n<p>O candidato j\u00e1 fez in\u00fameros an\u00fancios de medidas repressivas, ataque \u00e0s quest\u00f5es da defesa ambiental, \u00e0s rela\u00e7\u00f5es de trabalho e direitos trabalhistas, \u00e0 aposentadoria, aos direitos humanos, aos direitos de crian\u00e7as e adolescentes, \u00e0 liberdade religiosa, \u00e0 constante dissemina\u00e7\u00e3o de preconceitos e discrimina\u00e7\u00f5es, apologia ao armamento, \u00e0 tortura, \u00e0 ditadura militar, ao \u00f3dio e \u00e0 viol\u00eancia que amedrontam e causam repulsa os sindicalistas brasileiros.<\/p>\n<\/div>\n<p id=\"page-author\"><span style=\"text-decoration: underline;\"><em><strong>Fonte: Contraf-CUT<\/strong><\/em><\/span><\/p>\n","protected":false},"excerpt":{"rendered":"<p>O Conselho de Enlace Brasil, da UNI Am\u00e9ricas, que integra a UNI Global Union, entidade que re\u00fane mais de 20 milh\u00f5es de trabalhadores do setor de servi\u00e7os de todo o mundo, realizou na quinta-feira (18), na sede da Confedera\u00e7\u00e3o Nacional dos Trabalhadores do Ramo Financeiro (Contraf-CUT), sua 89\u00aa reuni\u00e3o. \u201cFizemos uma an\u00e1lise de conjuntura e [&hellip;]<\/p>\n","protected":false},"author":2,"featured_media":5446,"comment_status":"","ping_status":"","sticky":false,"template":"","format":"standard","meta":{"footnotes":""},"categories":[3],"tags":[],"class_list":["post-5447","post","type-post","status-publish","format-standard","has-post-thumbnail","hentry","category-noticias"],"_links":{"self":[{"href":"https:\/\/hostnetart.com.br\/baixada\/wp-json\/wp\/v2\/posts\/5447","targetHints":{"allow":["GET"]}}],"collection":[{"href":"https:\/\/hostnetart.com.br\/baixada\/wp-json\/wp\/v2\/posts"}],"about":[{"href":"https:\/\/hostnetart.com.br\/baixada\/wp-json\/wp\/v2\/types\/post"}],"author":[{"embeddable":true,"href":"https:\/\/hostnetart.com.br\/baixada\/wp-json\/wp\/v2\/users\/2"}],"replies":[{"embeddable":true,"href":"https:\/\/hostnetart.com.br\/baixada\/wp-json\/wp\/v2\/comments?post=5447"}],"version-history":[{"count":0,"href":"https:\/\/hostnetart.com.br\/baixada\/wp-json\/wp\/v2\/posts\/5447\/revisions"}],"wp:featuredmedia":[{"embeddable":true,"href":"https:\/\/hostnetart.com.br\/baixada\/wp-json\/wp\/v2\/media\/5446"}],"wp:attachment":[{"href":"https:\/\/hostnetart.com.br\/baixada\/wp-json\/wp\/v2\/media?parent=5447"}],"wp:term":[{"taxonomy":"category","embeddable":true,"href":"https:\/\/hostnetart.com.br\/baixada\/wp-json\/wp\/v2\/categories?post=5447"},{"taxonomy":"post_tag","embeddable":true,"href":"https:\/\/hostnetart.com.br\/baixada\/wp-json\/wp\/v2\/tags?post=5447"}],"curies":[{"name":"wp","href":"https:\/\/api.w.org\/{rel}","templated":true}]}}