{"id":5445,"date":"2018-10-19T16:23:38","date_gmt":"2018-10-19T19:23:38","guid":{"rendered":"https:\/\/hostnetart.com.br\/baixada\/novo-presidente-tera-que-lidar-com-desemprego-sem-retirar-direitos-trabalhistas\/"},"modified":"2018-10-19T16:23:38","modified_gmt":"2018-10-19T19:23:38","slug":"novo-presidente-tera-que-lidar-com-desemprego-sem-retirar-direitos-trabalhistas","status":"publish","type":"post","link":"https:\/\/hostnetart.com.br\/baixada\/novo-presidente-tera-que-lidar-com-desemprego-sem-retirar-direitos-trabalhistas\/","title":{"rendered":"Novo presidente ter\u00e1 que lidar com desemprego sem retirar direitos trabalhistas"},"content":{"rendered":"<p class=\" \">Em entrevista ao\u00a0<i>Seu Jornal<\/i>, da\u00a0<b>TVT<\/b>, o coordenador de educa\u00e7\u00e3o e comunica\u00e7\u00e3o do Dieese, Fausto Augusto J\u00fanior, avaliou que a cria\u00e7\u00e3o de novos postos de trabalho deve ser a<a class=\"internal-link\" title=\"\" href=\"https:\/\/www.redebrasilatual.com.br\/trabalho\/2018\/10\/desemprego-demanda-atuacao-do-estado-alerta-diretor-tecnico-do-dieese\" target=\"_blank\" rel=\"noopener noreferrer\">\u00a0prioridade<\/a>\u00a0do pr\u00f3ximo presidente. Com programas opostos, de acordo com J\u00fanior, enquanto o candidato Fernando Haddad (PT) trata do\u00a0<strong>desemprego<\/strong>\u00a0como um problema do Estado, Jair Bolsonaro (PSL) reverte a quest\u00e3o ao mercado.<\/p>\n<p class=\" \">Atualmente, com a taxa m\u00e9dia de\u00a0<a class=\"internal-link\" title=\"\" href=\"https:\/\/www.redebrasilatual.com.br\/economia\/2018\/09\/taxa-de-desemprego-recua-mercado-informal-avanca\" target=\"_blank\" rel=\"noopener noreferrer\">desemprego em 12,1%<\/a>, estima-se que 12,7 milh\u00f5es de brasileiros estejam sem trabalho, e para o coordenador do Dieese, as mudan\u00e7as propostas na Consolida\u00e7\u00e3o das Leis Trabalhistas (CLT) e a &#8220;reforma&#8221; criam mais obst\u00e1culos para o enfrentamento.<\/p>\n<p class=\" \">&#8220;O governo Temer acreditava em uma coisa muito simples: achava que a &#8216;reforma&#8217; trabalhista resolveria todos os problemas e est\u00e1 muito claro que n\u00e3o resolveu. N\u00e3o teve gera\u00e7\u00e3o de empregos, que foi muito pontual e est\u00e1 vinculada ao mercado informal&#8221;, explica Augusto J\u00fanior \u00e0 rep\u00f3rter Michelle Gomes. A proposta de revoga\u00e7\u00e3o da &#8220;reforma&#8221; consta apenas no programa de governo de\u00a0<a class=\"internal-link\" title=\"\" href=\"https:\/\/www.redebrasilatual.com.br\/eleicoes-2018\/centrais-ja-se-articulam-por-apoio-a-haddad-no-segundo-turno\" target=\"_blank\" rel=\"noopener noreferrer\">Haddad<\/a>, enquanto que o<a class=\"internal-link\" title=\"\" href=\"https:\/\/www.redebrasilatual.com.br\/eleicoes-2018\/carteira-verde-e-amarela-de-bolsonaro-espalharia-a-informalidade\" target=\"_blank\" rel=\"noopener noreferrer\">\u00a0programa de Bolsonaro<\/a>, segundo especialistas, pode na verdade aprofundar ainda mais o problema, j\u00e1 que retira ainda mais direitos do trabalhador, como o 13\u02da sal\u00e1rio.<\/p>\n<p class=\" \">\u00a0<\/p>\n<p class=\" \"><span style=\"text-decoration: underline;\"><em><strong>Fonte: Rede Brasil Atual<\/strong><\/em><\/span><\/p>\n","protected":false},"excerpt":{"rendered":"<p>Em entrevista ao\u00a0Seu Jornal, da\u00a0TVT, o coordenador de educa\u00e7\u00e3o e comunica\u00e7\u00e3o do Dieese, Fausto Augusto J\u00fanior, avaliou que a cria\u00e7\u00e3o de novos postos de trabalho deve ser a\u00a0prioridade\u00a0do pr\u00f3ximo presidente. Com programas opostos, de acordo com J\u00fanior, enquanto o candidato Fernando Haddad (PT) trata do\u00a0desemprego\u00a0como um problema do Estado, Jair Bolsonaro (PSL) reverte a quest\u00e3o [&hellip;]<\/p>\n","protected":false},"author":2,"featured_media":5444,"comment_status":"","ping_status":"","sticky":false,"template":"","format":"standard","meta":{"footnotes":""},"categories":[3],"tags":[],"class_list":["post-5445","post","type-post","status-publish","format-standard","has-post-thumbnail","hentry","category-noticias"],"_links":{"self":[{"href":"https:\/\/hostnetart.com.br\/baixada\/wp-json\/wp\/v2\/posts\/5445","targetHints":{"allow":["GET"]}}],"collection":[{"href":"https:\/\/hostnetart.com.br\/baixada\/wp-json\/wp\/v2\/posts"}],"about":[{"href":"https:\/\/hostnetart.com.br\/baixada\/wp-json\/wp\/v2\/types\/post"}],"author":[{"embeddable":true,"href":"https:\/\/hostnetart.com.br\/baixada\/wp-json\/wp\/v2\/users\/2"}],"replies":[{"embeddable":true,"href":"https:\/\/hostnetart.com.br\/baixada\/wp-json\/wp\/v2\/comments?post=5445"}],"version-history":[{"count":0,"href":"https:\/\/hostnetart.com.br\/baixada\/wp-json\/wp\/v2\/posts\/5445\/revisions"}],"wp:featuredmedia":[{"embeddable":true,"href":"https:\/\/hostnetart.com.br\/baixada\/wp-json\/wp\/v2\/media\/5444"}],"wp:attachment":[{"href":"https:\/\/hostnetart.com.br\/baixada\/wp-json\/wp\/v2\/media?parent=5445"}],"wp:term":[{"taxonomy":"category","embeddable":true,"href":"https:\/\/hostnetart.com.br\/baixada\/wp-json\/wp\/v2\/categories?post=5445"},{"taxonomy":"post_tag","embeddable":true,"href":"https:\/\/hostnetart.com.br\/baixada\/wp-json\/wp\/v2\/tags?post=5445"}],"curies":[{"name":"wp","href":"https:\/\/api.w.org\/{rel}","templated":true}]}}