{"id":544,"date":"2014-01-22T00:00:00","date_gmt":"2014-01-22T02:00:00","guid":{"rendered":"https:\/\/hostnetart.com.br\/baixada\/inscricoes-para-bolsas-de-graduacao-no-santander-terminam-nesta-sexta\/"},"modified":"2014-01-22T00:00:00","modified_gmt":"2014-01-22T02:00:00","slug":"inscricoes-para-bolsas-de-graduacao-no-santander-terminam-nesta-sexta","status":"publish","type":"post","link":"https:\/\/hostnetart.com.br\/baixada\/inscricoes-para-bolsas-de-graduacao-no-santander-terminam-nesta-sexta\/","title":{"rendered":"Inscri\u00e7\u00f5es para bolsas de gradua\u00e7\u00e3o no Santander terminam nesta sexta"},"content":{"rendered":"<p>O prazo de inscri\u00e7\u00f5es para o Programa de Bolsas de Gradua\u00e7\u00e3o de 2014 do Santander termina na pr\u00f3xima sexta-feira (24). O aux\u00edlio-educa\u00e7\u00e3o se destina aos funcion\u00e1rios que est\u00e3o cursando ou desejam iniciar a primeira gradua\u00e7\u00e3o de n\u00edvel superior, grantindo o pagamento de at\u00e9 50% do valor da mensalidade, limitado a R$ 442,80 por m\u00eas, no total de at\u00e9 2.500 bolsas.<\/p>\n<p>\u00a0<\/p>\n<p>O direito est\u00e1 previsto na cl\u00e1usula nona do acordo aditivo do Santander 2012\/2014 \u00e0 conven\u00e7\u00e3o coletiva, assinado no dia 11 de setembro de 2012 entre a Contraf-CUT, federa\u00e7\u00f5es e sindicatos com a dire\u00e7\u00e3o do banco espanhol, em S\u00e3o Paulo.<\/p>\n<p>\u00a0<br \/>\u201cConforme o aditivo, as bolsas foram reajustadas este ano pelo reajuste de 8% conquistado pela categoria na Campanha Nacional 2013, passando de R$ 410 para R$ 442,80\u2033, afirma o funcion\u00e1rio do Santander e secret\u00e1rio de imprensa da Contraf-CUT, Ademir Wiederkehr. No ano passado n\u00e3o houve corre\u00e7\u00e3o do valor.<\/p>\n<p>\u00a0<br \/><strong>Quem tem direito<\/strong><\/p>\n<p>\u00a0<br \/>Para participar, \u00e9 preciso ser funcion\u00e1rio do Santander h\u00e1 mais de 4 meses e estar cursando a primeira gradua\u00e7\u00e3o, em curso reconhecido pelo MEC, com no m\u00ednimo 2 anos de dura\u00e7\u00e3o.<\/p>\n<p>\u00a0<\/p>\n<p>Se o n\u00famero de inscritos for maior que o de bolsas dispon\u00edveis, ser\u00e3o aplicados crit\u00e9rios de desempate, como menor sal\u00e1rio, maior tempo de empresa e maior n\u00famero de filhos.<\/p>\n<p>\u00a0<\/p>\n<p>\u00a0<\/p>\n<p><strong>Como se inscrever<\/strong><\/p>\n<p>\u00a0<\/p>\n<p>As inscri\u00e7\u00f5es podem ser feitas em Intranet &gt; As Pessoas &gt; Portal RH &gt; Benef\u00edcios &gt; Reembolso &gt; Solicitar Reembolso &gt; Bolsa Gradua\u00e7\u00e3o &gt; Solicitar Bolsa.<\/p>\n<p>\u00a0<\/p>\n<p>Os inscritos receber\u00e3o retorno da \u00e1rea de Recursos Humanos do Santander at\u00e9 o dia 29 de janeiro, informando se a bolsa foi aprovada.<\/p>\n<p>\u00a0<\/p>\n<p>Em caso de d\u00favidas, os interessados podem entrar em contato com o Fale com o RH em Intranet &gt; As Pessoas &gt; Portal RH &gt; Autoatendimento &gt; Fale com RH ou pelo telefone (11) 3012-3456, op\u00e7\u00f5es 2 &gt; 4.<\/p>\n<p>\u00a0<\/p>\n<p>Os interessados devem manter o cadastro no Portal RH atualizado, em Intranet &gt; As Pessoas &gt; Portal RH &gt; Autoatendimento &gt; Atualize seus dados &gt; Atualize seus dados pessoais.<\/p>\n<p>\u00a0<\/p>\n<p>\u00a0<\/p>\n<p><strong>Confira o que diz a cl\u00e1usula nona do aditivo:<\/strong><\/p>\n<p>\u00a0<\/p>\n<p>\u00a0<\/p>\n<p><em>Ser\u00e3o concedidas aos empregados do SANTANDER e das empresas listadas na Cl\u00e1usula Abrang\u00eancia deste Acordo Coletivo, at\u00e9 2.500 (duas mil e quinhentas) bolsas de aux\u00edlio estudo, em valor correspondente a 50% da mensalidade, limitada a R$ 410,00 (quatrocentos e dez reais) cada, at\u00e9 o m\u00eas de dezembro de 2013. A partir de janeiro de 2014 o limite de R$ 410,00 (quatrocentos e dez reais) ser\u00e1 corrigido de acordo com o \u00edndice de reajuste salarial definido na CCT de 2013\/2014.<\/em><\/p>\n<p>\u00a0<\/p>\n<p>\u00a0<\/p>\n<p><em><strong>Par\u00e1grafo primeiro<\/strong><br \/><\/em><\/p>\n<p>\u00a0<\/p>\n<p><em>A concess\u00e3o se dar\u00e1 a partir do m\u00eas de fevereiro de 2013 para o ano letivo de 2013 e a partir de fevereiro de 2014 para o ano letivo de 2014.<\/em><\/p>\n<p>\u00a0<\/p>\n<p>\u00a0<\/p>\n<p><em><strong>Par\u00e1grafo Segundo<\/strong><br \/><\/em><\/p>\n<p>\u00a0<\/p>\n<p><em>Ser\u00e3o garantidas 12 (doze) parcelas podendo, a crit\u00e9rio do aluno, optar por 11 (onze) mensalidades mais a matricula ou 12 (doze) mensalidades.<\/em><\/p>\n<p>\u00a0<\/p>\n<p>\u00a0<\/p>\n<p><em><strong>Par\u00e1grafo Terceiro<\/strong><br \/><\/em><\/p>\n<p>\u00a0<\/p>\n<p><em>As regras que regulamentar\u00e3o a concess\u00e3o das bolsas de aux\u00edlio estudo ser\u00e3o definidas entre as partes, ficando j\u00e1 acertado, os seguintes par\u00e2metros: empregados com pelo menos 04 (quatro) meses de contrato de trabalho, destinadas, exclusivamente, \u00e0 1\u00aa gradua\u00e7\u00e3o em n\u00edvel de Bacharelado e Licenciatura e crit\u00e9rios de desempate, tais como: empregado j\u00e1 contemplado com a bolsa no ano anterior, menor sal\u00e1rio, tempo de contrato no Banco e\/ou nas empresas listadas na Cl\u00e1usula Abrang\u00eancia deste Acordo Coletivo e n\u00fameros de filhos.<\/em><\/p>\n<p>\u00a0<\/p>\n<p>\u00a0<\/p>\n<p><em><strong>Par\u00e1grafo Quarto<\/strong><br \/><\/em><\/p>\n<p>\u00a0<\/p>\n<p><em>Os cursos abrangidos pela presente cl\u00e1usula e par\u00e1grafo terceiro s\u00e3o: Administra\u00e7\u00e3o de Empresas, Marketing, Ci\u00eancias Cont\u00e1beis, Tecnologia da Informa\u00e7\u00e3o, Economia, Direito, Com\u00e9rcio Exterior e Matem\u00e1tica. Al\u00e9m dos cursos espec\u00edficos de Gest\u00e3o de Sistema da Informa\u00e7\u00e3o, Gest\u00e3o de Tecnologia da Informa\u00e7\u00e3o e Propaganda e Marketing, sendo estes \u00faltimos tr\u00eas citados, caracteristicamente, com forma\u00e7\u00e3o em n\u00edvel de Tecn\u00f3logo.<\/em><\/p>\n<p>\u00a0<\/p>\n<p>\u00a0<\/p>\n<p><em><strong>Par\u00e1grafo Quinto<\/strong><br \/><\/em><\/p>\n<p>\u00a0<\/p>\n<p><em>Ficam convalidadas as regras para concess\u00e3o das bolsas aux\u00edlio estudos do exerc\u00edcio de 2012, para o exerc\u00edcio de 2013, sendo que a concess\u00e3o n\u00e3o ser\u00e1 autom\u00e1tica, devendo o empregado interessado se inscrever quando tiver interesse e as inscri\u00e7\u00f5es forem disponibilizadas.\u00a0<\/em><\/p>\n<p>\u00a0<\/p>\n<p>Fonte: Contraf-CUT<\/p>\n","protected":false},"excerpt":{"rendered":"<p>O prazo de inscri\u00e7\u00f5es para o Programa de Bolsas de Gradua\u00e7\u00e3o de 2014 do Santander termina na pr\u00f3xima sexta-feira (24). O aux\u00edlio-educa\u00e7\u00e3o se destina aos funcion\u00e1rios que est\u00e3o cursando ou desejam iniciar a primeira gradua\u00e7\u00e3o de n\u00edvel superior, grantindo o pagamento de at\u00e9 50% do valor da mensalidade, limitado a R$ 442,80 por m\u00eas, no [&hellip;]<\/p>\n","protected":false},"author":1,"featured_media":0,"comment_status":"","ping_status":"","sticky":false,"template":"","format":"standard","meta":{"footnotes":""},"categories":[3],"tags":[],"class_list":["post-544","post","type-post","status-publish","format-standard","hentry","category-noticias"],"_links":{"self":[{"href":"https:\/\/hostnetart.com.br\/baixada\/wp-json\/wp\/v2\/posts\/544","targetHints":{"allow":["GET"]}}],"collection":[{"href":"https:\/\/hostnetart.com.br\/baixada\/wp-json\/wp\/v2\/posts"}],"about":[{"href":"https:\/\/hostnetart.com.br\/baixada\/wp-json\/wp\/v2\/types\/post"}],"author":[{"embeddable":true,"href":"https:\/\/hostnetart.com.br\/baixada\/wp-json\/wp\/v2\/users\/1"}],"replies":[{"embeddable":true,"href":"https:\/\/hostnetart.com.br\/baixada\/wp-json\/wp\/v2\/comments?post=544"}],"version-history":[{"count":0,"href":"https:\/\/hostnetart.com.br\/baixada\/wp-json\/wp\/v2\/posts\/544\/revisions"}],"wp:attachment":[{"href":"https:\/\/hostnetart.com.br\/baixada\/wp-json\/wp\/v2\/media?parent=544"}],"wp:term":[{"taxonomy":"category","embeddable":true,"href":"https:\/\/hostnetart.com.br\/baixada\/wp-json\/wp\/v2\/categories?post=544"},{"taxonomy":"post_tag","embeddable":true,"href":"https:\/\/hostnetart.com.br\/baixada\/wp-json\/wp\/v2\/tags?post=544"}],"curies":[{"name":"wp","href":"https:\/\/api.w.org\/{rel}","templated":true}]}}