{"id":5437,"date":"2018-10-18T17:33:14","date_gmt":"2018-10-18T20:33:14","guid":{"rendered":"https:\/\/hostnetart.com.br\/baixada\/uma-analise-das-influencias-ilegais-na-eleicao-presidencial\/"},"modified":"2018-10-18T17:33:14","modified_gmt":"2018-10-18T20:33:14","slug":"uma-analise-das-influencias-ilegais-na-eleicao-presidencial","status":"publish","type":"post","link":"https:\/\/hostnetart.com.br\/baixada\/uma-analise-das-influencias-ilegais-na-eleicao-presidencial\/","title":{"rendered":"Uma an\u00e1lise das influ\u00eancias ilegais na elei\u00e7\u00e3o presidencial"},"content":{"rendered":"<p>Na edi\u00e7\u00e3o da manh\u00e3 do <strong>Jornal Brasil Atual<\/strong>, uma an\u00e1lise da ind\u00fastria de not\u00edcias falsas que impulsionam a campanha de Jair Bolsonaro (PSL); uma entrevista com Ivan Seixas, coordenador da Comiss\u00e3o da Verdade do Estado de S\u00e3o Paulo \u201cRubens Paiva\u201d\u00a0sobre o julgamento favor\u00e1vel ao coronel Carlos Alberto Brilhante Ustra no Tribunal de Justi\u00e7a de S\u00e3o Paulo (TJ-SP); o perigo da privatiza\u00e7\u00e3o dos bancos p\u00fablicos na avalia\u00e7\u00e3o de\u00a0Clemente Ganz L\u00facio, diretor t\u00e9cnico do Dieese; o aumento dos casos de viol\u00eancia f\u00edsica e agress\u00f5es nas redes sociais; al\u00e9m da agenda cultural e as an\u00e1lises de Emir Sader e Jos\u00e9 Lopes Feij\u00f3.<\/p>\n<p><strong>Ou\u00e7a a \u00edntegra do programa: <a href=\"https:\/\/soundcloud.com\/redebrasilatual\/jornal-brasil-atual-18-de-outubro\">https:\/\/soundcloud.com\/redebrasilatual\/jornal-brasil-atual-18-de-outubro<\/a><br \/><\/strong><\/p>\n<p>\u00a0<\/p>\n<p><strong>Fonte: Rede Brasil Atual<\/strong><\/p>\n<p>\u00a0<\/p>\n","protected":false},"excerpt":{"rendered":"<p>Na edi\u00e7\u00e3o da manh\u00e3 do Jornal Brasil Atual, uma an\u00e1lise da ind\u00fastria de not\u00edcias falsas que impulsionam a campanha de Jair Bolsonaro (PSL); uma entrevista com Ivan Seixas, coordenador da Comiss\u00e3o da Verdade do Estado de S\u00e3o Paulo \u201cRubens Paiva\u201d\u00a0sobre o julgamento favor\u00e1vel ao coronel Carlos Alberto Brilhante Ustra no Tribunal de Justi\u00e7a de S\u00e3o [&hellip;]<\/p>\n","protected":false},"author":2,"featured_media":5436,"comment_status":"","ping_status":"","sticky":false,"template":"","format":"standard","meta":{"footnotes":""},"categories":[3],"tags":[],"class_list":["post-5437","post","type-post","status-publish","format-standard","has-post-thumbnail","hentry","category-noticias"],"_links":{"self":[{"href":"https:\/\/hostnetart.com.br\/baixada\/wp-json\/wp\/v2\/posts\/5437","targetHints":{"allow":["GET"]}}],"collection":[{"href":"https:\/\/hostnetart.com.br\/baixada\/wp-json\/wp\/v2\/posts"}],"about":[{"href":"https:\/\/hostnetart.com.br\/baixada\/wp-json\/wp\/v2\/types\/post"}],"author":[{"embeddable":true,"href":"https:\/\/hostnetart.com.br\/baixada\/wp-json\/wp\/v2\/users\/2"}],"replies":[{"embeddable":true,"href":"https:\/\/hostnetart.com.br\/baixada\/wp-json\/wp\/v2\/comments?post=5437"}],"version-history":[{"count":0,"href":"https:\/\/hostnetart.com.br\/baixada\/wp-json\/wp\/v2\/posts\/5437\/revisions"}],"wp:featuredmedia":[{"embeddable":true,"href":"https:\/\/hostnetart.com.br\/baixada\/wp-json\/wp\/v2\/media\/5436"}],"wp:attachment":[{"href":"https:\/\/hostnetart.com.br\/baixada\/wp-json\/wp\/v2\/media?parent=5437"}],"wp:term":[{"taxonomy":"category","embeddable":true,"href":"https:\/\/hostnetart.com.br\/baixada\/wp-json\/wp\/v2\/categories?post=5437"},{"taxonomy":"post_tag","embeddable":true,"href":"https:\/\/hostnetart.com.br\/baixada\/wp-json\/wp\/v2\/tags?post=5437"}],"curies":[{"name":"wp","href":"https:\/\/api.w.org\/{rel}","templated":true}]}}