{"id":5431,"date":"2018-10-17T17:43:37","date_gmt":"2018-10-17T20:43:37","guid":{"rendered":"https:\/\/hostnetart.com.br\/baixada\/fake-news-destroem-o-debate-racional-afirma-sergio-amadeu\/"},"modified":"2018-10-17T17:43:37","modified_gmt":"2018-10-17T20:43:37","slug":"fake-news-destroem-o-debate-racional-afirma-sergio-amadeu","status":"publish","type":"post","link":"https:\/\/hostnetart.com.br\/baixada\/fake-news-destroem-o-debate-racional-afirma-sergio-amadeu\/","title":{"rendered":"&#8216;Fake news&#8217; destroem o debate racional, afirma S\u00e9rgio Amadeu"},"content":{"rendered":"<p class=\" \">Para o membro do Comit\u00ea Gestor da Internet no Brasil (CGI.br), soci\u00f3logo e professor universit\u00e1rio S\u00e9rgio Amadeu, o uso das redes sociais como Facebook e WhatsApp como principais meios de distribui\u00e7\u00e3o de informa\u00e7\u00f5es no processo eleitoral tem deixado o debate pol\u00edtico em segundo plano. Criticados pela propaga\u00e7\u00e3o de not\u00edcias falsas, as chamadas\u00a0<strong><i>fake news<\/i><\/strong>, os aplicativos de redes tamb\u00e9m v\u00eam sendo usados para\u00a0<a class=\"internal-link\" title=\"\" href=\"https:\/\/www.redebrasilatual.com.br\/blogs\/blog-na-rede\/2018\/10\/jornalista-tereza-cruvinel-e-a-maquina-de-mentiras-da-eleicao\" target=\"_blank\" rel=\"noopener noreferrer\">amea\u00e7as e intimida\u00e7\u00f5es<\/a>.<\/p>\n<p class=\" \">&#8220;Eu diria que o debate pol\u00edtico n\u00e3o est\u00e1 fazendo sentido porque a candidatura majorit\u00e1ria nesta elei\u00e7\u00e3o, que teve mais apoio, utilizou a estrat\u00e9gia da direita americana de destruir a possibilidade do debate racional. Quando voc\u00ea faz isso, o que tem como resultado \u00e9 uma disputa de quem consegue angariar mais \u00f3dio do outro&#8221;, explica o soci\u00f3logo em entrevista ao rep\u00f3rter Cosmo Silva, da\u00a0<b>R\u00e1dio Brasil Atual<\/b>.<\/p>\n<p class=\" \">O fen\u00f4meno, j\u00e1 observado nas elei\u00e7\u00f5es para presidente dos Estados Unidos, com a vit\u00f3ria de Donald Trump, \u00e9\u00a0<a class=\"internal-link\" title=\"\" href=\"https:\/\/www.redebrasilatual.com.br\/eleicoes-2018\/guru-de-bolsonaro-usa-livro-de-haddad-para-espalhar-nova-fake-news\" target=\"_blank\" rel=\"noopener noreferrer\">amplamente utilizado<\/a>\u00a0pelo candidato a presidente da Rep\u00fablica\u00a0<a class=\"internal-link\" title=\"\" href=\"https:\/\/www.redebrasilatual.com.br\/eleicoes-2018\/se-desligar-o-whatsapp-por-cinco-dias-o-bolsonaro-desaparece-diz-haddad\" target=\"_blank\" rel=\"noopener noreferrer\">Jair Bolsonaro<\/a>\u00a0(PSL), que estrutura sua campanha principalmente pelo WhatsApp, diz Amadeu.<\/p>\n<p class=\" \">No entanto, para a coordenadora do F\u00f3rum Nacional pela Democratiza\u00e7\u00e3o da Comunica\u00e7\u00e3o (FNDC), Renata Mielli, o extenso conte\u00fado de informa\u00e7\u00f5es falsas, ao manipular o processo eleitoral, torna-se um\u00a0<a class=\"internal-link\" title=\"\" href=\"https:\/\/www.redebrasilatual.com.br\/politica\/2018\/10\/circulacao-de-fake-news-nas-redes-mostra-enfraquecimento-da-democracia-alerta-professor\" target=\"_blank\" rel=\"noopener noreferrer\">risco \u00e0 democracia<\/a>. &#8220;A a\u00e7\u00e3o das for\u00e7as p\u00fablicas para procurar quem produz poderia e pode ser feito ainda para escancarar quem est\u00e1 querendo influenciar o resultado da elei\u00e7\u00e3o com mentiras&#8221;, afirma.<\/p>\n<p class=\" \">\u00a0<\/p>\n<p class=\" \"><span style=\"text-decoration: underline;\"><strong>Fonte: Rede Brasil Atual<\/strong><\/span><\/p>\n<p class=\" \">\u00a0<\/p>\n<p class=\" \">\u00a0<\/p>\n","protected":false},"excerpt":{"rendered":"<p>Para o membro do Comit\u00ea Gestor da Internet no Brasil (CGI.br), soci\u00f3logo e professor universit\u00e1rio S\u00e9rgio Amadeu, o uso das redes sociais como Facebook e WhatsApp como principais meios de distribui\u00e7\u00e3o de informa\u00e7\u00f5es no processo eleitoral tem deixado o debate pol\u00edtico em segundo plano. Criticados pela propaga\u00e7\u00e3o de not\u00edcias falsas, as chamadas\u00a0fake news, os aplicativos [&hellip;]<\/p>\n","protected":false},"author":2,"featured_media":5430,"comment_status":"","ping_status":"","sticky":false,"template":"","format":"standard","meta":{"footnotes":""},"categories":[3],"tags":[],"class_list":["post-5431","post","type-post","status-publish","format-standard","has-post-thumbnail","hentry","category-noticias"],"_links":{"self":[{"href":"https:\/\/hostnetart.com.br\/baixada\/wp-json\/wp\/v2\/posts\/5431","targetHints":{"allow":["GET"]}}],"collection":[{"href":"https:\/\/hostnetart.com.br\/baixada\/wp-json\/wp\/v2\/posts"}],"about":[{"href":"https:\/\/hostnetart.com.br\/baixada\/wp-json\/wp\/v2\/types\/post"}],"author":[{"embeddable":true,"href":"https:\/\/hostnetart.com.br\/baixada\/wp-json\/wp\/v2\/users\/2"}],"replies":[{"embeddable":true,"href":"https:\/\/hostnetart.com.br\/baixada\/wp-json\/wp\/v2\/comments?post=5431"}],"version-history":[{"count":0,"href":"https:\/\/hostnetart.com.br\/baixada\/wp-json\/wp\/v2\/posts\/5431\/revisions"}],"wp:featuredmedia":[{"embeddable":true,"href":"https:\/\/hostnetart.com.br\/baixada\/wp-json\/wp\/v2\/media\/5430"}],"wp:attachment":[{"href":"https:\/\/hostnetart.com.br\/baixada\/wp-json\/wp\/v2\/media?parent=5431"}],"wp:term":[{"taxonomy":"category","embeddable":true,"href":"https:\/\/hostnetart.com.br\/baixada\/wp-json\/wp\/v2\/categories?post=5431"},{"taxonomy":"post_tag","embeddable":true,"href":"https:\/\/hostnetart.com.br\/baixada\/wp-json\/wp\/v2\/tags?post=5431"}],"curies":[{"name":"wp","href":"https:\/\/api.w.org\/{rel}","templated":true}]}}