{"id":5427,"date":"2018-10-17T17:41:21","date_gmt":"2018-10-17T20:41:21","guid":{"rendered":"https:\/\/hostnetart.com.br\/baixada\/beneficiarios-da-fundacao-francisco-conde-comecam-a-receber\/"},"modified":"2018-10-17T17:41:21","modified_gmt":"2018-10-17T20:41:21","slug":"beneficiarios-da-fundacao-francisco-conde-comecam-a-receber","status":"publish","type":"post","link":"https:\/\/hostnetart.com.br\/baixada\/beneficiarios-da-fundacao-francisco-conde-comecam-a-receber\/","title":{"rendered":"Benefici\u00e1rios da Funda\u00e7\u00e3o Francisco Conde come\u00e7am a receber"},"content":{"rendered":"<div class=\"content\">\n<p>Depois de liberar o pagamento aos benefici\u00e1rios da Funda\u00e7\u00e3o Francisco Conde,\u00a0<ins><strong><a href=\"http:\/\/www.contrafcut.org.br\/noticias\/justica-libera-pagamento-a-beneficiarios-da-fundacao-francisco-conde-5bec\" target=\"_blank\" rel=\"noopener noreferrer\">no final de setembro<\/a><\/strong><\/ins>, a Justi\u00e7a disponibilizou as guias judiciais para que os advogados retirem e apresentem ao Banco do Brasil. Os recursos j\u00e1 estavam depositados em conta judicial no BB e agora est\u00e3o sendo transferidos para os advogados que representaram os benefici\u00e1rios e ser\u00e3o os respons\u00e1veis pelo repasse dos recursos aos destinat\u00e1rios finais.<\/p>\n<p>\u201cAlguns advogados j\u00e1 est\u00e3o efetuando a transfer\u00eancia dos recursos para os banc\u00e1rios, como no caso dos banc\u00e1rios de S\u00e3o Paulo. Os demais devem receber em uma semana, mais um menos. Tudo depende do dia em que os advogados apresentarem a guia judicial ao banco, o tempo que o mesmo levar\u00e1 liberar os recursos e de os advogados organizarem o repasse a cada benefici\u00e1rio\u201d, explicou o secret\u00e1rio de Comunica\u00e7\u00e3o da Confedera\u00e7\u00e3o dos Trabalhadores do Ramo Financeiro (Contraf-CUT), Gerson Carlos Pereira, ex-funcion\u00e1rio do BCN que acompanhou o processo desde o in\u00edcio.<\/p>\n<p>Para Gerson, o desfecho favor\u00e1vel aos trabalhadores \u00e9 resultado de muitos anos de luta, debates e reuni\u00f5es coordenadas pelos sindicatos. \u201cEsta \u00e9 uma demonstra\u00e7\u00e3o da for\u00e7a dos trabalhadores e trabalhadoras e da contribui\u00e7\u00e3o dos sindicatos. Se n\u00e3o houvesse unidade e comprometimento, esse dinheiro ficaria para os ativos do Bradesco. Como houve uma postura combativa, de solidariedade, uni\u00e3o e luta de todos os envolvidos, hoje n\u00f3s podemos decidir sobre como ser\u00e1 a divis\u00e3o desse dinheiro\u201d, afirmou o dirigente da Contraf-CUT.<\/p>\n<p><strong>De acordo com a decis\u00e3o do Tribunal, ter\u00e3o direito a receber os seguintes trabalhadores:<\/strong><\/p>\n<p>Trabalhadores Eleg\u00edveis ao pagamento (requisitos cumulativos):<br \/>1. Empregados do antigo BCN + coligadas;<br \/>2. Empregados admitidos at\u00e9 31\/04\/1993;<br \/>3. Empregados participantes que permaneceram no banco at\u00e9 31\/05\/1999;<br \/>4. Empregados que constam da listagem apresentada na a\u00e7\u00e3o judicial pelo Bradesco.<\/p>\n<p>A forma de pagamento tem como crit\u00e9rio b\u00e1sico o tempo de contribui\u00e7\u00e3o de cada empregado. Assim, cada m\u00eas de contribui\u00e7\u00e3o corresponde a uma cota.<\/p>\n<p>O valor depositado pelo Bradesco ser\u00e1 rateado da seguinte forma:<br \/>Ser\u00e1 divido em 2 metades:<br \/>1\u00aa metade \u2013 Grupo 1:<br \/>1. Empregados que ingressaram no BCN at\u00e9 31\/12\/1975;<br \/>2. Levar\u00e1 em conta o tempo de contribui\u00e7\u00e3o at\u00e9 31\/12\/1979.<\/p>\n<p>2\u00aa metade \u2013 Grupo 2:<br \/>1. Empregados que ingressaram no BCN a partir de 01\/01\/1976;<br \/>2. Levar\u00e1 em conta o tempo de contribui\u00e7\u00e3o at\u00e9 31\/04\/1993.<\/p>\n<\/div>\n<p id=\"page-author\"><span style=\"text-decoration: underline;\"><em><strong>Fonte: Contraf-CUT<\/strong><\/em><\/span><\/p>\n","protected":false},"excerpt":{"rendered":"<p>Depois de liberar o pagamento aos benefici\u00e1rios da Funda\u00e7\u00e3o Francisco Conde,\u00a0no final de setembro, a Justi\u00e7a disponibilizou as guias judiciais para que os advogados retirem e apresentem ao Banco do Brasil. Os recursos j\u00e1 estavam depositados em conta judicial no BB e agora est\u00e3o sendo transferidos para os advogados que representaram os benefici\u00e1rios e ser\u00e3o [&hellip;]<\/p>\n","protected":false},"author":2,"featured_media":5426,"comment_status":"","ping_status":"","sticky":false,"template":"","format":"standard","meta":{"footnotes":""},"categories":[3],"tags":[],"class_list":["post-5427","post","type-post","status-publish","format-standard","has-post-thumbnail","hentry","category-noticias"],"_links":{"self":[{"href":"https:\/\/hostnetart.com.br\/baixada\/wp-json\/wp\/v2\/posts\/5427","targetHints":{"allow":["GET"]}}],"collection":[{"href":"https:\/\/hostnetart.com.br\/baixada\/wp-json\/wp\/v2\/posts"}],"about":[{"href":"https:\/\/hostnetart.com.br\/baixada\/wp-json\/wp\/v2\/types\/post"}],"author":[{"embeddable":true,"href":"https:\/\/hostnetart.com.br\/baixada\/wp-json\/wp\/v2\/users\/2"}],"replies":[{"embeddable":true,"href":"https:\/\/hostnetart.com.br\/baixada\/wp-json\/wp\/v2\/comments?post=5427"}],"version-history":[{"count":0,"href":"https:\/\/hostnetart.com.br\/baixada\/wp-json\/wp\/v2\/posts\/5427\/revisions"}],"wp:featuredmedia":[{"embeddable":true,"href":"https:\/\/hostnetart.com.br\/baixada\/wp-json\/wp\/v2\/media\/5426"}],"wp:attachment":[{"href":"https:\/\/hostnetart.com.br\/baixada\/wp-json\/wp\/v2\/media?parent=5427"}],"wp:term":[{"taxonomy":"category","embeddable":true,"href":"https:\/\/hostnetart.com.br\/baixada\/wp-json\/wp\/v2\/categories?post=5427"},{"taxonomy":"post_tag","embeddable":true,"href":"https:\/\/hostnetart.com.br\/baixada\/wp-json\/wp\/v2\/tags?post=5427"}],"curies":[{"name":"wp","href":"https:\/\/api.w.org\/{rel}","templated":true}]}}