{"id":5425,"date":"2018-10-17T15:05:32","date_gmt":"2018-10-17T18:05:32","guid":{"rendered":"https:\/\/hostnetart.com.br\/baixada\/bancos-publicos-alavancaram-politica-sociais-no-brasil-diz-emir-sader\/"},"modified":"2018-10-17T15:05:32","modified_gmt":"2018-10-17T18:05:32","slug":"bancos-publicos-alavancaram-politica-sociais-no-brasil-diz-emir-sader","status":"publish","type":"post","link":"https:\/\/hostnetart.com.br\/baixada\/bancos-publicos-alavancaram-politica-sociais-no-brasil-diz-emir-sader\/","title":{"rendered":"Bancos p\u00fablicos alavancaram pol\u00edticas sociais no Brasil, diz Emir Sader"},"content":{"rendered":"<p>\u201cO governo Temer n\u00e3o precisa dos bancos p\u00fablicos, pois n\u00e3o tem interesse em fazer pol\u00edtica social\u201d, crava o soci\u00f3logo Emir Sader, diretor do Laborat\u00f3rio de Pol\u00edticas P\u00fablicas da Universidade do Estado do Rio de Janeiro (Uerj). Seria por essa raz\u00e3o que a atua\u00e7\u00e3o dessas institui\u00e7\u00f5es vem mudando radicalmente no Brasil ap\u00f3s o ocaso dos governos petistas. \u201cO futuro dos bancos p\u00fablicos est\u00e1 diretamente ligado ao destino do Brasil.\u201d<\/p>\n<p>Para Sader, ao longo da hist\u00f3ria, os bancos p\u00fablicos tiveram fun\u00e7\u00f5es fundamentais na pol\u00edtica do Estado brasileiro, mas durante os mandatos petistas, a Caixa Econ\u00f4mica Federal e o Banco do Brasil assumiram papeias ainda mais relevantes, como o de alavancar as pol\u00edticas sociais. \u201cA Caixa se tornou o segundo maior banco do Brasil na esteira do financiamento habitacional do programa Minha Casa, Minha Vida\u201d.\u00a0<\/p>\n<p>Nesse per\u00edodo, os bancos p\u00fablicos \u201ctiveram papel din\u00e2mico, como indutor do crescimento econ\u00f4mico e da distribui\u00e7\u00e3o de renda.\u201d O soci\u00f3logo lembra ainda que na crise financeira de 2008, a exist\u00eancias das institui\u00e7\u00f5es estatais foram ess\u00eancias para resgatar a economia brasileira durante a crise financeira de 2008. \u201cA crise uma hora era um tsunami, outra hora, uma marolinha.\u201d J\u00e1 na atual crise, o papel dessas institui\u00e7\u00f5es \u00e9 praticamente inexistente, atenta o soci\u00f3logo.<\/p>\n<p>Ele compara com a Argentina, cuja crise econ\u00f4mica teima em n\u00e3o ceder \u2013 o pa\u00eds novamente pediu dinheiro para o FMI. \u201cEles j\u00e1 n\u00e3o tem banco p\u00fablico. O banco argentino mais forte \u00e9 dirigido por uma cooperativa ligada ao Partido Comunista. O resto \u00e9 privado, com capital estrangeiro. A\u00ed n\u00f3s vemos mais uma vez a Argentina com uma dificuldade muito grande de retomar o crescimento econ\u00f4mico.\u201d\u00a0<\/p>\n<p>Para a Sader, aqui no Brasil, com a passagem para o governo Temer, os interesses teriam mudado. Voltam, em realidade, velhas ambi\u00e7\u00f5es. \u201cNa campanha eleitoral de 2014, os candidatos de direita diziam que manteriam o Bolsa Fam\u00edlia. Mas seus gurus econ\u00f4micos diziam que os bancos estatais ficariam reduzidos a nada. Iam fazer o bolsa fam\u00edlia com o Bradesco, com o Ita\u00fa. De fato, s\u00f3 diziam que ia manter as pol\u00edticas sociais pelos prest\u00edgios.\u201d\u00a0<\/p>\n<p>Com a sa\u00edda de Dilma Rousseff da presid\u00eancia, tem in\u00edcio, inclusive, uma campanha para desfazer a reputa\u00e7\u00e3o dos bancos estatais, acredita Sader. \u201cVeja essa campanha do Bolsonaro, que repete que \u2018o PT quebrou o Brasil\u2019. Que \u2018gastou tanto na Venezuela, tanto em Cuba, tanto em propaganda [com os bancos p\u00fablicos, como o BNDES]\u2019. N\u00f3s n\u00e3o conseguimos convencer a massa da popula\u00e7\u00e3o que foi um governo que usou muito bem esses recursos, seja para fazer a economia crescer e distribuir renda\u201d, lamenta. \u201cEssa foi uma batalha que n\u00f3s perdemos.\u201d<\/p>\n<p>N\u00e3o \u00e9 por acaso, sugere o soci\u00f3logo, que o candidato Jair Bolsonaro deve colocar no Minist\u00e9rio da Fazenda algu\u00e9m \u201cradicalmente ligado ao capital financeiro\u201d. Em declara\u00e7\u00f5es passadas, o economista Paulo Guedes, consultor do capit\u00e3o da reserva, j\u00e1 indicou sua inten\u00e7\u00e3o em privatizar o m\u00e1ximo poss\u00edvel das estatais brasileiras. Do outro lado do espectro, observa Sader, o candidato do PT j\u00e1 indicou que n\u00e3o vai colocar algu\u00e9m do mercado para fazer reforma bancaria.<\/p>\n<p>Emir Sader participou do debate p\u00fablico \u201cO Futuro dos Bancos P\u00fablicos\u201d, promovido no Rio de Janeiro, na ter\u00e7a-feira 16 por\u00a0<em><strong>CartaCapital<\/strong><\/em>\u00a0e pela Federa\u00e7\u00e3o Nacional das Associa\u00e7\u00f5es do Pessoal da Caixa Econ\u00f4mica Federal (Fenae).<\/p>\n<p>\u00a0<\/p>\n<p><strong>Fonte: Carta Capital<\/strong><\/p>\n","protected":false},"excerpt":{"rendered":"<p>\u201cO governo Temer n\u00e3o precisa dos bancos p\u00fablicos, pois n\u00e3o tem interesse em fazer pol\u00edtica social\u201d, crava o soci\u00f3logo Emir Sader, diretor do Laborat\u00f3rio de Pol\u00edticas P\u00fablicas da Universidade do Estado do Rio de Janeiro (Uerj). Seria por essa raz\u00e3o que a atua\u00e7\u00e3o dessas institui\u00e7\u00f5es vem mudando radicalmente no Brasil ap\u00f3s o ocaso dos governos [&hellip;]<\/p>\n","protected":false},"author":2,"featured_media":5424,"comment_status":"","ping_status":"","sticky":false,"template":"","format":"standard","meta":{"footnotes":""},"categories":[3],"tags":[],"class_list":["post-5425","post","type-post","status-publish","format-standard","has-post-thumbnail","hentry","category-noticias"],"_links":{"self":[{"href":"https:\/\/hostnetart.com.br\/baixada\/wp-json\/wp\/v2\/posts\/5425","targetHints":{"allow":["GET"]}}],"collection":[{"href":"https:\/\/hostnetart.com.br\/baixada\/wp-json\/wp\/v2\/posts"}],"about":[{"href":"https:\/\/hostnetart.com.br\/baixada\/wp-json\/wp\/v2\/types\/post"}],"author":[{"embeddable":true,"href":"https:\/\/hostnetart.com.br\/baixada\/wp-json\/wp\/v2\/users\/2"}],"replies":[{"embeddable":true,"href":"https:\/\/hostnetart.com.br\/baixada\/wp-json\/wp\/v2\/comments?post=5425"}],"version-history":[{"count":0,"href":"https:\/\/hostnetart.com.br\/baixada\/wp-json\/wp\/v2\/posts\/5425\/revisions"}],"wp:featuredmedia":[{"embeddable":true,"href":"https:\/\/hostnetart.com.br\/baixada\/wp-json\/wp\/v2\/media\/5424"}],"wp:attachment":[{"href":"https:\/\/hostnetart.com.br\/baixada\/wp-json\/wp\/v2\/media?parent=5425"}],"wp:term":[{"taxonomy":"category","embeddable":true,"href":"https:\/\/hostnetart.com.br\/baixada\/wp-json\/wp\/v2\/categories?post=5425"},{"taxonomy":"post_tag","embeddable":true,"href":"https:\/\/hostnetart.com.br\/baixada\/wp-json\/wp\/v2\/tags?post=5425"}],"curies":[{"name":"wp","href":"https:\/\/api.w.org\/{rel}","templated":true}]}}