{"id":5421,"date":"2018-10-17T14:06:11","date_gmt":"2018-10-17T17:06:11","guid":{"rendered":"https:\/\/hostnetart.com.br\/baixada\/bancos-publicos-sao-ferramentas-de-desenvolvimento-diz-especialista\/"},"modified":"2018-10-17T14:06:11","modified_gmt":"2018-10-17T17:06:11","slug":"bancos-publicos-sao-ferramentas-de-desenvolvimento-diz-especialista","status":"publish","type":"post","link":"https:\/\/hostnetart.com.br\/baixada\/bancos-publicos-sao-ferramentas-de-desenvolvimento-diz-especialista\/","title":{"rendered":"Bancos p\u00fablicos s\u00e3o ferramentas de desenvolvimento, diz especialista"},"content":{"rendered":"<p>Professor do Instituto de Economia da Unicamp, Pedro Rossi elencou tr\u00eas pontos sobre a import\u00e2ncia dos bancos p\u00fablicos no desenvolvimento regional; s\u00e3o ferramentas de crescimento e desenvolvimento; promovem uma a\u00e7\u00e3o antic\u00edclica em momentos de crise e enfrenta oligop\u00f3lios financeiros e taxas de juros.<\/p>\n<p>Durante a s\u00e9rie Di\u00e1logos Capitais, nesta quarta, 29, em Teresina, Rossi abordou que a consolida\u00e7\u00e3o do mercado de consumo de massas incitado pelos bancos p\u00fablicos contribuiu para o crescimento da economia brasileira.<\/p>\n<p>&#8220;Esse mercado foi a engrenagem do desenvolvimento do pa\u00eds no Governo Lula e os bancos p\u00fablicos tiveram um papel fundamental nessa pol\u00edtica, uma vez que a\u00a0<a class=\"external-link\" title=\"\" href=\"https:\/\/www.cartacapital.com.br\/revista\/1017\/uma-economia-quebrada-a-espera-da-eleicao\" target=\"_blank\" rel=\"noopener noreferrer\">rela\u00e7\u00e3o cr\u00e9dito\/PIB<\/a>\u00a0no pa\u00eds dobrou de 2004 a 2014, al\u00e9m de possibilitar a democratiza\u00e7\u00e3o do acesso ao cr\u00e9dito&#8221;, avalia o especialista.<\/p>\n<p>Sobre a medida antic\u00edclica, Rossi explicou que, em momentos de crise, os bancos p\u00fablicos brasileiros induziram e estimularam o gasto da popula\u00e7\u00e3o por meio da expans\u00e3o desses entes financeiros enquanto que a\u00a0<a class=\"external-link\" title=\"\" href=\"https:\/\/www.cartacapital.com.br\/blogs\/brasil-debate\/a-crise-para-alem-de-erros-na-gestao-economica-visao-estruturalista\" target=\"_blank\" rel=\"noopener noreferrer\">tend\u00eancia dos bancos privados<\/a>\u00a0era sempre de se retrair e essa medida, sem d\u00favida, foi de grande aux\u00edlio na crise.<\/p>\n<p>Ainda segundo Rossi, outra fun\u00e7\u00e3o de fundamental import\u00e2ncia desempenhada pelos bancos p\u00fablicos \u00e9 a de enfrentar o oligop\u00f3lio financeiro e as taxas de juros, aumentando, assim, a concorr\u00eancia no setor banc\u00e1rio. &#8220;\u00c9 uma fun\u00e7\u00e3o primordial, que auxilia combate um comando muitas vezes desigual dos bancos privados&#8221;, avalia.<\/p>\n<p>\u00a0<\/p>\n<p><span style=\"text-decoration: underline;\"><em><strong>Fonte: Carta Capital<\/strong><\/em><\/span><\/p>\n","protected":false},"excerpt":{"rendered":"<p>Professor do Instituto de Economia da Unicamp, Pedro Rossi elencou tr\u00eas pontos sobre a import\u00e2ncia dos bancos p\u00fablicos no desenvolvimento regional; s\u00e3o ferramentas de crescimento e desenvolvimento; promovem uma a\u00e7\u00e3o antic\u00edclica em momentos de crise e enfrenta oligop\u00f3lios financeiros e taxas de juros. Durante a s\u00e9rie Di\u00e1logos Capitais, nesta quarta, 29, em Teresina, Rossi abordou [&hellip;]<\/p>\n","protected":false},"author":2,"featured_media":5420,"comment_status":"","ping_status":"","sticky":false,"template":"","format":"standard","meta":{"footnotes":""},"categories":[3],"tags":[],"class_list":["post-5421","post","type-post","status-publish","format-standard","has-post-thumbnail","hentry","category-noticias"],"_links":{"self":[{"href":"https:\/\/hostnetart.com.br\/baixada\/wp-json\/wp\/v2\/posts\/5421","targetHints":{"allow":["GET"]}}],"collection":[{"href":"https:\/\/hostnetart.com.br\/baixada\/wp-json\/wp\/v2\/posts"}],"about":[{"href":"https:\/\/hostnetart.com.br\/baixada\/wp-json\/wp\/v2\/types\/post"}],"author":[{"embeddable":true,"href":"https:\/\/hostnetart.com.br\/baixada\/wp-json\/wp\/v2\/users\/2"}],"replies":[{"embeddable":true,"href":"https:\/\/hostnetart.com.br\/baixada\/wp-json\/wp\/v2\/comments?post=5421"}],"version-history":[{"count":0,"href":"https:\/\/hostnetart.com.br\/baixada\/wp-json\/wp\/v2\/posts\/5421\/revisions"}],"wp:featuredmedia":[{"embeddable":true,"href":"https:\/\/hostnetart.com.br\/baixada\/wp-json\/wp\/v2\/media\/5420"}],"wp:attachment":[{"href":"https:\/\/hostnetart.com.br\/baixada\/wp-json\/wp\/v2\/media?parent=5421"}],"wp:term":[{"taxonomy":"category","embeddable":true,"href":"https:\/\/hostnetart.com.br\/baixada\/wp-json\/wp\/v2\/categories?post=5421"},{"taxonomy":"post_tag","embeddable":true,"href":"https:\/\/hostnetart.com.br\/baixada\/wp-json\/wp\/v2\/tags?post=5421"}],"curies":[{"name":"wp","href":"https:\/\/api.w.org\/{rel}","templated":true}]}}