{"id":5419,"date":"2018-10-17T13:53:24","date_gmt":"2018-10-17T16:53:24","guid":{"rendered":"https:\/\/hostnetart.com.br\/baixada\/recuperacao-levara-10-anos-sem-investimento-publico-diz-economista\/"},"modified":"2018-10-17T13:53:24","modified_gmt":"2018-10-17T16:53:24","slug":"recuperacao-levara-10-anos-sem-investimento-publico-diz-economista","status":"publish","type":"post","link":"https:\/\/hostnetart.com.br\/baixada\/recuperacao-levara-10-anos-sem-investimento-publico-diz-economista\/","title":{"rendered":"Recupera\u00e7\u00e3o levar\u00e1 10 anos sem investimento p\u00fablico, diz economista"},"content":{"rendered":"<p>\u201cUm voo de galinha.\u201d Esse dever\u00e1 ser o crescimento econ\u00f4mico do Brasil se a atual pol\u00edtica de ajuste fiscal e conten\u00e7\u00e3o de investimento estatal continuar nos pr\u00f3ximos anos. Quem afirma \u00e9 a economista Esther Dweck, da Universidade Federal do Rio de Janeiro (UFRJ).<\/p>\n<p>Ela participou na manh\u00e3 desta ter\u00e7a-feira 16 do semin\u00e1rio<em><a class=\"internal-link\" title=\"\" href=\"https:\/\/www.cartacapital.com.br\/politica\/crescimento-do-nordeste-e-tema-do-evento-dialogos-capitais-9478.html\" target=\"_blank\" rel=\"noopener noreferrer\">\u00a0Di\u00e1logos Capitais\u00a0<\/a>&#8211; O Futuro dos Bancos P\u00fablicos<\/em>, promovido por\u00a0<em><strong>CartaCapital<\/strong><\/em>e pela Federa\u00e7\u00e3o Nacional das Associa\u00e7\u00f5es do Pessoal da Caixa Econ\u00f4mica Federal (Fenae) no Rio de Janeiro.<\/p>\n<p>Em sua apresenta\u00e7\u00e3o, a economista exibiu dados para explicar que a recess\u00e3o econ\u00f4mica do Brasil atual \u00e9 grave, mas que o receitu\u00e1rio que vem sendo aplicando \u2013 e que pode seguir dependendo do resultado da pr\u00f3xima elei\u00e7\u00e3o \u2013 para tirar o Brasil da UTI n\u00e3o est\u00e1 ajudando, pelo contr\u00e1rio. \u00a0<\/p>\n<p>\u201cA \u00faltima crise \u00e9 t\u00e3o forte quanto a da d\u00e9cada de 1980. A diferen\u00e7a \u00e9 que, apesar de ela ter sido chamada de d\u00e9cada perdida, quando veio a recupera\u00e7\u00e3o, ela foi muito mais forte. Depois de cinco anos o Brasil tinha se recuperado.\u201d J\u00e1 a crise atual, explica Dweck, \u201cser\u00e1 uma retomada superlenta, que vai levar at\u00e9 dez anos para voltarmos ao n\u00edvel do PIB de 2014\u201d.<\/p>\n<p>Esse \u201cvoo baixo\u201d n\u00e3o \u00e9 novidade nas an\u00e1lises econ\u00f4micas. Aconteceu tamb\u00e9m na recess\u00e3o financeira mundial de 2008-2009, explica a professora da UFRJ ao lembrar um estudo da crise nos EUA e Europa feito pelo Nobel da economia Paul Krugman. \u201cEle mostra que, logo ap\u00f3s \u00e0 crise, os governos rapidamente atuaram para cont\u00ea-la, pois a maioria era constitu\u00edda de estados de bem-estar social fortes, o que ajudou a recuperar mais r\u00e1pido.\u201d<\/p>\n<p>Mas o que veio a seguir, n\u00e3o foi um forte reaquecimento como o observado na grave crise de 1929. \u201cCome\u00e7ou a ser dito que se os pa\u00edses n\u00e3o fizessem um grande ajuste fiscal, todos virariam a Gr\u00e9cia\u201d, conta Dweck ecoando o economista norte-americano. \u201cOs pa\u00edses come\u00e7aram a tirar o governo da recupera\u00e7\u00e3o e ela come\u00e7ou a ser lenta no mundo inteiro.\u201d<\/p>\n<p>Com alerta a professora da UFRJ, \u00e9 muito parecido com o que vem acontecendo no Brasil. \u201cO que est\u00e1 sendo proposto \u00e9 justamente tirar o Estado do seu papel de estabilizador econ\u00f4mico. E uso tem\u00a0muito a ver essa discuss\u00e3o dos bancos p\u00fablicos no Brasil.\u201d<\/p>\n<p>E, segundo Dweck, n\u00e3o tem milagre. &#8220;O mundo n\u00e3o vai nos puxar \u2013 os EUA e a China est\u00e3o em guerra comercial \u2013, as empresas n\u00e3o v\u00e3o sair gastando, pois ainda est\u00e3o esperando que sua capacidade instalada seja utilizada para voltar a investir, e as fam\u00edlias est\u00e3o esperando que o desemprego caia para poder voltar a gastar. Sobrou um \u00fanico ator que poderia tirar a gente dessa situa\u00e7\u00e3o: o Estado.\u201d<\/p>\n<p>E as m\u00e3os deste foram atadas. \u201cN\u00f3s agora temos a Emenda Constitucional 95\/2016 [do teto dos gastos]. \u00c9 algo grav\u00edssimo o Estado simplesmente amarrar a m\u00e3o de um jeito que n\u00e3o pode fazer nada. Al\u00e9m de ser uma pol\u00edtica recessiva, pois pega uma parte grande da economia [o setor p\u00fablico] e dizer que ela n\u00e3o pode mais crescer.\u201d\u00a0<\/p>\n<p>\u00c9 a\u00ed que os bancos federais deveriam ter papel um essencial, acredita a professora da UFRJ. Ela observa que o setor p\u00fablico, seja federal ou estadual, se financiam particularmente com bancos p\u00fablicos. \u201cSe voc\u00ea olhar o saneamento b\u00e1sico, o setor rural, transporte, habita\u00e7\u00e3o, essas \u00e1reas dependem de bancos estatais, como o Banco do Brasil e Caixa Econ\u00f4mica Federal. O que a gente est\u00e1 vendo \u00e9 um grande desmonte dessas capacidades de financiamento\u201d. O que pode piorar, dependendo dos resultados das urnas no dia 29, acredita a economista.<\/p>\n<p>\u00a0<\/p>\n<p><strong>Fonte: Carta Capital<\/strong><\/p>\n","protected":false},"excerpt":{"rendered":"<p>\u201cUm voo de galinha.\u201d Esse dever\u00e1 ser o crescimento econ\u00f4mico do Brasil se a atual pol\u00edtica de ajuste fiscal e conten\u00e7\u00e3o de investimento estatal continuar nos pr\u00f3ximos anos. Quem afirma \u00e9 a economista Esther Dweck, da Universidade Federal do Rio de Janeiro (UFRJ). Ela participou na manh\u00e3 desta ter\u00e7a-feira 16 do semin\u00e1rio\u00a0Di\u00e1logos Capitais\u00a0&#8211; O Futuro [&hellip;]<\/p>\n","protected":false},"author":2,"featured_media":5418,"comment_status":"","ping_status":"","sticky":false,"template":"","format":"standard","meta":{"footnotes":""},"categories":[3],"tags":[],"class_list":["post-5419","post","type-post","status-publish","format-standard","has-post-thumbnail","hentry","category-noticias"],"_links":{"self":[{"href":"https:\/\/hostnetart.com.br\/baixada\/wp-json\/wp\/v2\/posts\/5419","targetHints":{"allow":["GET"]}}],"collection":[{"href":"https:\/\/hostnetart.com.br\/baixada\/wp-json\/wp\/v2\/posts"}],"about":[{"href":"https:\/\/hostnetart.com.br\/baixada\/wp-json\/wp\/v2\/types\/post"}],"author":[{"embeddable":true,"href":"https:\/\/hostnetart.com.br\/baixada\/wp-json\/wp\/v2\/users\/2"}],"replies":[{"embeddable":true,"href":"https:\/\/hostnetart.com.br\/baixada\/wp-json\/wp\/v2\/comments?post=5419"}],"version-history":[{"count":0,"href":"https:\/\/hostnetart.com.br\/baixada\/wp-json\/wp\/v2\/posts\/5419\/revisions"}],"wp:featuredmedia":[{"embeddable":true,"href":"https:\/\/hostnetart.com.br\/baixada\/wp-json\/wp\/v2\/media\/5418"}],"wp:attachment":[{"href":"https:\/\/hostnetart.com.br\/baixada\/wp-json\/wp\/v2\/media?parent=5419"}],"wp:term":[{"taxonomy":"category","embeddable":true,"href":"https:\/\/hostnetart.com.br\/baixada\/wp-json\/wp\/v2\/categories?post=5419"},{"taxonomy":"post_tag","embeddable":true,"href":"https:\/\/hostnetart.com.br\/baixada\/wp-json\/wp\/v2\/tags?post=5419"}],"curies":[{"name":"wp","href":"https:\/\/api.w.org\/{rel}","templated":true}]}}