{"id":5411,"date":"2018-10-16T17:48:43","date_gmt":"2018-10-16T20:48:43","guid":{"rendered":"https:\/\/hostnetart.com.br\/baixada\/sociedade-nao-percebeu-o-perigo-da-privatizacao-dos-bancos-publicos-diz-esther-dweck\/"},"modified":"2018-10-16T17:48:43","modified_gmt":"2018-10-16T20:48:43","slug":"sociedade-nao-percebeu-o-perigo-da-privatizacao-dos-bancos-publicos-diz-esther-dweck","status":"publish","type":"post","link":"https:\/\/hostnetart.com.br\/baixada\/sociedade-nao-percebeu-o-perigo-da-privatizacao-dos-bancos-publicos-diz-esther-dweck\/","title":{"rendered":"&#8216;Sociedade n\u00e3o percebeu o perigo da privatiza\u00e7\u00e3o dos bancos p\u00fablicos&#8217;, diz Esther Dweck"},"content":{"rendered":"<p>Atingida diariamente com campanhas contra o servi\u00e7o estatal, a sociedade ainda n\u00e3o percebeu o quanto pode ser nociva para a vida dos brasileiros a <strong>privatiza\u00e7\u00e3o dos bancos p\u00fablicos<\/strong>. Essa \u00e9 a avalia\u00e7\u00e3o da economista Esther Dweck, ex-secret\u00e1ria de Or\u00e7amento Federal e professora da Universidade Federal do Rio de Janeiro (UFRJ).<\/p>\n<p>Durante quarta edi\u00e7\u00e3o do evento <em>Di\u00e1logos Capitais<\/em>, na capital fluminense, nesta ter\u00e7a-feira (16), Esther explica a import\u00e2ncia da <a class=\"internal-link\" title=\"\" href=\"https:\/\/www.redebrasilatual.com.br\/economia\/2018\/02\/dieese-privatizacao-submete-desenvolvimento-a-interesses-nao-brasileiros\" target=\"_blank\" rel=\"noopener noreferrer\">presen\u00e7a do Estado no combate \u00e0 crise<\/a> e na acelera\u00e7\u00e3o do desenvolvimento econ\u00f4mico.<\/p>\n<p>De acordo com a economista, s\u00f3 com a presen\u00e7a do sistema banc\u00e1rio privado os consumidores e as grandes empresas sair\u00e3o perdendo. &#8220;As fam\u00edlias que est\u00e3o com d\u00edvidas por causas dos juros alt\u00edssimos dos bancos privados podem renegociar com os bancos p\u00fablicos, reduzindo esses juros. As fam\u00edlias perdem com a privatiza\u00e7\u00e3o. As empresas tamb\u00e9m, porque est\u00e3o pegando dinheiro l\u00e1 fora, criando d\u00edvida em d\u00f3lar&#8221;, observa, lembrando que nesse caso tornam-se ref\u00e9ns da pol\u00edtica americana e das influ\u00eancias do mercado cambial especulativo. Assim, se o real se desvaloriza, o endividamento aumenta, como alerta a professora da UFRJ.<\/p>\n<p>Esther Dweck criticou as <a class=\"internal-link\" title=\"\" href=\"https:\/\/www.redebrasilatual.com.br\/cidadania\/2018\/08\/especialistas-apontam-processos-de-perdas-com-venda-de-estatais\" target=\"_blank\" rel=\"noopener noreferrer\">medidas do governo de Michel Temer<\/a>. De acordo com ela, a atual conduta de ajuste fiscal, que <a class=\"internal-link\" title=\"\" href=\"https:\/\/www.redebrasilatual.com.br\/saude\/2018\/07\/pec-do-corte-de-gastos-vai-aumentar-ainda-mais-a-mortalidade-de-criancas-no-brasil\" target=\"_blank\" rel=\"noopener noreferrer\">limita os gastos p\u00fablicos<\/a> por 20 anos e pretende mudar a <a class=\"internal-link\" title=\"\" href=\"https:\/\/www.redebrasilatual.com.br\/politica\/2018\/02\/reforma-da-previdencia-governo-nao-diz-mas-valor-das-aposentadorias-vai-cair\" target=\"_blank\" rel=\"noopener noreferrer\">pol\u00edtica previdenci\u00e1ria<\/a>, \u00e9 um &#8220;rem\u00e9dio que mata o paciente&#8221;. &#8220;A solu\u00e7\u00e3o n\u00e3o \u00e9 a sa\u00edda do Estado.\u00a0Falaram que era s\u00f3 tirar a Dilma, ou aprovar emendas constitucionais, que o crescimento econ\u00f4mico voltaria, mas at\u00e9 hoje estamos esperando&#8221;, critica ela.<\/p>\n<p>Promovido pela revista\u00a0<em>CartaCapital,<\/em>\u00a0com apoio da Federa\u00e7\u00e3o Nacional das Associa\u00e7\u00f5es de Empregados da Caixa (Fenae), o\u00a0evento debateu o futuro dos bancos p\u00fablicos, em meio ao cen\u00e1rio pol\u00edtico do pa\u00eds pr\u00e9-segundo turno.<\/p>\n<p>\u00a0<\/p>\n<dl class=\"image-right captioned\" style=\"width: 360px;\">\n<dt><span class=\"tile-rights\">Reprodu\u00e7\u00e3o<\/span> <a href=\"https:\/\/www.redebrasilatual.com.br\/economia\/2018\/10\/sociedade-nao-percebeu-o-perigo-da-privatizacao-dos-bancos-publicos-diz-esther-dweck\/emir-sader-e-jair-ferreira\" rel=\"lightbox\"><img fetchpriority=\"high\" decoding=\"async\" class=\" lazyloaded\" title=\"Emir Sader e Jair Ferreira\" src=\"https:\/\/www.redebrasilatual.com.br\/economia\/2018\/10\/sociedade-nao-percebeu-o-perigo-da-privatizacao-dos-bancos-publicos-diz-esther-dweck\/emir-sader-e-jair-ferreira\/@@images\/b8712e03-b6b3-41f9-92e0-48d5bdf4e0e1.jpeg\" alt=\"Emir Sader e Jair Ferreira\" width=\"360\" height=\"226\" data-src=\"https:\/\/www.redebrasilatual.com.br\/economia\/2018\/10\/sociedade-nao-percebeu-o-perigo-da-privatizacao-dos-bancos-publicos-diz-esther-dweck\/emir-sader-e-jair-ferreira\/@@images\/b8712e03-b6b3-41f9-92e0-48d5bdf4e0e1.jpeg\" \/><\/a><\/dt>\n<dd class=\"image-caption\" style=\"width: 360px;\">O soci\u00f3logo Emir Sader e o presidente da Fenae, Jair Ferreira, falam da import\u00e2ncia de combater a carteliza\u00e7\u00e3o do sistema banc\u00e1rio<\/dd>\n<\/dl>\n<p>Com media\u00e7\u00e3o da jornalista Cynara Menezes, participaram tamb\u00e9m o doutor em Ci\u00eancia Pol\u00edtica e coordenador do Laborat\u00f3rio de Pol\u00edticas P\u00fablicas da Universidade Estadual do Rio de Janeiro (Uerj), Emir Sader, e o presidente\u00a0da Fenae (federa\u00e7\u00e3o que re\u00fane as associa\u00e7\u00f5es de funcion\u00e1rios da Caixa),\u00a0Jair Pedro Ferreira.<\/p>\n<p>Ferreira afirma que os instrumentos p\u00fablicos s\u00e3o os \u00fanicos poss\u00edveis para a\u00a0<a class=\"internal-link\" title=\"\" href=\"https:\/\/www.redebrasilatual.com.br\/economia\/2018\/07\/laura-carvalho-crescimento-passa-por-distribuicao-de-renda-e-reducao-de-desigualdade\" target=\"_blank\" rel=\"noopener noreferrer\">redu\u00e7\u00e3o desigualdade social no Brasil<\/a>, j\u00e1 que s\u00e3o os principais financiadores de pol\u00edticas p\u00fablicas. &#8220;H\u00e1 estados onde os bancos p\u00fablicos p\u00fablicos fazem 100% dos financiamentos habitacionais, como o Amazonas&#8221;, afirma ele, que tamb\u00e9m chama a aten\u00e7\u00e3o para o aumento de desemprego com as privatiza\u00e7\u00f5es.<\/p>\n<p>Esther acrescenta que um pr\u00f3ximo governo precisa se impor, atrav\u00e9s da Caixa, do Banco do Brasil e do BNDES para reativar a economia. Desde 2016, com a pol\u00edtica de austeridade de Temer, as investimentos p\u00fablicos ca\u00edram, <a class=\"internal-link\" title=\"\" href=\"https:\/\/www.redebrasilatual.com.br\/economia\/2018\/06\/aposta-no-investimento-publico-e-no-mercado-interno-para-mudar-o-passo-da-valsa\" target=\"_blank\" rel=\"noopener noreferrer\">junto com a economia<\/a>.<\/p>\n<p>&#8220;Os estados e munic\u00edpios se financiam com os bancos p\u00fablicos, sejam para saneamento, cr\u00e9dito imobili\u00e1rio ou mobilidade, e grande parte dos recursos vem da Caixa, por exemplo. O investimento rural \u00e9 feito pelo Banco do Brasil, como outro exemplo.\u00a0Houve um desmonte da capacidade de financiamento, passando pela mudan\u00e7a de regras do BNDES, colocando ele como um grande vil\u00e3o&#8221;, lamenta.<\/p>\n<h3>Risco de privatiza\u00e7\u00f5es<\/h3>\n<p>Com a crise financeira e institucional, Esther Dweck alerta que os ataques aos bancos p\u00fablicos aumentam <a class=\"internal-link\" title=\"\" href=\"https:\/\/www.redebrasilatual.com.br\/politica\/2018\/08\/haddad-propoe-que-bancos-que-cobram-juros-altos-paguem-mais-impostos\" target=\"_blank\" rel=\"noopener noreferrer\">sob o modelo neoliberal<\/a>. Numa competi\u00e7\u00e3o com as empresas privadas, a\u00a0Caixa e o Banco do Brasil sofrem press\u00e3o para ser privatizadas. &#8220;Eles querem concentrar o mercado entre os privados para possibilitar a carteliza\u00e7\u00e3o&#8221;, diz.\u00a0<\/p>\n<p>Emir Sader lembra que o mercado vende como op\u00e7\u00e3o a privatiza\u00e7\u00e3o depois de enfraquecer o Estado.\u00a0<a class=\"internal-link\" title=\"\" href=\"https:\/\/www.redebrasilatual.com.br\/economia\/2018\/05\/alinhados-ao-setor-privado-bancos-publicos-abandonam-concorrencia-e-investimentos\" target=\"_blank\" rel=\"noopener noreferrer\">Alinhados ao setor privado durante o governo Temer<\/a>, os bancos p\u00fablicos abandonam concorr\u00eancia e investimentos, como o corte de cr\u00e9dito, o fechamento de ag\u00eancias e o aumento das tarifas.<\/p>\n<p>&#8220;Eles falam que &#8216;quem n\u00e3o quiser defender esse Estado desfeito, vem para a esfera privada&#8217;, o que \u00e9 uma tenta\u00e7\u00e3o. Por\u00e9m, a esfera deles n\u00e3o \u00e9 privada, mas mercantil. Quando os tucanos privatizaram o Banerj e Banespa, porque n\u00e3o queria fazer pol\u00edticas sociais, eles n\u00e3o colocaram as a\u00e7\u00f5es nas m\u00e3os dos trabalhadores, mas deram ao mercado. Eles transformam o direito em mercadoria&#8221;, conta o soci\u00f3logo.<\/p>\n<p>Esther tamb\u00e9m rebate o argumento de defensores do controle do Estado pelo mercado, de que, com a retra\u00e7\u00e3o do Estado, os bancos privados podem entrar nesses espa\u00e7os com mais compet\u00eancia. Segundo ela, enquanto a economia brasileira crescia, parte da riqueza estava nos t\u00edtulos privados, mas quando afundou, a maior parte da riqueza financeira foi para a d\u00edvida p\u00fablica. &#8220;Ou seja, ela vai para a esfera financeira e n\u00e3o sai de l\u00e1. Quando voc\u00ea tira os bancos p\u00fablicos, a economia enfraquece&#8221;, explica.<\/p>\n<p>\u00a0<\/p>\n<p><strong>Fonte: Rede Brasil Atual<\/strong><\/p>\n","protected":false},"excerpt":{"rendered":"<p>Atingida diariamente com campanhas contra o servi\u00e7o estatal, a sociedade ainda n\u00e3o percebeu o quanto pode ser nociva para a vida dos brasileiros a privatiza\u00e7\u00e3o dos bancos p\u00fablicos. Essa \u00e9 a avalia\u00e7\u00e3o da economista Esther Dweck, ex-secret\u00e1ria de Or\u00e7amento Federal e professora da Universidade Federal do Rio de Janeiro (UFRJ). Durante quarta edi\u00e7\u00e3o do evento [&hellip;]<\/p>\n","protected":false},"author":2,"featured_media":5410,"comment_status":"","ping_status":"","sticky":false,"template":"","format":"standard","meta":{"footnotes":""},"categories":[3],"tags":[],"class_list":["post-5411","post","type-post","status-publish","format-standard","has-post-thumbnail","hentry","category-noticias"],"_links":{"self":[{"href":"https:\/\/hostnetart.com.br\/baixada\/wp-json\/wp\/v2\/posts\/5411","targetHints":{"allow":["GET"]}}],"collection":[{"href":"https:\/\/hostnetart.com.br\/baixada\/wp-json\/wp\/v2\/posts"}],"about":[{"href":"https:\/\/hostnetart.com.br\/baixada\/wp-json\/wp\/v2\/types\/post"}],"author":[{"embeddable":true,"href":"https:\/\/hostnetart.com.br\/baixada\/wp-json\/wp\/v2\/users\/2"}],"replies":[{"embeddable":true,"href":"https:\/\/hostnetart.com.br\/baixada\/wp-json\/wp\/v2\/comments?post=5411"}],"version-history":[{"count":0,"href":"https:\/\/hostnetart.com.br\/baixada\/wp-json\/wp\/v2\/posts\/5411\/revisions"}],"wp:featuredmedia":[{"embeddable":true,"href":"https:\/\/hostnetart.com.br\/baixada\/wp-json\/wp\/v2\/media\/5410"}],"wp:attachment":[{"href":"https:\/\/hostnetart.com.br\/baixada\/wp-json\/wp\/v2\/media?parent=5411"}],"wp:term":[{"taxonomy":"category","embeddable":true,"href":"https:\/\/hostnetart.com.br\/baixada\/wp-json\/wp\/v2\/categories?post=5411"},{"taxonomy":"post_tag","embeddable":true,"href":"https:\/\/hostnetart.com.br\/baixada\/wp-json\/wp\/v2\/tags?post=5411"}],"curies":[{"name":"wp","href":"https:\/\/api.w.org\/{rel}","templated":true}]}}