{"id":541,"date":"2014-01-21T00:00:00","date_gmt":"2014-01-21T02:00:00","guid":{"rendered":"https:\/\/hostnetart.com.br\/baixada\/forum-paritario-sobre-condicoes-de-trabalho-na-caixa-se-reune-nesta-terca\/"},"modified":"2014-01-21T00:00:00","modified_gmt":"2014-01-21T02:00:00","slug":"forum-paritario-sobre-condicoes-de-trabalho-na-caixa-se-reune-nesta-terca","status":"publish","type":"post","link":"https:\/\/hostnetart.com.br\/baixada\/forum-paritario-sobre-condicoes-de-trabalho-na-caixa-se-reune-nesta-terca\/","title":{"rendered":"F\u00f3rum parit\u00e1rio sobre condi\u00e7\u00f5es de trabalho na Caixa se re\u00fane nesta ter\u00e7a"},"content":{"rendered":"<p>O F\u00f3rum Parit\u00e1rio sobre Condi\u00e7\u00f5es de Trabalho na Caixa Econ\u00f4mica Federal volta a se reunir nesta ter\u00e7a-feira (21), em Bras\u00edlia. Ser\u00e1 o terceiro encontro do grupo, formado por representantes dos empregados e da Caixa. Na \u00faltima reuni\u00e3o, realizada em 17 de dezembro, foram debatidas demandas como jornada, ass\u00e9dio moral e empregados por unidade.<\/p>\n<p>\u00a0<\/p>\n<p>A forma\u00e7\u00e3o do F\u00f3rum foi uma conquista da Campanha Nacional dos Banc\u00e1rios 2013. Na reuni\u00e3o desta ter\u00e7a, ser\u00e1 questionado o m\u00e9todo utilizado pela Caixa para dimensionar as ag\u00eancias. \u201cTemos de discutir esse m\u00e9todo porque, na pr\u00e1tica, n\u00e3o est\u00e1 atendendo a demanda\u201d, explica Dion\u00edsio Reis Siqueira, integrante do F\u00f3rum e da Comiss\u00e3o Executiva dos Empregados (CEE\/ Caixa), que assessora a Contraf-CUT nas negocia\u00e7\u00f5es com o banco.<\/p>\n<p>\u00a0<\/p>\n<p>Segundo Dion\u00edsio, faltam trabalhadores e maiores investimentos nos locais de atendimento e o F\u00f3rum vai cobrar melhorias.<\/p>\n<p>\u00a0<\/p>\n<p>No Acordo de Trabalho Coletivo (ACT) firmado com a Caixa, ficou estabelecido que ser\u00e3o realizadas cinco reuni\u00f5es e os trabalhos devem ser conclu\u00eddos at\u00e9 30 de mar\u00e7o.<\/p>\n<p>\u00a0<\/p>\n<p>Fonte: Contraf-CUT com Fenae<\/p>\n","protected":false},"excerpt":{"rendered":"<p>O F\u00f3rum Parit\u00e1rio sobre Condi\u00e7\u00f5es de Trabalho na Caixa Econ\u00f4mica Federal volta a se reunir nesta ter\u00e7a-feira (21), em Bras\u00edlia. Ser\u00e1 o terceiro encontro do grupo, formado por representantes dos empregados e da Caixa. Na \u00faltima reuni\u00e3o, realizada em 17 de dezembro, foram debatidas demandas como jornada, ass\u00e9dio moral e empregados por unidade. \u00a0 A [&hellip;]<\/p>\n","protected":false},"author":1,"featured_media":0,"comment_status":"","ping_status":"","sticky":false,"template":"","format":"standard","meta":{"footnotes":""},"categories":[3],"tags":[],"class_list":["post-541","post","type-post","status-publish","format-standard","hentry","category-noticias"],"_links":{"self":[{"href":"https:\/\/hostnetart.com.br\/baixada\/wp-json\/wp\/v2\/posts\/541","targetHints":{"allow":["GET"]}}],"collection":[{"href":"https:\/\/hostnetart.com.br\/baixada\/wp-json\/wp\/v2\/posts"}],"about":[{"href":"https:\/\/hostnetart.com.br\/baixada\/wp-json\/wp\/v2\/types\/post"}],"author":[{"embeddable":true,"href":"https:\/\/hostnetart.com.br\/baixada\/wp-json\/wp\/v2\/users\/1"}],"replies":[{"embeddable":true,"href":"https:\/\/hostnetart.com.br\/baixada\/wp-json\/wp\/v2\/comments?post=541"}],"version-history":[{"count":0,"href":"https:\/\/hostnetart.com.br\/baixada\/wp-json\/wp\/v2\/posts\/541\/revisions"}],"wp:attachment":[{"href":"https:\/\/hostnetart.com.br\/baixada\/wp-json\/wp\/v2\/media?parent=541"}],"wp:term":[{"taxonomy":"category","embeddable":true,"href":"https:\/\/hostnetart.com.br\/baixada\/wp-json\/wp\/v2\/categories?post=541"},{"taxonomy":"post_tag","embeddable":true,"href":"https:\/\/hostnetart.com.br\/baixada\/wp-json\/wp\/v2\/tags?post=541"}],"curies":[{"name":"wp","href":"https:\/\/api.w.org\/{rel}","templated":true}]}}