{"id":5409,"date":"2018-10-15T18:55:04","date_gmt":"2018-10-15T21:55:04","guid":{"rendered":"https:\/\/hostnetart.com.br\/baixada\/onu-se-diz-preocupada-com-violencia-em-eleicao-no-brasil\/"},"modified":"2018-10-15T18:55:04","modified_gmt":"2018-10-15T21:55:04","slug":"onu-se-diz-preocupada-com-violencia-em-eleicao-no-brasil","status":"publish","type":"post","link":"https:\/\/hostnetart.com.br\/baixada\/onu-se-diz-preocupada-com-violencia-em-eleicao-no-brasil\/","title":{"rendered":"ONU se diz preocupada com viol\u00eancia em elei\u00e7\u00e3o no Brasil"},"content":{"rendered":"<p>A Organiza\u00e7\u00e3o das Na\u00e7\u00f5es Unidas (ONU) declarou em comunicado, nesta sexta-feira (12\/10), estar &#8220;profundamente preocupada&#8221; com o clima de viol\u00eancia nas elei\u00e7\u00f5es do Brasil e apelou aos l\u00edderes nacionais.<\/p>\n<p>&#8220;Pedimos aos l\u00edderes pol\u00edticos e \u00e0queles com influ\u00eancia\u00a0que condenem publicamente qualquer ato de viol\u00eancia durante este per\u00edodo eleitoral delicado, e\u00a0chamem todos os lados para que se expressem de forma pac\u00edfica e com o total respeito pelos direitos dos demais&#8221;, disse a porta-voz da ONU Ravina Shamdasani. <\/p>\n<p>Segundo o jornal\u00a0<em>Estad\u00e3o<\/em>, em declara\u00e7\u00e3o emitida em Genebra o Alto Comissariado das Na\u00e7\u00f5es Unidas para os Direitos Humanos enfatizou que considera &#8220;delicada&#8221; a situa\u00e7\u00e3o brasileira, e pede investiga\u00e7\u00f5es imparciais sobre os crimes registrados.<\/p>\n<p>Depois do ataque a faca contra o candidato do Partido Social Liberal (PSL), Jair Bolsonaro, num ato de campanha em 6 de setembro, foram registrados nos \u00faltimos dias\u00a0<a href=\"https:\/\/www.dw.com\/pt-br\/o-%C3%B3dio-chega-%C3%A0s-ruas\/a-45838154\" target=\"_blank\" rel=\"noopener noreferrer\">diversos casos de agress\u00e3o<\/a>\u00a0por quest\u00f5es pol\u00edticas, inclusive um homic\u00eddio.<\/p>\n<p>Na segunda-feira, o mestre de capoeira Romualdo Ros\u00e1rio da Costa, conhecido como\u00a0Moa do Katend\u00ea, foi assassinado a facada num bar de\u00a0Salvador,\u00a0ap\u00f3s se envolver numa discuss\u00e3o na qual defendia o candidato do Partido dos Trabalhadores (PT), Fernando Haddad. O suspeito foi identificado como adepto de Bolsonaro.<\/p>\n<p><strong>Leia mais:<\/strong><br \/><strong><a title=\"Na \u00faltima ocorr\u00eancia, uma su\u00e1stica foi marcada com canivete na costela de uma mulher. Mapeamentos mostram onda de viol\u00eancia\" href=\"https:\/\/www.cartacapital.com.br\/politica\/episodios-de-violencia-por-motivacoes-politicas-crescem-pos-primeiro-turno\">Viol\u00eancia pol\u00edtica pr\u00f3-Bolsonaro cresce ap\u00f3s primeiro turno<br \/><\/a><a title=\"Agress\u00f5es por motiva\u00e7\u00e3o pol\u00edtica n\u00e3o param de crescer. Em Curitiba, outra v\u00edtima conta que delegacia tinha adesivos pr\u00f3-Bolsonaro. Medo j\u00e1 altera comportamento\" href=\"https:\/\/www.cartacapital.com.br\/politica\/foi-muita-covardia201d-conta-testemunha-de-espancamento-no-parana\">&#8220;Foi muita covardia\u201d, conta testemunha de espancamento em Curitiba<\/a><\/strong><\/p>\n<p>Questionado acerca do caso, o candidato do PSL respondeu: &#8220;A pergunta deveria ser invertida. Quem levou a facada fui eu. Se um homem que tem uma camisa minha comete um excesso, o que isso tem a ver comigo? Eu lamento, e pe\u00e7o \u00e0s pessoas que n\u00e3o pratiquem isso, mas eu n\u00e3o tenho controle.&#8221;<\/p>\n<p>Na quarta-feira, num tu\u00edte, ele voltou ao assunto em tom diferente: &#8220;Dispensamos voto e qualquer aproxima\u00e7\u00e3o de quem pratica viol\u00eancia contra eleitores que n\u00e3o votam em mim. A este tipo de gente pe\u00e7o que vote nulo ou na oposi\u00e7\u00e3o por coer\u00eancia, e que as autoridades tomem as medidas cab\u00edveis, assim como contra caluniadores que tentam nos prejudicar.&#8221;<\/p>\n<p>Numa segunda postagem, por\u00e9m, afirmou haver um &#8220;movimento orquestrado forjando agress\u00f5es&#8221; para\u00a0prejudicar sua campanha, &#8220;nos ligando ao nazismo, que, assim como o comunismo, repudiamos&#8221;.<\/p>\n<p>Bolsonaro venceu o primeiro turno das elei\u00e7\u00f5es presidenciais brasileiras com 46,03% dos votos, seguido por Haddad, com 29,28%. O segundo turno, em que ambos se enfrentar\u00e3o pela maioria absoluta dos votos, est\u00e1 marcado para 28 de outubro.<\/p>\n<p>A declara\u00e7\u00e3o emitida pelas Na\u00e7\u00f5es Unidas n\u00e3o cita o nome de nenhum dos dois candidatos. Shamdasani frisou: &#8220;Condenamos qualquer ato de viol\u00eancia e pedimos investiga\u00e7\u00f5es imparciais, efetivas e imediatas sobre tais atos.&#8221;<\/p>\n<p>&#8220;O discurso violento e inflamat\u00f3rio destas elei\u00e7\u00f5es, especialmente contra LGBTs, mulheres, afrodescendentes e aqueles com vis\u00f5es pol\u00edticas diferentes, \u00e9 profundamente preocupante, especialmente tendo em conta os relatos de viol\u00eancia contra tais pessoas&#8221;, censurou a porta-voz da ONU.<\/p>\n<p>\u00a0<\/p>\n<p><span style=\"text-decoration: underline;\"><em><strong>Fonte: Carta Capital<\/strong><\/em><\/span><\/p>\n","protected":false},"excerpt":{"rendered":"<p>A Organiza\u00e7\u00e3o das Na\u00e7\u00f5es Unidas (ONU) declarou em comunicado, nesta sexta-feira (12\/10), estar &#8220;profundamente preocupada&#8221; com o clima de viol\u00eancia nas elei\u00e7\u00f5es do Brasil e apelou aos l\u00edderes nacionais. &#8220;Pedimos aos l\u00edderes pol\u00edticos e \u00e0queles com influ\u00eancia\u00a0que condenem publicamente qualquer ato de viol\u00eancia durante este per\u00edodo eleitoral delicado, e\u00a0chamem todos os lados para que se [&hellip;]<\/p>\n","protected":false},"author":2,"featured_media":5408,"comment_status":"","ping_status":"","sticky":false,"template":"","format":"standard","meta":{"footnotes":""},"categories":[3],"tags":[],"class_list":["post-5409","post","type-post","status-publish","format-standard","has-post-thumbnail","hentry","category-noticias"],"_links":{"self":[{"href":"https:\/\/hostnetart.com.br\/baixada\/wp-json\/wp\/v2\/posts\/5409","targetHints":{"allow":["GET"]}}],"collection":[{"href":"https:\/\/hostnetart.com.br\/baixada\/wp-json\/wp\/v2\/posts"}],"about":[{"href":"https:\/\/hostnetart.com.br\/baixada\/wp-json\/wp\/v2\/types\/post"}],"author":[{"embeddable":true,"href":"https:\/\/hostnetart.com.br\/baixada\/wp-json\/wp\/v2\/users\/2"}],"replies":[{"embeddable":true,"href":"https:\/\/hostnetart.com.br\/baixada\/wp-json\/wp\/v2\/comments?post=5409"}],"version-history":[{"count":0,"href":"https:\/\/hostnetart.com.br\/baixada\/wp-json\/wp\/v2\/posts\/5409\/revisions"}],"wp:featuredmedia":[{"embeddable":true,"href":"https:\/\/hostnetart.com.br\/baixada\/wp-json\/wp\/v2\/media\/5408"}],"wp:attachment":[{"href":"https:\/\/hostnetart.com.br\/baixada\/wp-json\/wp\/v2\/media?parent=5409"}],"wp:term":[{"taxonomy":"category","embeddable":true,"href":"https:\/\/hostnetart.com.br\/baixada\/wp-json\/wp\/v2\/categories?post=5409"},{"taxonomy":"post_tag","embeddable":true,"href":"https:\/\/hostnetart.com.br\/baixada\/wp-json\/wp\/v2\/tags?post=5409"}],"curies":[{"name":"wp","href":"https:\/\/api.w.org\/{rel}","templated":true}]}}