{"id":5407,"date":"2018-10-15T18:42:20","date_gmt":"2018-10-15T21:42:20","guid":{"rendered":"https:\/\/hostnetart.com.br\/baixada\/e-urgente-implementar-politicas-publicas-para-criacao-de-emprego-alerta-dieese\/"},"modified":"2018-10-15T18:42:20","modified_gmt":"2018-10-15T21:42:20","slug":"e-urgente-implementar-politicas-publicas-para-criacao-de-emprego-alerta-dieese","status":"publish","type":"post","link":"https:\/\/hostnetart.com.br\/baixada\/e-urgente-implementar-politicas-publicas-para-criacao-de-emprego-alerta-dieese\/","title":{"rendered":"\u00c9 urgente implementar pol\u00edticas p\u00fablicas para cria\u00e7\u00e3o de emprego, alerta Dieese"},"content":{"rendered":"<p class=\" \">Para o diretor t\u00e9cnico do Dieese, Clemente Ganz L\u00facio, as pol\u00edticas para dar conta do <strong><a class=\"internal-link\" title=\"\" href=\"https:\/\/www.redebrasilatual.com.br\/economia\/2018\/09\/o-desafio-do-emprego-depois-do-exterminio-de-vagas-de-temer\" target=\"_blank\" rel=\"noopener noreferrer\">desemprego<\/a><\/strong>, uma realidade para 12,7 milh\u00f5es de brasileiros, segundo dados do IBGE, passam pela tomada de uma estrat\u00e9gia econ\u00f4mica que tenha como din\u00e2mica a promo\u00e7\u00e3o de empregos e a valoriza\u00e7\u00e3o dos sal\u00e1rios. &#8220;Isso \u00e9 feito com grande atua\u00e7\u00e3o do Estado&#8221;, ressalta o diretor t\u00e9cnico, em entrevista \u00e0 jornalista Marilu Caba\u00f1as, da <b>R\u00e1dio Brasil Atual<\/b>.<\/p>\n<p class=\" \">&#8220;Agora, no segundo turno, a escolha de um candidato a <strong>presidente<\/strong> significar\u00e1 a escolha de uma trajet\u00f3ria para a economia brasileira&#8221;, afirma Clemente, acrescentando ao problema do desemprego a rela\u00e7\u00e3o com a <a class=\"internal-link\" title=\"\" href=\"https:\/\/www.redebrasilatual.com.br\/eleicoes-2018\/carteira-verde-e-amarela-de-bolsonaro-espalharia-a-informalidade\" target=\"_blank\" rel=\"noopener noreferrer\">informalidade<\/a>, em que se estima que 33 milh\u00f5es de pessoas estejam em ocupa\u00e7\u00f5es prec\u00e1rias, sem direitos e prote\u00e7\u00f5es sociais. O que, segundo o diretor t\u00e9cnico, pode ser contornado com a retomada de obras p\u00fablicas, programas sociais e iniciativas de valoriza\u00e7\u00e3o das empresas internas e estatais.<\/p>\n<p class=\" \">&#8220;\u00c9 o emprego e a ocupa\u00e7\u00e3o das pessoas que geram a atividade econ\u00f4mica, \u00e9 o investimento na produ\u00e7\u00e3o de infraestrutura, na gera\u00e7\u00e3o de m\u00e1quinas e tecnologia, que junto com a for\u00e7a do trabalho humano, gera capacidade de produzir na economia e \u00e9 essa capacidade que, transformada em sal\u00e1rios, gera o consumo e a din\u00e2mica produtiva&#8221;, descreve Clemente.<\/p>\n<p class=\" \">\u00a0<\/p>\n<p class=\" \"><strong>Fonte: Rede Brasil Atual<\/strong><\/p>\n","protected":false},"excerpt":{"rendered":"<p>Para o diretor t\u00e9cnico do Dieese, Clemente Ganz L\u00facio, as pol\u00edticas para dar conta do desemprego, uma realidade para 12,7 milh\u00f5es de brasileiros, segundo dados do IBGE, passam pela tomada de uma estrat\u00e9gia econ\u00f4mica que tenha como din\u00e2mica a promo\u00e7\u00e3o de empregos e a valoriza\u00e7\u00e3o dos sal\u00e1rios. &#8220;Isso \u00e9 feito com grande atua\u00e7\u00e3o do Estado&#8221;, [&hellip;]<\/p>\n","protected":false},"author":2,"featured_media":5406,"comment_status":"","ping_status":"","sticky":false,"template":"","format":"standard","meta":{"footnotes":""},"categories":[3],"tags":[],"class_list":["post-5407","post","type-post","status-publish","format-standard","has-post-thumbnail","hentry","category-noticias"],"_links":{"self":[{"href":"https:\/\/hostnetart.com.br\/baixada\/wp-json\/wp\/v2\/posts\/5407","targetHints":{"allow":["GET"]}}],"collection":[{"href":"https:\/\/hostnetart.com.br\/baixada\/wp-json\/wp\/v2\/posts"}],"about":[{"href":"https:\/\/hostnetart.com.br\/baixada\/wp-json\/wp\/v2\/types\/post"}],"author":[{"embeddable":true,"href":"https:\/\/hostnetart.com.br\/baixada\/wp-json\/wp\/v2\/users\/2"}],"replies":[{"embeddable":true,"href":"https:\/\/hostnetart.com.br\/baixada\/wp-json\/wp\/v2\/comments?post=5407"}],"version-history":[{"count":0,"href":"https:\/\/hostnetart.com.br\/baixada\/wp-json\/wp\/v2\/posts\/5407\/revisions"}],"wp:featuredmedia":[{"embeddable":true,"href":"https:\/\/hostnetart.com.br\/baixada\/wp-json\/wp\/v2\/media\/5406"}],"wp:attachment":[{"href":"https:\/\/hostnetart.com.br\/baixada\/wp-json\/wp\/v2\/media?parent=5407"}],"wp:term":[{"taxonomy":"category","embeddable":true,"href":"https:\/\/hostnetart.com.br\/baixada\/wp-json\/wp\/v2\/categories?post=5407"},{"taxonomy":"post_tag","embeddable":true,"href":"https:\/\/hostnetart.com.br\/baixada\/wp-json\/wp\/v2\/tags?post=5407"}],"curies":[{"name":"wp","href":"https:\/\/api.w.org\/{rel}","templated":true}]}}