{"id":540,"date":"2014-01-21T00:00:00","date_gmt":"2014-01-21T02:00:00","guid":{"rendered":"https:\/\/hostnetart.com.br\/baixada\/bancarios-repudiam-febraban-por-agencias-funcionarem-sem-vigilantes\/"},"modified":"2014-01-21T00:00:00","modified_gmt":"2014-01-21T02:00:00","slug":"bancarios-repudiam-febraban-por-agencias-funcionarem-sem-vigilantes","status":"publish","type":"post","link":"https:\/\/hostnetart.com.br\/baixada\/bancarios-repudiam-febraban-por-agencias-funcionarem-sem-vigilantes\/","title":{"rendered":"Banc\u00e1rios repudiam Febraban por ag\u00eancias funcionarem sem vigilantes"},"content":{"rendered":"<p>A paralisa\u00e7\u00e3o parcial dos vigilantes de Pernambuco, que est\u00e3o em campanha salarial, foi o principal tema debatido na terceira reuni\u00e3o do Grupo de Acompanhamento do Projeto-piloto de Seguran\u00e7a Banc\u00e1ria, realizada nesta segunda-feira, dia 20, no Recife. Algumas ag\u00eancias funcionaram com \u201cexpediente interno\u201d, mesmo sem a presen\u00e7a dos vigilantes que aderiram \u00e0 paralisa\u00e7\u00e3o. O fato foi bastante criticado pela Contraf-CUT e pelo Sindicato.<\/p>\n<p>\u00a0<br \/>Os representantes dos bancos se defenderam, alegando que as ag\u00eancias funcionaram em esquema de contingenciamento, tentando convencer os banc\u00e1rios de que n\u00e3o houve movimenta\u00e7\u00e3o de numer\u00e1rio. \u201cMas a gente sabe que ag\u00eancia com expediente interno n\u00e3o significa que n\u00e3o h\u00e1 numer\u00e1rio. Os bancos sempre d\u00e3o um jeito de atender seus clientes especiais, as empresas movimentam seus malotes e at\u00e9 os caixas eletr\u00f4nicos funcionam para receber dep\u00f3sitos. Al\u00e9m de descumprir a Lei 7.102\/83, que obriga as ag\u00eancias banc\u00e1rias a funcionarem com a presen\u00e7a de vigilantes armados e com coletes a prova de balas, a abertura dessas unidades nesta segunda-feira tamb\u00e9m descumpriu o acordo do projeto-piloto\u201d, explica a presidenta do Sindicato, Jaqueline Mello.<\/p>\n<p>\u00a0<br \/>Segundo o secret\u00e1rio de Imprensa da Contraf-CUT e coordenador do Coletivo Nacional de Seguran\u00e7a Banc\u00e1ria, Ademir Wiederkehr, os representantes dos banc\u00e1rios exigiram da Febraban que os funcion\u00e1rios das ag\u00eancias que estavam sem vigilantes fossem liberados do trabalho, j\u00e1 que a seguran\u00e7a estava comprometida. \u201cMas a Febraban negou a reivindica\u00e7\u00e3o e chegou a sugerir que a presen\u00e7a dos vigilantes s\u00f3 se justifica quando h\u00e1 movimenta\u00e7\u00e3o de numer\u00e1rio. Isso mostra que os bancos est\u00e3o mais preocupados com a seguran\u00e7a do dinheiro do que com a vida dos banc\u00e1rios\u201d, afirma Ademir.<\/p>\n<p>\u00a0<br \/>Diante da negativa da Febraban, a Contraf-CUT e o Sindicato se dirigiram at\u00e9 a Pol\u00edcia Federal, ap\u00f3s a reuni\u00e3o do projeto-piloto, para denunciar o desrespeito dos bancos com a legisla\u00e7\u00e3o. A Pol\u00edcia Federal \u00e9 respons\u00e1vel por aprovar o plano de seguran\u00e7a das ag\u00eancias e fiscalizar se ele est\u00e1 sendo cumprido ou n\u00e3o. \u201cOs bancos est\u00e3o brincando com a vida dos banc\u00e1rios e isso n\u00f3s n\u00e3o vamos permitir\u201d, diz Jaqueline.<\/p>\n<p>\u00a0<br \/>&gt; Clique\u00a0<a href=\"http:\/\/bancariospe.org.br\/files\/CartaPF.pdf\" target=\"_blank\" rel=\"noopener noreferrer\">aqui<\/a>\u00a0para ler o of\u00edcio protocolado na Pol\u00edcia Federal.<\/p>\n<p>\u00a0<br \/><strong>Efeitos dos projeto-piloto<\/strong><\/p>\n<p>\u00a0<\/p>\n<p>Pela primeira vez, os comandos das Pol\u00edcias Civil e Militar participaram da reuni\u00e3o do Grupo de Acompanhamento do Projeto-piloto, uma reivindica\u00e7\u00e3o da Contraf-CUT e do Sindicato. Durante o encontro, as pol\u00edcias apresentaram dados que mostram que a instala\u00e7\u00e3o dos itens de seguran\u00e7a j\u00e1 come\u00e7a a fazer efeito.<\/p>\n<p>\u00a0<\/p>\n<p>Segundo os dados apresentados, o crime conhecido como \u201csaidinha de banco\u201d retraiu nas tr\u00eas cidades onde o projeto-piloto foi implantado. No Recife, a redu\u00e7\u00e3o deste tipo de crime foi de 52,9% (de 314 ocorr\u00eancias em 2012 para 148 em 2013). Em Olinda houve uma redu\u00e7\u00e3o de 29,2% (de 65 para 46) e em Jaboat\u00e3o a queda foi ainda maior: 64,4% (de 73 para 26).<\/p>\n<p>\u00a0<\/p>\n<p>\u201cIsso \u00e9 reflexo do projeto-piloto. A instala\u00e7\u00e3o dos biombos em frente aos caixas tem garantido a privacidade dos clientes nas transa\u00e7\u00f5es, assim como a coloca\u00e7\u00e3o das c\u00e2meras nas \u00e1reas internas e externas das ag\u00eancias tem inibido a a\u00e7\u00e3o dos bandidos\u201d, explica Ademir.<\/p>\n<p>\u00a0<\/p>\n<p>O n\u00famero de roubos a banco tamb\u00e9m caiu de 2012 para 2013 (de 29 para 24 ocorr\u00eancias, uma redu\u00e7\u00e3o de 17,2%). \u201cMas esses n\u00fameros se referem a Pernambuco. Nos pr\u00f3ximos encontros, a pol\u00edcia vai nos trazer dados mais detalhados para verificarmos a situa\u00e7\u00e3o de Recife, Olinda e Jaboat\u00e3o, ap\u00f3s a instala\u00e7\u00e3o do projeto-piloto\u201d, explica Jaqueline.<\/p>\n<p>\u00a0<\/p>\n<p>\u00a0<\/p>\n<p><strong>Boletins de Ocorr\u00eancias\u00a0<\/strong><\/p>\n<p>\u00a0<\/p>\n<p>Durante a reuni\u00e3o, os comandos das Pol\u00edcias Civil e Militar relataram que os bancos t\u00eam deixado de registrar Boletins de Ocorr\u00eancias. Tamb\u00e9m h\u00e1 casos em que as institui\u00e7\u00f5es registram os BOs com mais de vinte dias de atraso, o que dificulta o trabalho policial.<\/p>\n<p>\u00a0<\/p>\n<p>Ademir destaca que, em 2010, os banc\u00e1rios conseguiram incluir na Conven\u00e7\u00e3o Coletiva de Trabalho (CCT) a obrigatoriedade de os bancos registrarem Boletim de Ocorr\u00eancia. \u201cIsso mostra que os bancos est\u00e3o desrespeitando a nossa conven\u00e7\u00e3o,o que \u00e9 inaceit\u00e1vel. Reiteramos a nossa reivindica\u00e7\u00e3o de acesso \u00e0s c\u00f3pias dos BOs como forma de fiscalizar o cumprimento da CCT. Mas os bancos alegaram que os dados s\u00e3o confidenciais, por quest\u00f5es de seguran\u00e7a. A pol\u00edcia, por\u00e9m, permitiu que a gente tenha acesso a algumas informa\u00e7\u00f5es dos BOs, o que j\u00e1 \u00e9 um avan\u00e7o\u201d, explica.<\/p>\n<p>\u00a0<\/p>\n<p>Outra reclama\u00e7\u00e3o da pol\u00edcia aos bancos foi sobre a p\u00e9ssima qualidade das imagens e do posicionamento inadequado de parte das c\u00e2meras de seguran\u00e7a, o que t\u00eam dificultado o reconhecimento dos criminosos. A pol\u00edcia citou um caso em que o pr\u00f3prio vigilante n\u00e3o se reconheceu nas imagens.<\/p>\n<p>\u00a0<\/p>\n<p>Segundo o diretor do Sindicato, Jo\u00e3o Rufino, o projeto-piloto garante a instala\u00e7\u00e3o de c\u00e2meras nas \u00e1reas externas e internas das ag\u00eancias. \u201cEmbora o acordo n\u00e3o fale sobre a qualidade das imagens, \u00e9 \u00f3bvio que elas precisam ser boas para que os bandidos possam ser identificados. A pol\u00edcia tamb\u00e9m destacou a import\u00e2ncia do monitoramento dessas c\u00e2meras ser feito em tempo real, o que \u00e9 uma antiga reivindica\u00e7\u00e3o dos sindicatos\u201d, explica Rufino, que representa o Nordeste no Coletivo Nacional de Seguran\u00e7a Banc\u00e1ria.<\/p>\n<p>\u00a0<\/p>\n<p>Al\u00e9m de Jaqueline, Ademir e Rufino, representaram os banc\u00e1rios na reuni\u00e3o desta segunda-feira o secret\u00e1rio-geral do Sindicato, Fabiano F\u00e9lix, e a secret\u00e1ria de Finan\u00e7as, Suzineide Rodrigues.<\/p>\n<p>\u00a0<\/p>\n<p>Nova reuni\u00e3o do Grupo de Acompanhamento do Projeto-piloto ser\u00e1 realizada na segunda quinzena de fevereiro, em S\u00e3o Paulo. O encontro ser\u00e1 ampliado com a participa\u00e7\u00e3o da coordena\u00e7\u00e3o do Comando Nacional dos Banc\u00e1rios e do Coletivo Nacional de Seguran\u00e7a Banc\u00e1ria.<\/p>\n<p>\u00a0<\/p>\n<p>\u00a0<\/p>\n<p><strong>Reuni\u00e3o com as ag\u00eancias\u00a0<\/strong><\/p>\n<p>\u00a0<\/p>\n<p>Nesta ter\u00e7a e quarta-feira, dias 21 e 22, o Grupo de Acompanhamento do Projeto-piloto realiza reuni\u00f5es com representantes das 209 ag\u00eancias de Recife, Olinda e Jaboat\u00e3o.<\/p>\n<p>\u00a0<\/p>\n<p>O objetivo do encontro, proposto pelo Sindicato e Contraf-CUT, \u00e9 informar aos gestores sobre o andamento do projeto-piloto e envolv\u00ea-los na luta por mais seguran\u00e7a nos bancos. Ser\u00e3o quatro reuni\u00f5es, uma para cada grupo de cerca de 50 gerentes, com duas horas de dura\u00e7\u00e3o.<\/p>\n<p>\u00a0<\/p>\n<p>Fonte: Seec Pernambuco com Contraf-CUT<\/p>\n","protected":false},"excerpt":{"rendered":"<p>A paralisa\u00e7\u00e3o parcial dos vigilantes de Pernambuco, que est\u00e3o em campanha salarial, foi o principal tema debatido na terceira reuni\u00e3o do Grupo de Acompanhamento do Projeto-piloto de Seguran\u00e7a Banc\u00e1ria, realizada nesta segunda-feira, dia 20, no Recife. Algumas ag\u00eancias funcionaram com \u201cexpediente interno\u201d, mesmo sem a presen\u00e7a dos vigilantes que aderiram \u00e0 paralisa\u00e7\u00e3o. O fato foi [&hellip;]<\/p>\n","protected":false},"author":1,"featured_media":0,"comment_status":"","ping_status":"","sticky":false,"template":"","format":"standard","meta":{"footnotes":""},"categories":[3],"tags":[],"class_list":["post-540","post","type-post","status-publish","format-standard","hentry","category-noticias"],"_links":{"self":[{"href":"https:\/\/hostnetart.com.br\/baixada\/wp-json\/wp\/v2\/posts\/540","targetHints":{"allow":["GET"]}}],"collection":[{"href":"https:\/\/hostnetart.com.br\/baixada\/wp-json\/wp\/v2\/posts"}],"about":[{"href":"https:\/\/hostnetart.com.br\/baixada\/wp-json\/wp\/v2\/types\/post"}],"author":[{"embeddable":true,"href":"https:\/\/hostnetart.com.br\/baixada\/wp-json\/wp\/v2\/users\/1"}],"replies":[{"embeddable":true,"href":"https:\/\/hostnetart.com.br\/baixada\/wp-json\/wp\/v2\/comments?post=540"}],"version-history":[{"count":0,"href":"https:\/\/hostnetart.com.br\/baixada\/wp-json\/wp\/v2\/posts\/540\/revisions"}],"wp:attachment":[{"href":"https:\/\/hostnetart.com.br\/baixada\/wp-json\/wp\/v2\/media?parent=540"}],"wp:term":[{"taxonomy":"category","embeddable":true,"href":"https:\/\/hostnetart.com.br\/baixada\/wp-json\/wp\/v2\/categories?post=540"},{"taxonomy":"post_tag","embeddable":true,"href":"https:\/\/hostnetart.com.br\/baixada\/wp-json\/wp\/v2\/tags?post=540"}],"curies":[{"name":"wp","href":"https:\/\/api.w.org\/{rel}","templated":true}]}}