{"id":5397,"date":"2018-10-11T11:56:33","date_gmt":"2018-10-11T14:56:33","guid":{"rendered":"https:\/\/hostnetart.com.br\/baixada\/contraf-cut-debate-sobre-questoes-raciais-com-delegacao-americana\/"},"modified":"2018-10-11T11:56:33","modified_gmt":"2018-10-11T14:56:33","slug":"contraf-cut-debate-sobre-questoes-raciais-com-delegacao-americana","status":"publish","type":"post","link":"https:\/\/hostnetart.com.br\/baixada\/contraf-cut-debate-sobre-questoes-raciais-com-delegacao-americana\/","title":{"rendered":"Contraf-CUT debate sobre quest\u00f5es raciais com delega\u00e7\u00e3o americana"},"content":{"rendered":"<div class=\"content\">\n<p>Representantes da Confedera\u00e7\u00e3o Nacional dos Trabalhadores do Ramo Financeiro (Contraf-CUT) e da Central \u00danica dos Trabalhadores (CUT) se reuniram na cidade de S\u00e3o Paulo, na segunda-feira (8), com uma delega\u00e7\u00e3o de sindicalistas e ativistas americanos no combate ao racismo para uma roda de conversa e troca de experi\u00eancias sobre a quest\u00e3o racial. A reuni\u00e3o aconteceu a convite da American Federation of Labor and Congress of Industrial Organizations (AFL-CIO) e o Solidarity Center.<\/p>\n<p>Para o secret\u00e1rio de Combate ao Racismo da Contraf-CUT, Almir Aguiar, o encontro foi importante para comparar os ataques que a popula\u00e7\u00e3o negra est\u00e1 sofrendo tanto no Brasil quanto nos Estados Unidos da Am\u00e9rica (EUA). \u201cDepois do golpe em nosso pa\u00eds, o governo Temer tem atacado as pol\u00edticas afirmativas para a popula\u00e7\u00e3o negra, e houve grande avan\u00e7o do genoc\u00eddio da juventude negra no Brasil\u201d, observou o dirigente da Contraf-CUT.<\/p>\n<p>Para a presidenta da A. Philip Randolph Institute (APRI), Clayola Brown, e para o vice presidente da Unity and Strength For Workers, Fred Redmond, h\u00e1 muitas semelhan\u00e7as entre Brasil e EUA no que se refere ao preconceito e \u00e0 discrimina\u00e7\u00e3o racial. Eles afirmaram que alguns projetos, como o sistema p\u00fablico de sa\u00fade implementado pelo presidente Barack Obama e na \u00e1rea da educa\u00e7\u00e3o, importantes para popula\u00e7\u00e3o negra, est\u00e3o sendo desmontado pelo atual presidente Donald Trump.<\/p>\n<p>A secret\u00e1ria Adjunta da Secretaria de Combate ao Racismo da CUT Nacional, Rosana Fernandes, relatou a discrimina\u00e7\u00e3o e a viol\u00eancia sofrida pelos trabalhadores negros no Brasil e sugeriu uma integra\u00e7\u00e3o das lutas pelo combate ao racismo nas am\u00e9ricas.<\/p>\n<p>O secret\u00e1rio de Combate ao Racismo da Contraf-CUT, fez um balan\u00e7o do combate ao racismo no setor banc\u00e1rio. \u201cAl\u00e9m da cor da pele ser um impeditivo na ascens\u00e3o profissional, a invisibilidade do trabalhador negro no sistema financeiro \u00e9 fato real\u201d, disse. Dados concretos do II Censo da Diversidade, de 2014, mostram a aus\u00eancia de negras e negros no setor. \u201cOs representantes dos bancos negam exista discrimina\u00e7\u00e3o no setor, mas basta observarmos as ag\u00eancias banc\u00e1rias de Salvador, capital com a maior porcentagem da popula\u00e7\u00e3o negra do pa\u00eds, onde 80% s\u00e3o afrodescendentes. Mesmo nesta cidade, vemos poucos negros trabalhando nos bancos\u201d criticou Almir Aguiar.<\/p>\n<p><strong>APRI<\/strong><br \/> A A. Philip Randolph (APRI) \u00e9 uma organiza\u00e7\u00e3o nacional de sindicalistas negros, fundada em 1965 por Asa Philip Randolph e Bayard Rustin. Randolph foi o maior l\u00edder sindical negro da hist\u00f3ria americana e o pai do movimento moderno dos direitos civis americano. A miss\u00e3o da APRI \u00e9 a luta por igualdade racial e pela justi\u00e7a econ\u00f4mica, com foco nos sindicalistas negros, para unir trabalhadores e a comunidade negra.<\/p>\n<p>\u00a0<\/p>\n<\/div>\n<p id=\"page-author\"><span style=\"text-decoration: underline;\"><em><strong>Fonte: Contraf-CUT<\/strong><\/em><\/span><\/p>\n","protected":false},"excerpt":{"rendered":"<p>Representantes da Confedera\u00e7\u00e3o Nacional dos Trabalhadores do Ramo Financeiro (Contraf-CUT) e da Central \u00danica dos Trabalhadores (CUT) se reuniram na cidade de S\u00e3o Paulo, na segunda-feira (8), com uma delega\u00e7\u00e3o de sindicalistas e ativistas americanos no combate ao racismo para uma roda de conversa e troca de experi\u00eancias sobre a quest\u00e3o racial. A reuni\u00e3o aconteceu [&hellip;]<\/p>\n","protected":false},"author":2,"featured_media":5396,"comment_status":"","ping_status":"","sticky":false,"template":"","format":"standard","meta":{"footnotes":""},"categories":[3],"tags":[],"class_list":["post-5397","post","type-post","status-publish","format-standard","has-post-thumbnail","hentry","category-noticias"],"_links":{"self":[{"href":"https:\/\/hostnetart.com.br\/baixada\/wp-json\/wp\/v2\/posts\/5397","targetHints":{"allow":["GET"]}}],"collection":[{"href":"https:\/\/hostnetart.com.br\/baixada\/wp-json\/wp\/v2\/posts"}],"about":[{"href":"https:\/\/hostnetart.com.br\/baixada\/wp-json\/wp\/v2\/types\/post"}],"author":[{"embeddable":true,"href":"https:\/\/hostnetart.com.br\/baixada\/wp-json\/wp\/v2\/users\/2"}],"replies":[{"embeddable":true,"href":"https:\/\/hostnetart.com.br\/baixada\/wp-json\/wp\/v2\/comments?post=5397"}],"version-history":[{"count":0,"href":"https:\/\/hostnetart.com.br\/baixada\/wp-json\/wp\/v2\/posts\/5397\/revisions"}],"wp:featuredmedia":[{"embeddable":true,"href":"https:\/\/hostnetart.com.br\/baixada\/wp-json\/wp\/v2\/media\/5396"}],"wp:attachment":[{"href":"https:\/\/hostnetart.com.br\/baixada\/wp-json\/wp\/v2\/media?parent=5397"}],"wp:term":[{"taxonomy":"category","embeddable":true,"href":"https:\/\/hostnetart.com.br\/baixada\/wp-json\/wp\/v2\/categories?post=5397"},{"taxonomy":"post_tag","embeddable":true,"href":"https:\/\/hostnetart.com.br\/baixada\/wp-json\/wp\/v2\/tags?post=5397"}],"curies":[{"name":"wp","href":"https:\/\/api.w.org\/{rel}","templated":true}]}}