{"id":5395,"date":"2018-10-11T11:55:42","date_gmt":"2018-10-11T14:55:42","guid":{"rendered":"https:\/\/hostnetart.com.br\/baixada\/especialistas-defendem-a-continuidade-da-politica-de-valorizacao-do-salario-minimo-2\/"},"modified":"2018-10-11T11:55:42","modified_gmt":"2018-10-11T14:55:42","slug":"especialistas-defendem-a-continuidade-da-politica-de-valorizacao-do-salario-minimo-2","status":"publish","type":"post","link":"https:\/\/hostnetart.com.br\/baixada\/especialistas-defendem-a-continuidade-da-politica-de-valorizacao-do-salario-minimo-2\/","title":{"rendered":"Especialistas defendem a continuidade da pol\u00edtica de valoriza\u00e7\u00e3o do sal\u00e1rio m\u00ednimo"},"content":{"rendered":"<div class=\"content\">\n<p>Um dos primeiros desafios para o pr\u00f3ximo presidente da Rep\u00fablica, j\u00e1 nos primeiros meses de 2019, ser\u00e1 a escolha pela continuidade ou modifica\u00e7\u00e3o da atual\u00a0<a href=\"https:\/\/www.redebrasilatual.com.br\/economia\/2018\/01\/politica-para-salario-minimo-aumentou-poder-de-compra\" target=\"_blank\" rel=\"noopener noreferrer\">pol\u00edtica de valoriza\u00e7\u00e3o do sal\u00e1rio m\u00ednimo<\/a>, garantida por lei at\u00e9 o ano que vem. Al\u00e9m de aumentar o poder de compra da popula\u00e7\u00e3o mais pobre, essa pol\u00edtica tamb\u00e9m foi um dos fatores importantes para combater a\u00a0<a href=\"https:\/\/www.redebrasilatual.com.br\/economia\/2018\/01\/politica-para-salario-minimo-aumentou-poder-de-compra\" target=\"_blank\" rel=\"noopener noreferrer\">m\u00e1 distribui\u00e7\u00e3o de renda<\/a>.<\/p>\n<p>\u201cA gente precisa, urgentemente, retomar o n\u00edvel de crescimento econ\u00f4mico, garantir na revis\u00e3o da pol\u00edtica de sal\u00e1rio m\u00ednimo a sua continuidade e, principalmente, revogar a PEC dos gastos sociais\u201d, pondera a economista, pesquisadora do Centro de Estudos Sindicais e Economia do Trabalho (Cesit) da Universidade Estadual de Campinas (Unicamp) Marilane Teixeira, em entrevista ao rep\u00f3rter Cosmo Silva, da\u00a0<strong>R\u00e1dio Brasil Atual<\/strong>. Ela adverte que um governo sem compromisso social poder\u00e1 corrigir o sal\u00e1rio m\u00ednimo com base apenas na infla\u00e7\u00e3o do per\u00edodo.<\/p>\n<p>Pela Lei 13.152, de 2015, o sal\u00e1rio m\u00ednimo al\u00e9m de ser reajustado pela infla\u00e7\u00e3o do ano anterior, que tem como par\u00e2metro legal o INPC-IBGE, vem acrescido da\u00a0varia\u00e7\u00e3o do Produto Interno Bruto (PIB). Para o presidente da CUT em S\u00e3o Paulo, Douglas Izzo, isso garante o fomento da economia. &#8220;Eles tentam apontar para corte de direitos dos trabalhadores mas os privil\u00e9gios que t\u00eam, mant\u00eam de forma intoc\u00e1vel.&#8221;<\/p>\n<p>Clique <a href=\"https:\/\/soundcloud.com\/redebrasilatual\/valorizacao-do-salario-minimo-e-13-foram-temas-do-primeiro-turno-das-eleicoes\">aqui<\/a> para ler a entrevista completa.<\/p>\n<p>\u00a0<\/p>\n<\/div>\n<p id=\"page-author\"><strong>Fonte: Rede Brasil Atual<\/strong><\/p>\n","protected":false},"excerpt":{"rendered":"<p>Um dos primeiros desafios para o pr\u00f3ximo presidente da Rep\u00fablica, j\u00e1 nos primeiros meses de 2019, ser\u00e1 a escolha pela continuidade ou modifica\u00e7\u00e3o da atual\u00a0pol\u00edtica de valoriza\u00e7\u00e3o do sal\u00e1rio m\u00ednimo, garantida por lei at\u00e9 o ano que vem. Al\u00e9m de aumentar o poder de compra da popula\u00e7\u00e3o mais pobre, essa pol\u00edtica tamb\u00e9m foi um dos [&hellip;]<\/p>\n","protected":false},"author":2,"featured_media":5394,"comment_status":"","ping_status":"","sticky":false,"template":"","format":"standard","meta":{"footnotes":""},"categories":[3],"tags":[],"class_list":["post-5395","post","type-post","status-publish","format-standard","has-post-thumbnail","hentry","category-noticias"],"_links":{"self":[{"href":"https:\/\/hostnetart.com.br\/baixada\/wp-json\/wp\/v2\/posts\/5395","targetHints":{"allow":["GET"]}}],"collection":[{"href":"https:\/\/hostnetart.com.br\/baixada\/wp-json\/wp\/v2\/posts"}],"about":[{"href":"https:\/\/hostnetart.com.br\/baixada\/wp-json\/wp\/v2\/types\/post"}],"author":[{"embeddable":true,"href":"https:\/\/hostnetart.com.br\/baixada\/wp-json\/wp\/v2\/users\/2"}],"replies":[{"embeddable":true,"href":"https:\/\/hostnetart.com.br\/baixada\/wp-json\/wp\/v2\/comments?post=5395"}],"version-history":[{"count":0,"href":"https:\/\/hostnetart.com.br\/baixada\/wp-json\/wp\/v2\/posts\/5395\/revisions"}],"wp:featuredmedia":[{"embeddable":true,"href":"https:\/\/hostnetart.com.br\/baixada\/wp-json\/wp\/v2\/media\/5394"}],"wp:attachment":[{"href":"https:\/\/hostnetart.com.br\/baixada\/wp-json\/wp\/v2\/media?parent=5395"}],"wp:term":[{"taxonomy":"category","embeddable":true,"href":"https:\/\/hostnetart.com.br\/baixada\/wp-json\/wp\/v2\/categories?post=5395"},{"taxonomy":"post_tag","embeddable":true,"href":"https:\/\/hostnetart.com.br\/baixada\/wp-json\/wp\/v2\/tags?post=5395"}],"curies":[{"name":"wp","href":"https:\/\/api.w.org\/{rel}","templated":true}]}}