{"id":5393,"date":"2018-10-11T11:54:54","date_gmt":"2018-10-11T14:54:54","guid":{"rendered":"https:\/\/hostnetart.com.br\/baixada\/novo-congresso-nacional-tem-perfil-ainda-pior-para-os-trabalhadores\/"},"modified":"2018-10-11T11:54:54","modified_gmt":"2018-10-11T14:54:54","slug":"novo-congresso-nacional-tem-perfil-ainda-pior-para-os-trabalhadores","status":"publish","type":"post","link":"https:\/\/hostnetart.com.br\/baixada\/novo-congresso-nacional-tem-perfil-ainda-pior-para-os-trabalhadores\/","title":{"rendered":"Novo Congresso Nacional tem perfil ainda pior para os trabalhadores"},"content":{"rendered":"<div class=\"content\">\n<p>O Congresso Nacional ter\u00e1 a maior renova\u00e7\u00e3o dos \u00faltimos 24 anos, mas isso n\u00e3o \u00e9 uma boa not\u00edcia. A chegada de novos parlamentares \u00e0 C\u00e2mara dos Deputados, 53,4%, decorre principalmente da grande vota\u00e7\u00e3o recebida por candidatos do PSL, de Jair Bolsonaro, que acabou elegendo 52 deputados. No Senado, a renova\u00e7\u00e3o ser\u00e1 de 85%: apenas 8 das 54 vagas disputadas ser\u00e3o ocupadas por candidatos que buscavam a reelei\u00e7\u00e3o na vota\u00e7\u00e3o do \u00faltimo domingo (7).<\/p>\n<p>\u201cFoi um resultado que superou nossas expectativas, pois em todos os outros anos, depois de 1994, a mudan\u00e7a dos quadros ficou abaixo dos 50%\u201d, afirmou Ant\u00f4nio Augusto de Queiroz, diretor do Departamento Intersindical de Assessoria Parlamentar (Diap) e analista pol\u00edtico.<\/p>\n<p>Apesar disso, o Congresso ser\u00e1 o mais conservador de todos os tempos, de acordo com a avalia\u00e7\u00e3o do Diap. Al\u00e9m do aumento da bancada do PSL, que passar\u00e1 a ser a segunda maior legenda da Casa, o n\u00famero de parlamentares novos de outros partidos tem predom\u00ednio das chamadas &#8220;bancadas BBB&#8221;: a da bala (dos parlamentares que representam for\u00e7as policiais e militares), do boi (os que integram o setor ruralista) e da b\u00edblia (evang\u00e9licos).<\/p>\n<p>\u201cH\u00e1 muitos policiais, muitas celebridades e tamb\u00e9m muitos representantes de setores de setores das igrejas evang\u00e9licas. Seguramente ser\u00e1 o Congresso mais conservador de todos os tempos\u201d, disse Queiroz. \u201cNo Senado, h\u00e1 uma caracter\u00edstica muito forte de circula\u00e7\u00e3o do poder. S\u00e3o pessoas que j\u00e1 exerceram outros cargos, que eram secret\u00e1rios estaduais, deputados etc. E que agora chegam ao Legislativo\u201d, completou.<\/p>\n<p>Para Juvandia Moreira, presidenta da Confedera\u00e7\u00e3o Nacional dos Trabalhadores do Ramo Financeiro (Contraf-CUT), a classe trabalhadora dever\u00e1 estar atenta e organizada na defesa de seus direitos. \u201cMuitos desses parlamentares foram eleitos por partidos que sempre se posicionaram contr\u00e1rios aos direitos trabalhistas, que votaram a favor da terceiriza\u00e7\u00e3o, da PEC que congelou os investimentos em sa\u00fade, educa\u00e7\u00e3o, que s\u00e3o a favor das privatiza\u00e7\u00f5es, da entrega do patrim\u00f4nio p\u00fablico brasileiro aos estrangeiros.<\/p>\n<p>\u201cA elei\u00e7\u00e3o desse tipo de parlamentar representa um grave risco \u00e0 classe trabalhadora\u201d, afirma a dirigente. \u201cNo segundo turno, precisamos estar ainda mais atentos. H\u00e1 dois projetos muito diferentes em disputa e, a depender de quem for eleito, a categoria banc\u00e1ria corre muitos riscos\u201d, ressalta Juvandia, lembrando que Paulo Guedes, economista chefe da campanha de Jair Bolsonaro, j\u00e1 afirmou que privatizar\u00e1 todas as empresas p\u00fablicas.<\/p>\n<p>\u201c\u00c9 fundamental pesquisar bem, em fontes seguras de informa\u00e7\u00e3o. Uma elei\u00e7\u00e3o n\u00e3o pode ser definida por fake news, falsas not\u00edcias espalhadas por redes sociais. O voto \u00e9 coisa s\u00e9ria. N\u00f3s brasileiros definiremos, nas urnas em 27 de outubro, como ser\u00e3o os pr\u00f3ximos quatro anos para o pa\u00eds. Se estaremos mergulhados ainda mais no caos e no atraso impostos por aqueles que apoiaram o golpe contra os trabalhadores, ou retomar o crescimento, a cria\u00e7\u00e3o de empregos, o desenvolvimento com igualdade de oportunidades para todos e todas. Temos uma nova chance e n\u00e3o podemos errar para n\u00e3o ter que pagar com nossos direitos\u201d, concluiu a presidenta da Contraf-CUT.<\/p>\n<\/div>\n<p id=\"page-author\"><strong>Fonte: Contraf-CUT<\/strong><\/p>\n","protected":false},"excerpt":{"rendered":"<p>O Congresso Nacional ter\u00e1 a maior renova\u00e7\u00e3o dos \u00faltimos 24 anos, mas isso n\u00e3o \u00e9 uma boa not\u00edcia. A chegada de novos parlamentares \u00e0 C\u00e2mara dos Deputados, 53,4%, decorre principalmente da grande vota\u00e7\u00e3o recebida por candidatos do PSL, de Jair Bolsonaro, que acabou elegendo 52 deputados. No Senado, a renova\u00e7\u00e3o ser\u00e1 de 85%: apenas 8 [&hellip;]<\/p>\n","protected":false},"author":2,"featured_media":5392,"comment_status":"","ping_status":"","sticky":false,"template":"","format":"standard","meta":{"footnotes":""},"categories":[3],"tags":[],"class_list":["post-5393","post","type-post","status-publish","format-standard","has-post-thumbnail","hentry","category-noticias"],"_links":{"self":[{"href":"https:\/\/hostnetart.com.br\/baixada\/wp-json\/wp\/v2\/posts\/5393","targetHints":{"allow":["GET"]}}],"collection":[{"href":"https:\/\/hostnetart.com.br\/baixada\/wp-json\/wp\/v2\/posts"}],"about":[{"href":"https:\/\/hostnetart.com.br\/baixada\/wp-json\/wp\/v2\/types\/post"}],"author":[{"embeddable":true,"href":"https:\/\/hostnetart.com.br\/baixada\/wp-json\/wp\/v2\/users\/2"}],"replies":[{"embeddable":true,"href":"https:\/\/hostnetart.com.br\/baixada\/wp-json\/wp\/v2\/comments?post=5393"}],"version-history":[{"count":0,"href":"https:\/\/hostnetart.com.br\/baixada\/wp-json\/wp\/v2\/posts\/5393\/revisions"}],"wp:featuredmedia":[{"embeddable":true,"href":"https:\/\/hostnetart.com.br\/baixada\/wp-json\/wp\/v2\/media\/5392"}],"wp:attachment":[{"href":"https:\/\/hostnetart.com.br\/baixada\/wp-json\/wp\/v2\/media?parent=5393"}],"wp:term":[{"taxonomy":"category","embeddable":true,"href":"https:\/\/hostnetart.com.br\/baixada\/wp-json\/wp\/v2\/categories?post=5393"},{"taxonomy":"post_tag","embeddable":true,"href":"https:\/\/hostnetart.com.br\/baixada\/wp-json\/wp\/v2\/tags?post=5393"}],"curies":[{"name":"wp","href":"https:\/\/api.w.org\/{rel}","templated":true}]}}