{"id":5389,"date":"2018-10-09T15:24:05","date_gmt":"2018-10-09T18:24:05","guid":{"rendered":"https:\/\/hostnetart.com.br\/baixada\/financiarios-assinam-acordo-e-garantem-direitos\/"},"modified":"2018-10-09T15:24:05","modified_gmt":"2018-10-09T18:24:05","slug":"financiarios-assinam-acordo-e-garantem-direitos","status":"publish","type":"post","link":"https:\/\/hostnetart.com.br\/baixada\/financiarios-assinam-acordo-e-garantem-direitos\/","title":{"rendered":"Financi\u00e1rios assinam acordo e garantem direitos"},"content":{"rendered":"<div class=\"content\">\n<p>O Comando de Negocia\u00e7\u00e3o dos Financi\u00e1rios da Contraf-CUT assinou, nesta ter\u00e7a-feira (9), a nova Conven\u00e7\u00e3o Coletiva de Trabalho (CCT) da categoria. Aprovado pelos trabalhadores em assembleias realizadas em todo o pa\u00eds na quinta-feira (4), o acordo garante reajuste de 3% sobre os sal\u00e1rios, todos os direitos por dois anos e novas conquistas, como o parcelamento do adiantamento de f\u00e9rias.<\/p>\n<p>\u201cO acordo foi extremamente positivo. A conjuntura est\u00e1 muito dif\u00edcil para os trabalhadores. A maioria das categorias n\u00e3o est\u00e1 conseguindo obter aumento real e outras tantas est\u00e1 perdendo direitos, al\u00e9m da queda de 45% nas Conven\u00e7\u00f5es esse ano\u201d, afirmou a presidenta da Confedera\u00e7\u00e3o Nacional dos Trabalhadores do Ramo Financeiro (Contraf-CUT) Juvandia Moreira.<\/p>\n<p><a class=\"has-subtitle img\" title=\"\" href=\"http:\/\/admin.contrafcut.com.br\/system\/uploads\/ck\/images\/IMG_2949.JPG\" data-lightbox=\"lightbox\" data-title=\"\"><img decoding=\"async\" src=\"http:\/\/www.contrafcut.org.br\/images\/_ff7203c0cf7855235bc6f8095f62eee5.JPG\" alt=\"\" \/><\/a><\/p>\n<p>Para 2018, o reajuste corresponde \u00e0 reposi\u00e7\u00e3o da infla\u00e7\u00e3o 1,76% (INPC entre 1\u00ba de junho de 2017 e 31 de maio de 2018), mais 1,22% de aumento real. Para 2019, o acordo prev\u00ea a reposi\u00e7\u00e3o da infla\u00e7\u00e3o mais aumento real de 1%.<\/p>\n<p>\u00a0<\/p>\n<p>Al\u00e9m de assegurar todas as cl\u00e1usulas previstas na CCT, os financi\u00e1rios conquistaram o parcelamento de at\u00e9 tr\u00eas vezes do adiantamento de f\u00e9rias, que at\u00e9 ent\u00e3o era descontado integralmente no m\u00eas posterior ao descanso.<\/p>\n<p>Para Jair Alves, coordenador do Comando de Negocia\u00e7\u00e3o dos Financi\u00e1rios da Contraf-CUT, as negocia\u00e7\u00f5es foram de extrema import\u00e2ncia e resultaram na assinatura de um bom acordo para os trabalhadores. \u201cConseguimos manter a nossa CCT com garantia de aumento real por dois anos e todas as conquistas hist\u00f3ricas da categoria\u201d, afirmou.<\/p>\n<\/div>\n<p id=\"page-author\"><strong>Fonte: Contraf-CUT<\/strong><\/p>\n","protected":false},"excerpt":{"rendered":"<p>O Comando de Negocia\u00e7\u00e3o dos Financi\u00e1rios da Contraf-CUT assinou, nesta ter\u00e7a-feira (9), a nova Conven\u00e7\u00e3o Coletiva de Trabalho (CCT) da categoria. Aprovado pelos trabalhadores em assembleias realizadas em todo o pa\u00eds na quinta-feira (4), o acordo garante reajuste de 3% sobre os sal\u00e1rios, todos os direitos por dois anos e novas conquistas, como o parcelamento [&hellip;]<\/p>\n","protected":false},"author":2,"featured_media":5388,"comment_status":"","ping_status":"","sticky":false,"template":"","format":"standard","meta":{"footnotes":""},"categories":[3],"tags":[],"class_list":["post-5389","post","type-post","status-publish","format-standard","has-post-thumbnail","hentry","category-noticias"],"_links":{"self":[{"href":"https:\/\/hostnetart.com.br\/baixada\/wp-json\/wp\/v2\/posts\/5389","targetHints":{"allow":["GET"]}}],"collection":[{"href":"https:\/\/hostnetart.com.br\/baixada\/wp-json\/wp\/v2\/posts"}],"about":[{"href":"https:\/\/hostnetart.com.br\/baixada\/wp-json\/wp\/v2\/types\/post"}],"author":[{"embeddable":true,"href":"https:\/\/hostnetart.com.br\/baixada\/wp-json\/wp\/v2\/users\/2"}],"replies":[{"embeddable":true,"href":"https:\/\/hostnetart.com.br\/baixada\/wp-json\/wp\/v2\/comments?post=5389"}],"version-history":[{"count":0,"href":"https:\/\/hostnetart.com.br\/baixada\/wp-json\/wp\/v2\/posts\/5389\/revisions"}],"wp:featuredmedia":[{"embeddable":true,"href":"https:\/\/hostnetart.com.br\/baixada\/wp-json\/wp\/v2\/media\/5388"}],"wp:attachment":[{"href":"https:\/\/hostnetart.com.br\/baixada\/wp-json\/wp\/v2\/media?parent=5389"}],"wp:term":[{"taxonomy":"category","embeddable":true,"href":"https:\/\/hostnetart.com.br\/baixada\/wp-json\/wp\/v2\/categories?post=5389"},{"taxonomy":"post_tag","embeddable":true,"href":"https:\/\/hostnetart.com.br\/baixada\/wp-json\/wp\/v2\/tags?post=5389"}],"curies":[{"name":"wp","href":"https:\/\/api.w.org\/{rel}","templated":true}]}}