{"id":5387,"date":"2018-10-09T15:23:24","date_gmt":"2018-10-09T18:23:24","guid":{"rendered":"https:\/\/hostnetart.com.br\/baixada\/maior-desafio-do-segundo-turno-sera-combater-noticias-falsas\/"},"modified":"2018-10-09T15:23:24","modified_gmt":"2018-10-09T18:23:24","slug":"maior-desafio-do-segundo-turno-sera-combater-noticias-falsas","status":"publish","type":"post","link":"https:\/\/hostnetart.com.br\/baixada\/maior-desafio-do-segundo-turno-sera-combater-noticias-falsas\/","title":{"rendered":"Maior desafio do segundo turno ser\u00e1 combater not\u00edcias falsas"},"content":{"rendered":"<div class=\"content\">\n<p>\u201cEssa foi uma\u00a0<strong>elei\u00e7\u00e3o<\/strong>\u00a0muito dif\u00edcil, com muitas\u00a0<strong>mentiras<\/strong>\u00a0e not\u00edcias falsas. Especialmente no Whatts App. Muita desinforma\u00e7\u00e3o.\u00a0<strong>Bolsonaro<\/strong>\u00a0n\u00e3o teria essa vota\u00e7\u00e3o se ficasse claro que a democracia est\u00e1 em risco. Que os direitos das pessoas est\u00e3o em risco. Que as empresas p\u00fablicas est\u00e3o em risco\u201d, afirmou a presidenta da Confedera\u00e7\u00e3o Nacional dos Trabalhadores do Ramo Financeiro (Contraf-CUT), Juvandia Moreira.<\/p>\n<p><a href=\"https:\/\/www.redebrasilatual.com.br\/politica\/2018\/10\/bolsonaro-e-haddad-fazem-segundo-turno-em-28-de-outubro\" target=\"_blank\" rel=\"noopener noreferrer\">Passado o primeiro turno<\/a>, agora o candidato do PT \u00e0 presid\u00eancia, Fernando Haddad, enfrenta o capit\u00e3o da reserva do Ex\u00e9rcito Jair Bolsonaro (PSL), que representa a extrema-direita. A\u00a0<a href=\"https:\/\/www.redebrasilatual.com.br\/politica\/2018\/10\/bolsonaro-e-o-candidato-do-sistema-diz-sociologo\" target=\"_blank\" rel=\"noopener noreferrer\">campanha de Bolsonaro usou, ao longo do primeiro turno,\u00a0 como arma, uma avalanche de mentiras<\/a>\u00a0para desqualificar os advers\u00e1rios. Agora, no caminho do segundo turno, n\u00e3o deve ser diferente, o que preocupa o candidato derrotado \u00e0 C\u00e2mara dos Deputados pelo PT, economista M\u00e1rcio Pochmann.<\/p>\n<p>\u201cO m\u00e9todo das elei\u00e7\u00f5es \u00e9 do s\u00e9culo passado. A candidatura do Bolsonaro prova. A Justi\u00e7a eleitoral \u00e9 do s\u00e9culo passado. Ela n\u00e3o est\u00e1 apta para monitorar e coibir o que aconteceu de estranho no processo. O uso de internet para passar not\u00edcias falsas. Precisamos de uma reflex\u00e3o profunda de que sociedade \u00e9 essa. Precisamos rever as institui\u00e7\u00f5es que n\u00e3o d\u00e3o mais conta dessa fase em que estamos\u201d, argumento Pochmann.<\/p>\n<p>Uma das maiores lutas dos democratas neste segundo turno ser\u00e1 tentar reverter esse cen\u00e1rio de dissemina\u00e7\u00e3o de mentiras via redes sociais.<\/p>\n<p>O temor \u00e9 de ruptura com a democracia, explica o economista. \u201cH\u00e1 um risco de quebra da democracia com uma vit\u00f3ria da extrema-direita que validaria o golpe de 2016.\u201d Isso, com finalidade de aplicar uma agenda austera e de desconstru\u00e7\u00e3o do Estado de bem-estar social. \u201cSair\u00edamos do neoliberalismo para um hiper neoliberalismo. A destrui\u00e7\u00e3o do Estado est\u00e1 presente na candidatura do Bolsonaro. Agora, precisamos de uma agenda civilizat\u00f3ria e democr\u00e1tica contra a barb\u00e1rie que se aproxima.\u201d<\/p>\n<p>Juvandia lembra que Bolsonaro tem forte liga\u00e7\u00e3o com o \u201cmercado\u201d, e que muitas vezes sua agenda econ\u00f4mica \u00e9 eclipsada de seus eleitores, que se apoiam apenas nas mentiras para defender seu candidato. A chapa de Bolsonaro defende, entre outros, a retirada de direitos trabalhistas com a cria\u00e7\u00e3o de uma nova carteira de trabalho com restri\u00e7\u00e3o de direitos, o fim do 13\u00ba sal\u00e1rio, do abono de f\u00e9rias e impostos mais altos para mais pobres e menores para os mais ricos.<\/p>\n<p>\u201cBolsonaro \u00e9 ligado ao mercado financeiro. Caso ven\u00e7a, privatiza\u00e7\u00f5es, agenda de retirada de direitos. Veja como ele votou como deputado federal. Congelamento de investimentos, reforma trabalhista. N\u00e3o temos boas expectativas, mas o segundo turno \u00e9 outra elei\u00e7\u00e3o. O momento de hoje \u00e9 pensar no debate, para que o trabalhador n\u00e3o tenha que escolher entre direitos ou empregos. Trabalhador tem que ter os dois\u201d, ressalta Juvandia.<\/p>\n<p>Bolsonaro, como explica Juvandia, \u00e9 o maior representante da elite pol\u00edtica e, ao contr\u00e1rio do que vocifera, faz parte da m\u00e1quina, \u00e9 deputado h\u00e1 mais de 20 anos. \u201cNossa elite \u00e9 muito ego\u00edsta. Combatem a pol\u00edtica distributiva. Tem um alinhamento com interesses internacionais, uma subordina\u00e7\u00e3o. Eles est\u00e3o sempre bem, mas incomoda a eles ver o filho do pobre andando de avi\u00e3o. Para eles, o povo \u00e9 classe inferior.\u201d<\/p>\n<\/div>\n<p id=\"page-author\"><strong>Fonte: Rede Brasil Atual<\/strong><\/p>\n","protected":false},"excerpt":{"rendered":"<p>\u201cEssa foi uma\u00a0elei\u00e7\u00e3o\u00a0muito dif\u00edcil, com muitas\u00a0mentiras\u00a0e not\u00edcias falsas. Especialmente no Whatts App. Muita desinforma\u00e7\u00e3o.\u00a0Bolsonaro\u00a0n\u00e3o teria essa vota\u00e7\u00e3o se ficasse claro que a democracia est\u00e1 em risco. Que os direitos das pessoas est\u00e3o em risco. Que as empresas p\u00fablicas est\u00e3o em risco\u201d, afirmou a presidenta da Confedera\u00e7\u00e3o Nacional dos Trabalhadores do Ramo Financeiro (Contraf-CUT), Juvandia Moreira. [&hellip;]<\/p>\n","protected":false},"author":2,"featured_media":5386,"comment_status":"","ping_status":"","sticky":false,"template":"","format":"standard","meta":{"footnotes":""},"categories":[3],"tags":[],"class_list":["post-5387","post","type-post","status-publish","format-standard","has-post-thumbnail","hentry","category-noticias"],"_links":{"self":[{"href":"https:\/\/hostnetart.com.br\/baixada\/wp-json\/wp\/v2\/posts\/5387","targetHints":{"allow":["GET"]}}],"collection":[{"href":"https:\/\/hostnetart.com.br\/baixada\/wp-json\/wp\/v2\/posts"}],"about":[{"href":"https:\/\/hostnetart.com.br\/baixada\/wp-json\/wp\/v2\/types\/post"}],"author":[{"embeddable":true,"href":"https:\/\/hostnetart.com.br\/baixada\/wp-json\/wp\/v2\/users\/2"}],"replies":[{"embeddable":true,"href":"https:\/\/hostnetart.com.br\/baixada\/wp-json\/wp\/v2\/comments?post=5387"}],"version-history":[{"count":0,"href":"https:\/\/hostnetart.com.br\/baixada\/wp-json\/wp\/v2\/posts\/5387\/revisions"}],"wp:featuredmedia":[{"embeddable":true,"href":"https:\/\/hostnetart.com.br\/baixada\/wp-json\/wp\/v2\/media\/5386"}],"wp:attachment":[{"href":"https:\/\/hostnetart.com.br\/baixada\/wp-json\/wp\/v2\/media?parent=5387"}],"wp:term":[{"taxonomy":"category","embeddable":true,"href":"https:\/\/hostnetart.com.br\/baixada\/wp-json\/wp\/v2\/categories?post=5387"},{"taxonomy":"post_tag","embeddable":true,"href":"https:\/\/hostnetart.com.br\/baixada\/wp-json\/wp\/v2\/tags?post=5387"}],"curies":[{"name":"wp","href":"https:\/\/api.w.org\/{rel}","templated":true}]}}