{"id":5385,"date":"2018-10-09T15:21:44","date_gmt":"2018-10-09T18:21:44","guid":{"rendered":"https:\/\/hostnetart.com.br\/baixada\/segundo-turno-e-vitoria-da-classe-trabalhadora-diz-presidente-da-cut\/"},"modified":"2018-10-09T15:21:44","modified_gmt":"2018-10-09T18:21:44","slug":"segundo-turno-e-vitoria-da-classe-trabalhadora-diz-presidente-da-cut","status":"publish","type":"post","link":"https:\/\/hostnetart.com.br\/baixada\/segundo-turno-e-vitoria-da-classe-trabalhadora-diz-presidente-da-cut\/","title":{"rendered":"&#8216;Segundo turno \u00e9 vit\u00f3ria da classe trabalhadora&#8217;, diz presidente da CUT"},"content":{"rendered":"<div class=\"content\">\n<p>Fernando Haddad (PT) tem &#8220;possibilidade real&#8221; de vencer o\u00a0<a href=\"https:\/\/www.redebrasilatual.com.br\/politica\/2018\/10\/bolsonaro-e-haddad-fazem-segundo-turno-em-28-de-outubro\" target=\"_blank\" rel=\"noopener noreferrer\">segundo turno<\/a>\u00a0das\u00a0<strong>elei\u00e7\u00f5es 2018<\/strong>, segundo\u00a0o presidente da CUT, Vagner Freitas. Ele diz que Jair Bolsonaro (PSL) jogou todas as suas fichas no primeiro turno. &#8220;No segundo turno ser\u00e3o as nossas fichas. Vamos ganhar voto por voto e eleger Fernando Haddad presidente para que a classe trabalhadora n\u00e3o seja ainda mais perseguida do que j\u00e1 foi com Temer.&#8221;<\/p>\n<p>Mais que virtualmente, Freitas acredita no corpo a corpo da milit\u00e2ncia petista na busca de votos para virar sobre\u00a0<a href=\"https:\/\/www.redebrasilatual.com.br\/politica\/2018\/10\/bolsonaro-e-o-candidato-do-sistema-diz-sociologo\" target=\"_blank\" rel=\"noopener noreferrer\">Bolsonaro<\/a>\u00a0no segundo turno.<\/p>\n<p>Para quem comemorava a possibilidade de extin\u00e7\u00e3o do PT, a classe trabalhadora deu o seu recado, diz a presidenta do Sindicato dos Banc\u00e1rios de S\u00e3o Paulo, Osasco e Regi\u00e3o, Ivone Silva. &#8220;H\u00e1 dois anos, diziam que o PT estava acabado, dizimado. O que percebemos \u00e9 que nas urnas o partido n\u00e3o foi dizimado, e tem projeto para o pa\u00eds.&#8221;\u00a0<\/p>\n<p>Ela aconselha os trabalhadores a procurar informa\u00e7\u00e3o em sites e jornais confi\u00e1veis, para n\u00e3o entrar na onda das\u00a0<em><a href=\"https:\/\/www.redebrasilatual.com.br\/politica\/2018\/10\/tse-manda-facebook-retirar-fake-news-contra-haddad\" target=\"_blank\" rel=\"noopener noreferrer\">fake news<\/a>\u00a0<\/em>\u2013 not\u00edcias falsas<em>\u00a0<\/em>\u2013\u00a0que embala a campanha advers\u00e1ria.\u00a0<\/p>\n<p>\u00a0<\/p>\n<p>\u00a0<\/p>\n<\/div>\n<p id=\"page-author\"><strong>Fonte: Rede Brasil Atual<\/strong><\/p>\n","protected":false},"excerpt":{"rendered":"<p>Fernando Haddad (PT) tem &#8220;possibilidade real&#8221; de vencer o\u00a0segundo turno\u00a0das\u00a0elei\u00e7\u00f5es 2018, segundo\u00a0o presidente da CUT, Vagner Freitas. Ele diz que Jair Bolsonaro (PSL) jogou todas as suas fichas no primeiro turno. &#8220;No segundo turno ser\u00e3o as nossas fichas. Vamos ganhar voto por voto e eleger Fernando Haddad presidente para que a classe trabalhadora n\u00e3o seja [&hellip;]<\/p>\n","protected":false},"author":2,"featured_media":5384,"comment_status":"","ping_status":"","sticky":false,"template":"","format":"standard","meta":{"footnotes":""},"categories":[3],"tags":[],"class_list":["post-5385","post","type-post","status-publish","format-standard","has-post-thumbnail","hentry","category-noticias"],"_links":{"self":[{"href":"https:\/\/hostnetart.com.br\/baixada\/wp-json\/wp\/v2\/posts\/5385","targetHints":{"allow":["GET"]}}],"collection":[{"href":"https:\/\/hostnetart.com.br\/baixada\/wp-json\/wp\/v2\/posts"}],"about":[{"href":"https:\/\/hostnetart.com.br\/baixada\/wp-json\/wp\/v2\/types\/post"}],"author":[{"embeddable":true,"href":"https:\/\/hostnetart.com.br\/baixada\/wp-json\/wp\/v2\/users\/2"}],"replies":[{"embeddable":true,"href":"https:\/\/hostnetart.com.br\/baixada\/wp-json\/wp\/v2\/comments?post=5385"}],"version-history":[{"count":0,"href":"https:\/\/hostnetart.com.br\/baixada\/wp-json\/wp\/v2\/posts\/5385\/revisions"}],"wp:featuredmedia":[{"embeddable":true,"href":"https:\/\/hostnetart.com.br\/baixada\/wp-json\/wp\/v2\/media\/5384"}],"wp:attachment":[{"href":"https:\/\/hostnetart.com.br\/baixada\/wp-json\/wp\/v2\/media?parent=5385"}],"wp:term":[{"taxonomy":"category","embeddable":true,"href":"https:\/\/hostnetart.com.br\/baixada\/wp-json\/wp\/v2\/categories?post=5385"},{"taxonomy":"post_tag","embeddable":true,"href":"https:\/\/hostnetart.com.br\/baixada\/wp-json\/wp\/v2\/tags?post=5385"}],"curies":[{"name":"wp","href":"https:\/\/api.w.org\/{rel}","templated":true}]}}