{"id":5379,"date":"2018-10-09T14:25:23","date_gmt":"2018-10-09T17:25:23","guid":{"rendered":"https:\/\/hostnetart.com.br\/baixada\/financiarios-assinam-acordo-nesta-terca-feira-9\/"},"modified":"2018-10-09T14:25:23","modified_gmt":"2018-10-09T17:25:23","slug":"financiarios-assinam-acordo-nesta-terca-feira-9","status":"publish","type":"post","link":"https:\/\/hostnetart.com.br\/baixada\/financiarios-assinam-acordo-nesta-terca-feira-9\/","title":{"rendered":"Financi\u00e1rios assinam acordo nesta ter\u00e7a-feira (9)"},"content":{"rendered":"<div class=\"content\">\n<p>Ap\u00f3s aprovarem a proposta, em assembleias em todo o pa\u00eds, os financi\u00e1rios assinar\u00e3o, nesta ter\u00e7a-feira (9), \u00e0s 10h, em S\u00e3o Paulo, o acordo com a Federa\u00e7\u00e3o Interestadual das Institui\u00e7\u00f5es de Cr\u00e9dito de Financiamento e Investimento (Fenacrefi). A assinatura ir\u00e1 garantir aos trabalhadores 3% de reajuste nos sal\u00e1rios e todas as cl\u00e1usulas de natureza econ\u00f4mica, inclusive PLR.<\/p>\n<p><a href=\"http:\/\/www.contrafcut.org.br\/noticias\/financiarios-avaliam-proposta-da-fenacrefi-nesta-quinta-feira-4-db84\">A proposta foi apresentada pela Fenacrefi no dia 1 de outubro<\/a>\u00a0e avaliada pelo Comando de Negocia\u00e7\u00e3o dos Financi\u00e1rios da Contraf-CUT. O reajuste corresponde \u00e0 reposi\u00e7\u00e3o da infla\u00e7\u00e3o (INPC entre 1\u00ba de junho de 2017 e 31 de maio de 2018) mais 1,22% de aumento real. \u201cFoi um processo negocial bastante complexo, com diversos pontos de diverg\u00eancias, mas conseguimos chegar a um consenso, no qual o maior beneficiado \u00e9 o trabalhador\u201d, destacou Jair Alves, diretor da Confedera\u00e7\u00e3o Nacional dos Trabalhadores do Ramo Financeiro (Contraf-CUT) e coordenador do Comando de Negocia\u00e7\u00e3o dos Financi\u00e1rios.<\/p>\n<\/div>\n<p id=\"page-author\"><strong>Fonte: Contraf-CUT<\/strong><\/p>\n","protected":false},"excerpt":{"rendered":"<p>Ap\u00f3s aprovarem a proposta, em assembleias em todo o pa\u00eds, os financi\u00e1rios assinar\u00e3o, nesta ter\u00e7a-feira (9), \u00e0s 10h, em S\u00e3o Paulo, o acordo com a Federa\u00e7\u00e3o Interestadual das Institui\u00e7\u00f5es de Cr\u00e9dito de Financiamento e Investimento (Fenacrefi). A assinatura ir\u00e1 garantir aos trabalhadores 3% de reajuste nos sal\u00e1rios e todas as cl\u00e1usulas de natureza econ\u00f4mica, inclusive [&hellip;]<\/p>\n","protected":false},"author":2,"featured_media":5378,"comment_status":"","ping_status":"","sticky":false,"template":"","format":"standard","meta":{"footnotes":""},"categories":[3],"tags":[],"class_list":["post-5379","post","type-post","status-publish","format-standard","has-post-thumbnail","hentry","category-noticias"],"_links":{"self":[{"href":"https:\/\/hostnetart.com.br\/baixada\/wp-json\/wp\/v2\/posts\/5379","targetHints":{"allow":["GET"]}}],"collection":[{"href":"https:\/\/hostnetart.com.br\/baixada\/wp-json\/wp\/v2\/posts"}],"about":[{"href":"https:\/\/hostnetart.com.br\/baixada\/wp-json\/wp\/v2\/types\/post"}],"author":[{"embeddable":true,"href":"https:\/\/hostnetart.com.br\/baixada\/wp-json\/wp\/v2\/users\/2"}],"replies":[{"embeddable":true,"href":"https:\/\/hostnetart.com.br\/baixada\/wp-json\/wp\/v2\/comments?post=5379"}],"version-history":[{"count":0,"href":"https:\/\/hostnetart.com.br\/baixada\/wp-json\/wp\/v2\/posts\/5379\/revisions"}],"wp:featuredmedia":[{"embeddable":true,"href":"https:\/\/hostnetart.com.br\/baixada\/wp-json\/wp\/v2\/media\/5378"}],"wp:attachment":[{"href":"https:\/\/hostnetart.com.br\/baixada\/wp-json\/wp\/v2\/media?parent=5379"}],"wp:term":[{"taxonomy":"category","embeddable":true,"href":"https:\/\/hostnetart.com.br\/baixada\/wp-json\/wp\/v2\/categories?post=5379"},{"taxonomy":"post_tag","embeddable":true,"href":"https:\/\/hostnetart.com.br\/baixada\/wp-json\/wp\/v2\/tags?post=5379"}],"curies":[{"name":"wp","href":"https:\/\/api.w.org\/{rel}","templated":true}]}}