{"id":5367,"date":"2018-10-04T16:00:11","date_gmt":"2018-10-04T19:00:11","guid":{"rendered":"https:\/\/hostnetart.com.br\/baixada\/cuidado-ao-votar-justica-eleitoral-alterou-endereco-de-secoes-em-todo-o-pais\/"},"modified":"2018-10-04T16:00:11","modified_gmt":"2018-10-04T19:00:11","slug":"cuidado-ao-votar-justica-eleitoral-alterou-endereco-de-secoes-em-todo-o-pais","status":"publish","type":"post","link":"https:\/\/hostnetart.com.br\/baixada\/cuidado-ao-votar-justica-eleitoral-alterou-endereco-de-secoes-em-todo-o-pais\/","title":{"rendered":"Cuidado ao votar: Justi\u00e7a Eleitoral alterou endere\u00e7o de se\u00e7\u00f5es em todo o pa\u00eds"},"content":{"rendered":"<div class=\"content\">\n<p>Os brasileiros que v\u00e3o \u00e0s urnas domingo (7) para escolher seus candidatos a presidente, governador, senadores e deputados precisam confirmar antes onde est\u00e1, atualmente, localizada sua se\u00e7\u00e3o eleitoral. Ou ent\u00e3o, se prevenirem para deparar com surpresas. \u00c9 que a Justi\u00e7a Eleitoral, em raz\u00e3o do crescimento demogr\u00e1fico dos \u00faltimos anos, modificou o endere\u00e7o de diversas se\u00e7\u00f5es e zonas eleitorais em praticamente todos os estados do pa\u00eds.<\/p>\n<p>Coube aos Tribunais Regionais Eleitorais (TREs) informar \u00e0 popula\u00e7\u00e3o tais mudan\u00e7as e muitas delas foram transmitidas por meio de of\u00edcios a prefeituras e \u00f3rg\u00e3os institucionais que repassaram a not\u00edcia a ve\u00edculos da imprensa. Mas a grande maioria dessas altera\u00e7\u00f5es n\u00e3o foi divulgada em larga escala.<\/p>\n<p>Agora, pessoas que est\u00e3o se precavendo e procurando o link\u00a0<strong><ins><em><a href=\"http:\/\/www.tse.jus.br\/imprensa\/noticias-tse\/2018\/Maio\/eleicoes-2018-e-titulo-pode-ser-baixado-a-qualquer-momento-ate-o-dia-da-votacao\" target=\"_blank\" rel=\"noopener noreferrer\">e-t\u00edtulo<\/a><\/em><\/ins><\/strong>\u00a0\u2013 ferramenta dispon\u00edvel para o eleitor na internet \u2013 de modo a confirmar seus dados, est\u00e3o sendo surpreendidos ao verem que ter\u00e3o de votar em locais diferentes daqueles onde sempre compareceram.<\/p>\n<p>De acordo com informa\u00e7\u00f5es da assessoria do Tribunal Superior Eleitoral (TSE) a modifica\u00e7\u00e3o \u00e9 normal, diante do crescimento do n\u00famero de eleitores, e tem sido praticada mais intensamente desde as elei\u00e7\u00f5es de 2002.<\/p>\n<p>Mas este ano, as altera\u00e7\u00f5es de endere\u00e7o podem atingir um n\u00famero pr\u00f3ximo de 2 milh\u00f5es de pessoas, conforme estimativas feitas por baixo a partir de pesquisa feita pela reportagem da Rede Brasil Atual junto aos sites dos TREs. Impactam, sobretudo, nos estados de S\u00e3o Paulo, Rio de Janeiro, Amap\u00e1, Mato Grosso, Par\u00e1, Piau\u00ed, Alagoas, Sergipe, Para\u00edba, Minas Gerais e Bahia.<\/p>\n<p><strong>Resolu\u00e7\u00e3o<\/strong><br \/>Outro fator que pesou para as altera\u00e7\u00f5es foi resolu\u00e7\u00e3o do TSE de 2017 que determinou que cada zona eleitoral deve ter no m\u00ednimo 100 mil e no m\u00e1ximo 200 mil eleitores, o que obrigou os tribunais regionais a ou juntarem se\u00e7\u00f5es e extinguir outras ou transferirem eleitores de um local de vota\u00e7\u00e3o para outro. A medida objetiva maior seguran\u00e7a e equil\u00edbrio no processo eleitoral.<\/p>\n<p>No Distrito Federal, por exemplo, desde o ano passado se\u00e7\u00f5es eleitorais de Brazl\u00e2ndia e Ceil\u00e2ndia, duas regi\u00f5es administrativas (antigas cidades sat\u00e9lites) de grande densidade eleitoral foram transferidas para outros locais. No caso do DF em especial, TRE informou que as altera\u00e7\u00f5es n\u00e3o dar\u00e3o preju\u00edzos para o eleitor porque estes continuar\u00e3o a votar no mesmo pr\u00e9dio, mudando apenas o andar do local da vota\u00e7\u00e3o.<\/p>\n<p>Segundo a ju\u00edza eleitoral Maria Ver\u00f4nica Correia de Carvalho Souza Ara\u00fajo, de Alagoas, uma das poucas que deu entrevista a respeito, mesmo com tantas altera\u00e7\u00f5es de \u00faltima hora, ser\u00e1 feito um esfor\u00e7o para que os preju\u00edzos dos eleitores sejam m\u00ednimos.<\/p>\n<p>\u201cNossa orienta\u00e7\u00e3o tamb\u00e9m \u00e9 para que os eleitores confirmem seus locais de vota\u00e7\u00e3o com anteced\u00eancia, tanto no aplicativo\u00a0<em>e-T\u00edtulo<\/em>, nos smartphones, quanto no site do TRE\u201d, afirmou a magistrada.<\/p>\n<p>De acordo com o TSE, n\u00e3o h\u00e1 motivo de preocupa\u00e7\u00e3o, pois as mudan\u00e7as est\u00e3o sendo feitas, em sua maior parte, para locais pr\u00f3ximos de onde funcionavam anteriormente as se\u00e7\u00f5es transferidas, de forma a permitir que quem chegar no local possa encontrar sua se\u00e7\u00e3o rapidamente no mesmo pr\u00e9dio, numa rua pr\u00f3xima ou bairro vizinho ao que ele est\u00e1.<\/p>\n<p>Mesmo assim, integrantes da coordena\u00e7\u00e3o de campanhas de alguns pol\u00edticos demonstram preocupa\u00e7\u00e3o, principalmente, porque hoje \u00e9 proibido o uso por candidatos de ve\u00edculos para transporte de eleitores, como havia anteriormente. S\u00f3 \u00e9 poss\u00edvel o transporte se tais ve\u00edculos forem disponibilizados pela pr\u00f3pria Justi\u00e7a eleitoral.<\/p>\n<p>\u201c\u00c9 uma dificuldade a mais num ano de elei\u00e7\u00f5es t\u00e3o tumultuado como esse\u201d, contou o advogado e assessor judici\u00e1rio Anselmo Dias, em Bras\u00edlia, que preferiu evitar dizer o nome do candidato a senador para quem trabalha.<\/p>\n<p>O caso suscita preocupa\u00e7\u00e3o, tamb\u00e9m, para a possibilidade de que dificuldades para os eleitores encontrarem suas se\u00e7\u00f5es levem ao aumento do n\u00famero de aumente a quantidade de votos a menos nestas elei\u00e7\u00f5es. Isto porque j\u00e1 se sabe que\u00a0<strong><ins><a href=\"https:\/\/www.cut.org.br\/noticias\/confira-se-o-seu-titulo-de-eleitor-esta-entre-os-3-4-milhoes-cancelados-pelo-stf-6870\" target=\"_blank\" rel=\"noopener noreferrer\">3,4 milh\u00f5es de pessoas tiveram seus t\u00edtulos cancelados porque n\u00e3o fizeram o recadastramento por meio da biometria<\/a><\/ins><\/strong>\u00a0\u2013 que tem sido criticado por observadores e especialistas diversos.<\/p>\n<p>Para quem quiser evitar surpresas no dia da vota\u00e7\u00e3o, a consulta sobre o endere\u00e7o da sua se\u00e7\u00e3o pode ser pelo nome ou pelo n\u00famero do t\u00edtulo eleitoral no portal\u00a0<em>e-t\u00edtulo<\/em>, localizado no site do TSE (<strong><ins><a href=\"http:\/\/www.tse.jus.br\/\" target=\"_blank\" rel=\"noopener noreferrer\">www.tse.jus.br<\/a><\/ins><\/strong>). Outra forma de consultar informa\u00e7\u00f5es sobre zonas e se\u00e7\u00f5es \u00e9 pelos telefones do TRE de cada estado.<\/p>\n<p>No domingo, o brasileiro n\u00e3o precisar\u00e1 ter em m\u00e3os o t\u00edtulo de eleitor para votar. Basta levar documento com foto (RG, passaporte e carteira de motorista, por exemplo) no local de vota\u00e7\u00e3o previamente definido.<\/p>\n<\/div>\n<p id=\"page-author\"><em><span style=\"text-decoration: underline;\"><strong>Fonte: Rede Brasil Atual<\/strong><\/span><\/em><\/p>\n","protected":false},"excerpt":{"rendered":"<p>Os brasileiros que v\u00e3o \u00e0s urnas domingo (7) para escolher seus candidatos a presidente, governador, senadores e deputados precisam confirmar antes onde est\u00e1, atualmente, localizada sua se\u00e7\u00e3o eleitoral. Ou ent\u00e3o, se prevenirem para deparar com surpresas. \u00c9 que a Justi\u00e7a Eleitoral, em raz\u00e3o do crescimento demogr\u00e1fico dos \u00faltimos anos, modificou o endere\u00e7o de diversas se\u00e7\u00f5es [&hellip;]<\/p>\n","protected":false},"author":2,"featured_media":5366,"comment_status":"","ping_status":"","sticky":false,"template":"","format":"standard","meta":{"footnotes":""},"categories":[3],"tags":[],"class_list":["post-5367","post","type-post","status-publish","format-standard","has-post-thumbnail","hentry","category-noticias"],"_links":{"self":[{"href":"https:\/\/hostnetart.com.br\/baixada\/wp-json\/wp\/v2\/posts\/5367","targetHints":{"allow":["GET"]}}],"collection":[{"href":"https:\/\/hostnetart.com.br\/baixada\/wp-json\/wp\/v2\/posts"}],"about":[{"href":"https:\/\/hostnetart.com.br\/baixada\/wp-json\/wp\/v2\/types\/post"}],"author":[{"embeddable":true,"href":"https:\/\/hostnetart.com.br\/baixada\/wp-json\/wp\/v2\/users\/2"}],"replies":[{"embeddable":true,"href":"https:\/\/hostnetart.com.br\/baixada\/wp-json\/wp\/v2\/comments?post=5367"}],"version-history":[{"count":0,"href":"https:\/\/hostnetart.com.br\/baixada\/wp-json\/wp\/v2\/posts\/5367\/revisions"}],"wp:featuredmedia":[{"embeddable":true,"href":"https:\/\/hostnetart.com.br\/baixada\/wp-json\/wp\/v2\/media\/5366"}],"wp:attachment":[{"href":"https:\/\/hostnetart.com.br\/baixada\/wp-json\/wp\/v2\/media?parent=5367"}],"wp:term":[{"taxonomy":"category","embeddable":true,"href":"https:\/\/hostnetart.com.br\/baixada\/wp-json\/wp\/v2\/categories?post=5367"},{"taxonomy":"post_tag","embeddable":true,"href":"https:\/\/hostnetart.com.br\/baixada\/wp-json\/wp\/v2\/tags?post=5367"}],"curies":[{"name":"wp","href":"https:\/\/api.w.org\/{rel}","templated":true}]}}