{"id":5363,"date":"2018-10-04T14:36:52","date_gmt":"2018-10-04T17:36:52","guid":{"rendered":"https:\/\/hostnetart.com.br\/baixada\/bancarios-rejeitam-votar-em-candidatos-que-aprovaram-reformas-de-temer\/"},"modified":"2018-10-04T14:36:52","modified_gmt":"2018-10-04T17:36:52","slug":"bancarios-rejeitam-votar-em-candidatos-que-aprovaram-reformas-de-temer","status":"publish","type":"post","link":"https:\/\/hostnetart.com.br\/baixada\/bancarios-rejeitam-votar-em-candidatos-que-aprovaram-reformas-de-temer\/","title":{"rendered":"Banc\u00e1rios rejeitam votar em candidatos que aprovaram &#8216;reformas&#8217; de Temer"},"content":{"rendered":"<p class=\" \">Uma pesquisa realizada pelo Comando Nacional dos\u00a0<strong>Banc\u00e1rios<\/strong>, com mais de 35 mil trabalhadores da categoria, revelou que 79% n\u00e3o votar\u00e3o em deputados e senadores que aprovaram a\u00a0<strong><a class=\"internal-link\" title=\"\" href=\"https:\/\/www.redebrasilatual.com.br\/trabalho\/2018\/07\/pesquisadores-apontam-efeito-devastador-da-reforma-trabalhista-de-temer\" target=\"_blank\" rel=\"noopener noreferrer\">&#8220;reforma&#8221; trabalhista<\/a><\/strong>. Para o presidente do Sindicato dos Banc\u00e1rios do ABC, Belmiro Moreira, o levantamento \u00e9 reflexo da conscientiza\u00e7\u00e3o da categoria sobre os direitos sociais e da busca por candidatos alinhados aos interesses dos trabalhadores.<\/p>\n<p class=\" \">&#8220;Tem que eleger um representante comprometido com a classe trabalhadora, com o povo brasileiro, com o povo pobre, aqueles que precisam de uma legisla\u00e7\u00e3o que garanta direitos e de um governo que pense em desenvolvimento econ\u00f4mico e distribui\u00e7\u00e3o de renda&#8221;, disse o sindicalista.<\/p>\n<p class=\" \">Segundo a CUT, com base em levantamento do Departamento Intersindical de Assessoria Parlamentar (Diap), o texto da &#8220;reforma&#8221; trabalhista foi aprovado por 296 votos na C\u00e2mara dos Deputados, entre eles, o candidato \u00e0 Presid\u00eancia da Rep\u00fablica Jair\u00a0<strong>Bolsonaro<\/strong>\u00a0(PSL). No Senado, a legisla\u00e7\u00e3o alcan\u00e7ou 50 votos.\u00a0<\/p>\n<p class=\" \">Ao rep\u00f3rter Leandro Chaves, do\u00a0<em>Seu Jornal<\/em>, da\u00a0<strong>TVT<\/strong>, lideran\u00e7as sindicais apontaram ainda que, em menos de um ano ap\u00f3s a vig\u00eancia da nova legisla\u00e7\u00e3o (Lei 13.467), a\u00a0<a class=\"internal-link\" title=\"\" href=\"https:\/\/www.redebrasilatual.com.br\/trabalho\/2018\/08\/reforma-trabalhista-dificulta-negociacao-de-campanhas-salariais-por-sindicatos\" target=\"_self\">retirada de direitos hist\u00f3ricos<\/a>\u00a0vem sendo\u00a0<a class=\"internal-link\" title=\"\" href=\"https:\/\/www.redebrasilatual.com.br\/trabalho\/2018\/08\/uberizacao-e-saida-para-trabalhadores-atingidos-pela-reforma-trabalhista\" target=\"_blank\" rel=\"noopener noreferrer\">sentida por diversas categorias<\/a>, mas principalmente entre vigilantes, faxineiros e porteiros. Entre os banc\u00e1rios a &#8220;reforma&#8221; \u00e9 reprovada por 73% dos trabalhadores.<\/p>\n<p class=\" \">Conhe\u00e7a\u00a0<a class=\"external-link\" title=\"\" href=\"https:\/\/www.cut.org.br\/noticias\/diap-divulga-lista-de-senadores-e-deputados-que-votaram-contra-trabalhadores-8f9c\" target=\"_blank\" rel=\"noopener noreferrer\">aqui<\/a>\u00a0os parlamentares que votaram pela retirada de direitos dos trabalhadores.\u00a0<\/p>\n<h3 class=\" \">Assista \u00e0 reportagem completa:<\/h3>\n<p>\u00a0<a href=\"https:\/\/youtu.be\/zqRwHubLj34\">https:\/\/youtu.be\/zqRwHubLj34<\/a><\/p>\n<p>\u00a0<\/p>\n<p><strong>Fonte: Rede Brasil Atual<\/strong><\/p>\n","protected":false},"excerpt":{"rendered":"<p>Uma pesquisa realizada pelo Comando Nacional dos\u00a0Banc\u00e1rios, com mais de 35 mil trabalhadores da categoria, revelou que 79% n\u00e3o votar\u00e3o em deputados e senadores que aprovaram a\u00a0&#8220;reforma&#8221; trabalhista. Para o presidente do Sindicato dos Banc\u00e1rios do ABC, Belmiro Moreira, o levantamento \u00e9 reflexo da conscientiza\u00e7\u00e3o da categoria sobre os direitos sociais e da busca por [&hellip;]<\/p>\n","protected":false},"author":2,"featured_media":5362,"comment_status":"","ping_status":"","sticky":false,"template":"","format":"standard","meta":{"footnotes":""},"categories":[3],"tags":[],"class_list":["post-5363","post","type-post","status-publish","format-standard","has-post-thumbnail","hentry","category-noticias"],"_links":{"self":[{"href":"https:\/\/hostnetart.com.br\/baixada\/wp-json\/wp\/v2\/posts\/5363","targetHints":{"allow":["GET"]}}],"collection":[{"href":"https:\/\/hostnetart.com.br\/baixada\/wp-json\/wp\/v2\/posts"}],"about":[{"href":"https:\/\/hostnetart.com.br\/baixada\/wp-json\/wp\/v2\/types\/post"}],"author":[{"embeddable":true,"href":"https:\/\/hostnetart.com.br\/baixada\/wp-json\/wp\/v2\/users\/2"}],"replies":[{"embeddable":true,"href":"https:\/\/hostnetart.com.br\/baixada\/wp-json\/wp\/v2\/comments?post=5363"}],"version-history":[{"count":0,"href":"https:\/\/hostnetart.com.br\/baixada\/wp-json\/wp\/v2\/posts\/5363\/revisions"}],"wp:featuredmedia":[{"embeddable":true,"href":"https:\/\/hostnetart.com.br\/baixada\/wp-json\/wp\/v2\/media\/5362"}],"wp:attachment":[{"href":"https:\/\/hostnetart.com.br\/baixada\/wp-json\/wp\/v2\/media?parent=5363"}],"wp:term":[{"taxonomy":"category","embeddable":true,"href":"https:\/\/hostnetart.com.br\/baixada\/wp-json\/wp\/v2\/categories?post=5363"},{"taxonomy":"post_tag","embeddable":true,"href":"https:\/\/hostnetart.com.br\/baixada\/wp-json\/wp\/v2\/tags?post=5363"}],"curies":[{"name":"wp","href":"https:\/\/api.w.org\/{rel}","templated":true}]}}