{"id":5359,"date":"2018-10-04T14:35:25","date_gmt":"2018-10-04T17:35:25","guid":{"rendered":"https:\/\/hostnetart.com.br\/baixada\/queda-do-emprego-e-da-renda-prejudica-a-economia-diz-cni\/"},"modified":"2018-10-04T14:35:25","modified_gmt":"2018-10-04T17:35:25","slug":"queda-do-emprego-e-da-renda-prejudica-a-economia-diz-cni","status":"publish","type":"post","link":"https:\/\/hostnetart.com.br\/baixada\/queda-do-emprego-e-da-renda-prejudica-a-economia-diz-cni\/","title":{"rendered":"Queda do emprego e da renda prejudica a economia, diz CNI"},"content":{"rendered":"<div class=\"content\">\n<p>A queda do emprego e da renda prejudica a recupera\u00e7\u00e3o da economia, afirma a Confedera\u00e7\u00e3o Nacional da Ind\u00fastria (CNI), entidade inspiradora da &#8220;reforma&#8221; trabalhista, aquela que viria recuperar o emprego e a renda. Ao divulgar nesta ter\u00e7a-feira (2) indicadores do setor, a CNI informou que apenas o faturamento &#8220;apresenta tend\u00eancia clara de rea\u00e7\u00e3o&#8221;.<\/p>\n<p>De acordo com a entidade empresarial, de julho para agosto o emprego na ind\u00fastria ficou praticamente est\u00e1vel, variando -0,1%. O rendimento m\u00e9dio caiu 0,4%, na quinta retra\u00e7\u00e3o seguida \u2013 desde maio, varia -0,5%. No ano, acumula redu\u00e7\u00e3o de 1,8% em compara\u00e7\u00e3o com igual per\u00edodo de 2017, enquanto a massa salarial cai 1,4%.<\/p>\n<p>&#8220;A fragilidade do emprego e a queda do rendimento e da massa real de sal\u00e1rios desestimulam o consumo. O baixo consumo limita a produ\u00e7\u00e3o. Com isso, as horas trabalhadas ca\u00edram e a ociosidade continua elevada, o que dificulta a retomada da economia&#8221;, afirma o economista da CNI Marcelo Azevedo.<\/p>\n<p>Na pesquisa da entidade, apenas o faturamento mostra resultado consistente, com alta de 2,5% no m\u00eas e de 5,5% no ano. As horas trabalhadas aumentaram 1% em agosto, ante julho, e 0,8% em 2018. Segundo o economista, esse \u00faltimo \u00edndice &#8220;vem alterando varia\u00e7\u00f5es positivas e negativas, sem apresentar tend\u00eancia definida&#8221; desde o in\u00edcio do ano.<\/p>\n<p>A utiliza\u00e7\u00e3o da capacidade instalada atingiu 78,1% em agosto, 0,5 ponto acima do m\u00eas anterior. \u00c9 o terceiro crescimento seguido, o que faz o indicador se aproximar do n\u00edvel de abril (78,3%), antes da paralisa\u00e7\u00e3o dos caminhoneiros.<\/p>\n<p>O IBGE informou nesta ter\u00e7a-feira (2) que a produ\u00e7\u00e3o industrial variou -0,3% de julho para agosto, na segunda taxa negativa seguida. Na compara\u00e7\u00e3o com agosto do ano passado, a atividade sobe 2%, terceiro resultado positivo consecutivo, mas o menos intenso. Em 12 meses, a produ\u00e7\u00e3o cresce 3,1%.<\/p>\n<\/div>\n<p id=\"page-author\"><strong>Fonte: Rede Brasil Atual<\/strong><\/p>\n","protected":false},"excerpt":{"rendered":"<p>A queda do emprego e da renda prejudica a recupera\u00e7\u00e3o da economia, afirma a Confedera\u00e7\u00e3o Nacional da Ind\u00fastria (CNI), entidade inspiradora da &#8220;reforma&#8221; trabalhista, aquela que viria recuperar o emprego e a renda. Ao divulgar nesta ter\u00e7a-feira (2) indicadores do setor, a CNI informou que apenas o faturamento &#8220;apresenta tend\u00eancia clara de rea\u00e7\u00e3o&#8221;. De acordo [&hellip;]<\/p>\n","protected":false},"author":2,"featured_media":5358,"comment_status":"","ping_status":"","sticky":false,"template":"","format":"standard","meta":{"footnotes":""},"categories":[3],"tags":[],"class_list":["post-5359","post","type-post","status-publish","format-standard","has-post-thumbnail","hentry","category-noticias"],"_links":{"self":[{"href":"https:\/\/hostnetart.com.br\/baixada\/wp-json\/wp\/v2\/posts\/5359","targetHints":{"allow":["GET"]}}],"collection":[{"href":"https:\/\/hostnetart.com.br\/baixada\/wp-json\/wp\/v2\/posts"}],"about":[{"href":"https:\/\/hostnetart.com.br\/baixada\/wp-json\/wp\/v2\/types\/post"}],"author":[{"embeddable":true,"href":"https:\/\/hostnetart.com.br\/baixada\/wp-json\/wp\/v2\/users\/2"}],"replies":[{"embeddable":true,"href":"https:\/\/hostnetart.com.br\/baixada\/wp-json\/wp\/v2\/comments?post=5359"}],"version-history":[{"count":0,"href":"https:\/\/hostnetart.com.br\/baixada\/wp-json\/wp\/v2\/posts\/5359\/revisions"}],"wp:featuredmedia":[{"embeddable":true,"href":"https:\/\/hostnetart.com.br\/baixada\/wp-json\/wp\/v2\/media\/5358"}],"wp:attachment":[{"href":"https:\/\/hostnetart.com.br\/baixada\/wp-json\/wp\/v2\/media?parent=5359"}],"wp:term":[{"taxonomy":"category","embeddable":true,"href":"https:\/\/hostnetart.com.br\/baixada\/wp-json\/wp\/v2\/categories?post=5359"},{"taxonomy":"post_tag","embeddable":true,"href":"https:\/\/hostnetart.com.br\/baixada\/wp-json\/wp\/v2\/tags?post=5359"}],"curies":[{"name":"wp","href":"https:\/\/api.w.org\/{rel}","templated":true}]}}