{"id":5357,"date":"2018-10-03T15:35:47","date_gmt":"2018-10-03T18:35:47","guid":{"rendered":"https:\/\/hostnetart.com.br\/baixada\/candidatos-conservadores-representam-mais-retrocessos-para-as-mulheres\/"},"modified":"2018-10-03T15:35:47","modified_gmt":"2018-10-03T18:35:47","slug":"candidatos-conservadores-representam-mais-retrocessos-para-as-mulheres","status":"publish","type":"post","link":"https:\/\/hostnetart.com.br\/baixada\/candidatos-conservadores-representam-mais-retrocessos-para-as-mulheres\/","title":{"rendered":"Candidatos conservadores representam mais retrocessos para as mulheres"},"content":{"rendered":"<p>Se depender da agenda dos <strong>candidatos<\/strong> de perfil conservador, as mulheres dever\u00e3o fazer do movimento <strong>#EleN\u00e3o<\/strong> um f\u00f3rum permanente de lutas contra retrocessos. O <a class=\"internal-link\" title=\"\" href=\"https:\/\/www.redebrasilatual.com.br\/politica\/2018\/10\/datafolha-bolsonaro-cresce-e-vai-a-32-haddad-aparece-com-21\" target=\"_blank\" rel=\"noopener noreferrer\">l\u00edder das pesquisas de inten\u00e7\u00e3o de voto<\/a>, Jair <strong>Bolsonaro<\/strong> (PSL), <a class=\"internal-link\" title=\"\" href=\"https:\/\/www.redebrasilatual.com.br\/politica\/2018\/09\/mulheres-chamam-e-milhares-se-manifestam-em-sao-paulo-contra-bolsonaro\" target=\"_blank\" rel=\"noopener noreferrer\">alvo das manifesta\u00e7\u00f5es deste domingo<\/a> (29), menciona a palavra mulher apenas uma vez. E no t\u00edtulo de um gr\u00e1fico: &#8220;Outro exemplo de mudan\u00e7a ideol\u00f3gica \u2013 Combater o estupro de mulheres e crian\u00e7as.&#8221;<\/p>\n<p>A julgar pelo programa de governo do candidato do PSL, as trabalhadoras n\u00e3o ter\u00e3o pol\u00edticas pol\u00edticas p\u00fablicas que contemplem suas bandeiras de luta. A palavra aparece uma s\u00f3 vez, mas com uma conota\u00e7\u00e3o que tenta desqualificar aquela que caracteriza a <strong>mulher<\/strong> que trabalha para se sustentar e a seus filhos e familiares.<\/p>\n<p>\u201cChega de carimbos, autoriza\u00e7\u00f5es e burocracias. A complexidade burocr\u00e1tica alimenta a corrup\u00e7\u00e3o. Faremos um governo que confiar\u00e1 no cidad\u00e3o, simplificando e quebrando a l\u00f3gica que a esquerda nos imp\u00f4s de desconfiar das pessoas corretas e trabalhadoras. N\u00e3o continuaremos a tratar a exce\u00e7\u00e3o como regra, o que prejudica a maioria dos seguidores da lei\u201d, diz um trecho do programa do candidato.<\/p>\n<p>As mulheres podem acusar Bolsonaro de tudo, menos de incoerente. Seu programa registrado no Tribunal Superior Eleitoral \u00e9 fiel a posicionamentos seus, como o de que as mulheres devem ganhar sal\u00e1rios menores que os homens porque engravidam \u2013 &#8220;quando ela voltar (da licen\u00e7a-maternidade), vai ter mais um m\u00eas de f\u00e9rias, ou seja, trabalhou cinco meses em um ano\u201d, afirmou o candidato em entrevista.<\/p>\n<h3>Mulher vice<\/h3>\n<p>Geraldo <strong>Alckmin<\/strong> (PSDB), que tem uma mulher como vice \u2013 a ruralista Ana Am\u00e9lia Lemos (PP-RS) \u2013 \u00e9 bastante vago nas duas vezes em que menciona o termo mulher em seu programa. Na primeira, diz que \u201cvamos estabelecer um pacto nacional para a redu\u00e7\u00e3o de viol\u00eancia contra idosos, mulheres e LGBTI e incentivar a cria\u00e7\u00e3o de redes n\u00e3o-governamentais de apoio ao atendimento de v\u00edtimas de viol\u00eancia racial e contra tr\u00e1fico sexual e de crian\u00e7as\u201d.<\/p>\n<p>E na segunda, \u201ca redu\u00e7\u00e3o das desigualdades sociais exigir\u00e1 um s\u00e9rio comprometimento do governo, para melhorar a qualidade da educa\u00e7\u00e3o, ampliar o acesso \u00e0 sa\u00fade, combater a viol\u00eancia e promover o respeito \u00e0s mulheres, idosos e minorias.\u201d<\/p>\n<p>A exemplo de Bolsonaro, o tucano tamb\u00e9m n\u00e3o menciona a palavra &#8220;trabalhadora&#8221;.<\/p>\n<p>Henrique <strong>Meirelles<\/strong> (MDB) \u00e9 outro que cita mulheres apenas duas vezes, e ignora totalmente as trabalhadoras. Em sua proposta, \u201cas mulheres, por exemplo, trabalham, em m\u00e9dia, tr\u00eas horas por semana a mais do que os homens, combinando trabalhos remunerados, afazeres dom\u00e9sticos e cuidados de pessoas. Mesmo assim, e ainda contando com um n\u00edvel educacional mais alto, ganham, em m\u00e9dia, 76,5% do rendimento dos homens\u201d.<\/p>\n<p>Mais para frente, o texto promete \u201cincentivar a redu\u00e7\u00e3o da diferen\u00e7a salarial entre homens e mulheres, respaldado pela nova lei do trabalho aprovada em 2017\u201d. Nada mais.<\/p>\n<p>\u00c1lvaro Dias (Podemos), Cabo Daciolo (Patriota), Eymael (DC) e Amoedo (Novo), que juntos somam 8% das inten\u00e7\u00f5es de votos, n\u00e3o mencionam a palavra mulher nenhuma vez em seus programas de governo. \u00c9 como se elas n\u00e3o existissem.<\/p>\n<p>O que dedica mais espa\u00e7o e propostas \u00e0 mulher \u00e9\u00a0Guilherme <strong>Boulos<\/strong> (PSol). O termo aparece 125 vezes ao longo do programa e um cap\u00edtulo inteiro intitulado &#8220;\u00c9 pela vida das mulheres&#8221;, sobre trabalho, educa\u00e7\u00e3o, sa\u00fade, inclus\u00e3o e muito mais.<\/p>\n<p>No programa de <strong>Ciro Gomes<\/strong> (PDT), o termo aparece 41 vezes. O candidato dedica um cap\u00edtulo, intitulado \u201cRespeito \u00e0s mulheres\u201d.<\/p>\n<p>Na proposta de <strong>Fernando Haddad<\/strong> (PT), h\u00e1 um t\u00f3pico inteiro com pol\u00edticas para as mulheres, visando a igualdade de g\u00eanero. Ao todo, a palavra mulher aparece 34 vezes.\u00a0<\/p>\n<p>J\u00e1 no programa de <strong>Marina<\/strong> Silva (Rede), o termo aparece nove vezes. Entre outras coisas, a candidata promete ampliar pol\u00edticas de preven\u00e7\u00e3o \u00e0 viol\u00eancia contra a mulher, combater o feminic\u00eddio, qualificar a rede de atendimento \u00e0s v\u00edtimas, criar pol\u00edticas contra a discrimina\u00e7\u00e3o no mercado de trabalho para garantir igualdade salarial para mulheres e homens que exer\u00e7am as mesmas fun\u00e7\u00f5es.<\/p>\n<p>Outros que se lembraram das mulheres em seus programas s\u00e3o Jo\u00e3o Goulart Filho (PPL), que em 20 situa\u00e7\u00f5es se refere \u00e0 mulher, e Vera (PSTU), em quatro.<\/p>\n<p>\u00a0<\/p>\n<p><span style=\"text-decoration: underline;\"><em><strong>Fonte: Rede Brasil Atual<\/strong><\/em><\/span><\/p>\n","protected":false},"excerpt":{"rendered":"<p>Se depender da agenda dos candidatos de perfil conservador, as mulheres dever\u00e3o fazer do movimento #EleN\u00e3o um f\u00f3rum permanente de lutas contra retrocessos. O l\u00edder das pesquisas de inten\u00e7\u00e3o de voto, Jair Bolsonaro (PSL), alvo das manifesta\u00e7\u00f5es deste domingo (29), menciona a palavra mulher apenas uma vez. E no t\u00edtulo de um gr\u00e1fico: &#8220;Outro exemplo [&hellip;]<\/p>\n","protected":false},"author":2,"featured_media":5356,"comment_status":"","ping_status":"","sticky":false,"template":"","format":"standard","meta":{"footnotes":""},"categories":[3],"tags":[],"class_list":["post-5357","post","type-post","status-publish","format-standard","has-post-thumbnail","hentry","category-noticias"],"_links":{"self":[{"href":"https:\/\/hostnetart.com.br\/baixada\/wp-json\/wp\/v2\/posts\/5357","targetHints":{"allow":["GET"]}}],"collection":[{"href":"https:\/\/hostnetart.com.br\/baixada\/wp-json\/wp\/v2\/posts"}],"about":[{"href":"https:\/\/hostnetart.com.br\/baixada\/wp-json\/wp\/v2\/types\/post"}],"author":[{"embeddable":true,"href":"https:\/\/hostnetart.com.br\/baixada\/wp-json\/wp\/v2\/users\/2"}],"replies":[{"embeddable":true,"href":"https:\/\/hostnetart.com.br\/baixada\/wp-json\/wp\/v2\/comments?post=5357"}],"version-history":[{"count":0,"href":"https:\/\/hostnetart.com.br\/baixada\/wp-json\/wp\/v2\/posts\/5357\/revisions"}],"wp:featuredmedia":[{"embeddable":true,"href":"https:\/\/hostnetart.com.br\/baixada\/wp-json\/wp\/v2\/media\/5356"}],"wp:attachment":[{"href":"https:\/\/hostnetart.com.br\/baixada\/wp-json\/wp\/v2\/media?parent=5357"}],"wp:term":[{"taxonomy":"category","embeddable":true,"href":"https:\/\/hostnetart.com.br\/baixada\/wp-json\/wp\/v2\/categories?post=5357"},{"taxonomy":"post_tag","embeddable":true,"href":"https:\/\/hostnetart.com.br\/baixada\/wp-json\/wp\/v2\/tags?post=5357"}],"curies":[{"name":"wp","href":"https:\/\/api.w.org\/{rel}","templated":true}]}}