{"id":5351,"date":"2018-10-02T17:58:00","date_gmt":"2018-10-02T20:58:00","guid":{"rendered":"https:\/\/hostnetart.com.br\/baixada\/em-2017-salario-medio-dos-homens-foi-17-maior-que-o-das-mulheres\/"},"modified":"2018-10-02T17:58:00","modified_gmt":"2018-10-02T20:58:00","slug":"em-2017-salario-medio-dos-homens-foi-17-maior-que-o-das-mulheres","status":"publish","type":"post","link":"https:\/\/hostnetart.com.br\/baixada\/em-2017-salario-medio-dos-homens-foi-17-maior-que-o-das-mulheres\/","title":{"rendered":"Em 2017, sal\u00e1rio m\u00e9dio dos homens foi 17% maior que o das mulheres"},"content":{"rendered":"<p class=\" \">Na compara\u00e7\u00e3o com o sal\u00e1rio m\u00e9dio dos homens, em 2017, as mulheres encerraram o ano ganhando 17,46% a menos que os trabalhadores do sexo masculino, revelam os dados da Rela\u00e7\u00e3o Anual de Informa\u00e7\u00f5es Sociais (Rais), do Minist\u00e9rio do Trabalho, divulgados na sexta-feira (28). A discrep\u00e2ncia salarial acompanhada da\u00a0<a class=\"internal-link\" title=\"\" href=\"https:\/\/www.redebrasilatual.com.br\/trabalho\/2018\/08\/bancos-dirigem-r-1-6-bi-em-publicidade-a-mulheres-mas-discriminam-diz-sindicato\" target=\"_blank\" rel=\"noopener noreferrer\">divis\u00e3o de g\u00eanero<\/a>\u00a0reflete um\u00a0<a class=\"internal-link\" title=\"\" href=\"https:\/\/www.redebrasilatual.com.br\/politica\/2018\/09\/machismo-e-racismo-fazem-parte-da-estrutura-do-estado-diz-manuela-davila\" target=\"_blank\" rel=\"noopener noreferrer\">conjunto de pr\u00e1ticas culturais<\/a>, segundo o diretor t\u00e9cnico do Dieese, Clemente Ganz L\u00facio.<\/p>\n<p class=\" \">Em entrevista \u00e0 jornalista Marilu Caba\u00f1as, da\u00a0<b>R\u00e1dio Brasil Atual<\/b>, o diretor t\u00e9cnico destacou que em muitas gest\u00f5es \u00e9 comum que as pr\u00e1ticas salariais adotadas para as mulheres sejam menores, apresente\u00a0<a class=\"internal-link\" title=\"\" href=\"https:\/\/www.redebrasilatual.com.br\/cidadania\/2018\/09\/desemprego-entre-chefes-de-familia-causa-crises-familiares-e-separacoes\" target=\"_blank\" rel=\"noopener noreferrer\">desvantagens<\/a>\u00a0na perman\u00eancia dentro do mercado de trabalho, restrinja sua participa\u00e7\u00e3o em ocupa\u00e7\u00e3o de baixa remunera\u00e7\u00e3o e relativize a cultura do<a class=\"internal-link\" title=\"\" href=\"https:\/\/www.redebrasilatual.com.br\/trabalho\/2018\/08\/crescimento-do-trabalho-domestico-encobre-falta-de-politicas-do-estado\" target=\"_blank\" rel=\"noopener noreferrer\">\u00a0trabalho duplo\u00a0<\/a>e de cuidados.<\/p>\n<p class=\" \">&#8220;Isso as afastam destas condi\u00e7\u00f5es de igualdade de presen\u00e7a no mercado de trabalho e essa desigualdade acaba conferindo a elas a desigualdade salarial&#8221;, avalia Clemente sobre o levantamento, que indica o fechamento do sal\u00e1rio\u00a0dos homens em R$ 3.181, enquanto o das\u00a0mulheres em R$ 2.708, 85,1% da remunera\u00e7\u00e3o masculina.\u00a0<\/p>\n<p class=\" \">Para ele, a lenta varia\u00e7\u00e3o positiva que o Brasil vem apresentando, com um crescimento de 1,8% no sal\u00e1rio das mulheres na compara\u00e7\u00e3o com 2016, passa pela cria\u00e7\u00e3o de\u00a0<a class=\"internal-link\" title=\"\" href=\"https:\/\/www.redebrasilatual.com.br\/politica\/2018\/09\/organizacao-recomenda-a-candidatos-medidas-para-combater-a-desigualdade\" target=\"_blank\" rel=\"noopener noreferrer\">condi\u00e7\u00f5es objetivas<\/a>, culturais e que permitam a ascens\u00e3o da for\u00e7a feminina no mercado de trabalho.<\/p>\n<p class=\" \">\u00a0<\/p>\n<p class=\" \"><strong>Fonte: Rede Brasil Atual<\/strong><\/p>\n","protected":false},"excerpt":{"rendered":"<p>Na compara\u00e7\u00e3o com o sal\u00e1rio m\u00e9dio dos homens, em 2017, as mulheres encerraram o ano ganhando 17,46% a menos que os trabalhadores do sexo masculino, revelam os dados da Rela\u00e7\u00e3o Anual de Informa\u00e7\u00f5es Sociais (Rais), do Minist\u00e9rio do Trabalho, divulgados na sexta-feira (28). A discrep\u00e2ncia salarial acompanhada da\u00a0divis\u00e3o de g\u00eanero\u00a0reflete um\u00a0conjunto de pr\u00e1ticas culturais, segundo [&hellip;]<\/p>\n","protected":false},"author":2,"featured_media":5350,"comment_status":"","ping_status":"","sticky":false,"template":"","format":"standard","meta":{"footnotes":""},"categories":[3],"tags":[],"class_list":["post-5351","post","type-post","status-publish","format-standard","has-post-thumbnail","hentry","category-noticias"],"_links":{"self":[{"href":"https:\/\/hostnetart.com.br\/baixada\/wp-json\/wp\/v2\/posts\/5351","targetHints":{"allow":["GET"]}}],"collection":[{"href":"https:\/\/hostnetart.com.br\/baixada\/wp-json\/wp\/v2\/posts"}],"about":[{"href":"https:\/\/hostnetart.com.br\/baixada\/wp-json\/wp\/v2\/types\/post"}],"author":[{"embeddable":true,"href":"https:\/\/hostnetart.com.br\/baixada\/wp-json\/wp\/v2\/users\/2"}],"replies":[{"embeddable":true,"href":"https:\/\/hostnetart.com.br\/baixada\/wp-json\/wp\/v2\/comments?post=5351"}],"version-history":[{"count":0,"href":"https:\/\/hostnetart.com.br\/baixada\/wp-json\/wp\/v2\/posts\/5351\/revisions"}],"wp:featuredmedia":[{"embeddable":true,"href":"https:\/\/hostnetart.com.br\/baixada\/wp-json\/wp\/v2\/media\/5350"}],"wp:attachment":[{"href":"https:\/\/hostnetart.com.br\/baixada\/wp-json\/wp\/v2\/media?parent=5351"}],"wp:term":[{"taxonomy":"category","embeddable":true,"href":"https:\/\/hostnetart.com.br\/baixada\/wp-json\/wp\/v2\/categories?post=5351"},{"taxonomy":"post_tag","embeddable":true,"href":"https:\/\/hostnetart.com.br\/baixada\/wp-json\/wp\/v2\/tags?post=5351"}],"curies":[{"name":"wp","href":"https:\/\/api.w.org\/{rel}","templated":true}]}}