{"id":535,"date":"2014-01-20T00:00:00","date_gmt":"2014-01-20T02:00:00","guid":{"rendered":"https:\/\/hostnetart.com.br\/baixada\/contraf-cut-valoriza-vale-cultura-em-ato-do-bb-com-ministra-marta-suplicy\/"},"modified":"2014-01-20T00:00:00","modified_gmt":"2014-01-20T02:00:00","slug":"contraf-cut-valoriza-vale-cultura-em-ato-do-bb-com-ministra-marta-suplicy","status":"publish","type":"post","link":"https:\/\/hostnetart.com.br\/baixada\/contraf-cut-valoriza-vale-cultura-em-ato-do-bb-com-ministra-marta-suplicy\/","title":{"rendered":"Contraf-CUT valoriza vale-cultura em ato do BB com ministra Marta Suplicy"},"content":{"rendered":"<p>A Contraf-CUT valorizou a conquista do vale-cultura, durante solenidade realizada no final da manh\u00e3 desta sexta-feira (17) pelo Banco do Brasil para o lan\u00e7amento e a entrega dos primeiros cart\u00f5es magn\u00e9ticos para dois funcion\u00e1rios, com a presen\u00e7a da ministra da Cultura, Marta Suplicy. O evento, aberto com uma bela apresenta\u00e7\u00e3o de cantigas populares, ocorreu no Centro Cultural do BB, no centro de S\u00e3o Paulo.<\/p>\n<p>\u00a0<br \/>O vale-cultura est\u00e1 vigente desde o dia 1\u00ba de janeiro para quem ganha at\u00e9 cinco sal\u00e1rios m\u00ednimos por m\u00eas (R$ 3.620). A ades\u00e3o do banc\u00e1rio garante o recebimento at\u00e9 o fim do m\u00eas de um cart\u00e3o magn\u00e9tico com o primeiro cr\u00e9dito de R$ 50 para usufruir atividades culturais, como teatro, cinema, livros, CDs e espet\u00e1culos.<\/p>\n<p>\u00a0<br \/>Trata-se de um programa do governo da presidenta Dilma Rousseff, garantido pela Lei n\u00ba 12.761\/2012 e devidamente regulamentado. As institui\u00e7\u00f5es financeiras poder\u00e3o deduzir 1% no imposto de renda e o desconto para os banc\u00e1rios varia entre R$ 2 a R$ 5, dependendo do sal\u00e1rio.<\/p>\n<p>\u00a0<br \/><strong>Inclus\u00e3o cultural<\/strong><\/p>\n<p>\u00a0<\/p>\n<p>\u201cO vale-cultura \u00e9 um grande instrumento de inclus\u00e3o cultural, assim como o bolsa-fam\u00edlia \u00e9 um fator de combate \u00e0 mis\u00e9ria. Temos muito orgulho de ter garantido essa cl\u00e1usula na conven\u00e7\u00e3o coletiva dos banc\u00e1rios, que completou 21 anos em 2013 e agora os banc\u00e1rios de todo o pa\u00eds, podem usufruir essa importante conquista\u201d, afirmou Carlos Cordeiro, presidente da Contraf-CUT e coordenador do Comando Nacional dos Banc\u00e1rios.<\/p>\n<p>\u00a0<\/p>\n<p>Cordeiro, que falou em nome dos banc\u00e1rios, aproveitou a oportunidade para reivindicar amplia\u00e7\u00e3o e melhoria do vale-cultura nas pr\u00f3ximas negocia\u00e7\u00f5es. \u201cPrecisamos avan\u00e7ar este ano com a inclus\u00e3o dos banc\u00e1rios que ganham acima de cinco sal\u00e1rios m\u00ednimos por m\u00eas e com o aumento do valor de R$ 50\u2033, prop\u00f4s. O recado tinha endere\u00e7o certo. Al\u00e9m de v\u00e1rios dirigentes do BB, estava presente o negociador e diretor de Rela\u00e7\u00f5es de Trabalho de Fenaban, Magnus Apost\u00f3lico.<\/p>\n<p>\u00a0<\/p>\n<p>O presidente da Contraf-CUT encerrou o pronunciamento lembrando a m\u00fasica dos Tit\u00e3s. \u201cA gente n\u00e3o quer s\u00f3 comida, a gente quer comida, divers\u00e3o e arte. A gente n\u00e3o quer s\u00f3 dinheiro, a gente quer inteiro e n\u00e3o pela metade\u201d, concluiu Cordeiro.<\/p>\n<p>\u00a0<\/p>\n<p>\u00a0<\/p>\n<p><strong>Primeiros cart\u00f5es<\/strong><\/p>\n<p>\u00a0<br \/>\u201cQuem vai uma vez no cinema e no teatro, sempre quer voltar. Isso vai criar um h\u00e1bito. Vai fazer da cultura mais um item essencial na vida das pessoas.\u201d Essa \u00e9 a opini\u00e3o do escritur\u00e1rio Willy Kran, que recebeu o cart\u00e3o do vale-cultura das m\u00e3os da presidenta do Sindicato dos Banc\u00e1rios de S\u00e3o Paulo, Juvandia Moreira.<\/p>\n<p>\u00a0<\/p>\n<p>A ministra entregou o cart\u00e3o para a escritur\u00e1ria Andreia Teixeira. \u201cAcho que vou gastar principalmente com livros, adoro romances sobre a Palestina tipo \u2018O Ca\u00e7ador de Pipas\u2019. J\u00e1 tinha o h\u00e1bito de comprar livros, mas \u00e0s vezes eu me privava\u201d, conta a banc\u00e1ria do BB.<\/p>\n<p>\u00a0<\/p>\n<p>Os dois funcion\u00e1rios, lotados no Distrito Federal, representaram os cerca de 28 mil trabalhadores do banco que j\u00e1 fizeram a ades\u00e3o ao vale-cultura e receber\u00e3o o cr\u00e9dito no dia 31 de janeiro. A dire\u00e7\u00e3o do BB estima que 42 mil funcion\u00e1rios est\u00e3o aptos a aderir.<\/p>\n<p>\u00a0<\/p>\n<p>\u00a0<\/p>\n<p><strong>Para a alma<\/strong><\/p>\n<p>\u00a0<\/p>\n<p>Marta Suplicy disse que o Brasil avan\u00e7ou tirando milhares de pessoas da mis\u00e9ria, mas que j\u00e1 estava na hora de o pa\u00eds ir adiante diminuindo a exclus\u00e3o cultural. \u201cLembro quando viajava pelo pa\u00eds com o presidente Lula e ele falava que seu objetivo inicial era que todo brasileiro fizesse pelo menos tr\u00eas refei\u00e7\u00f5es por dia. Chegamos num patamar muito bom. E por isso mesmo agora precisamos de mais: precisamos de alimento para a alma e o vale-cultura vai dar essa possibilidade.\u201d<\/p>\n<p>\u00a0<\/p>\n<p>A ministra destacou ainda que o projeto \u00e9 totalmente inovador e ganha o interesse de governos de outros pa\u00edses. \u201cQuando falo do vale-cultura l\u00e1 fora todos ficam fascinados. E n\u00e3o \u00e9 \u00e0 toa, se voc\u00ea pensar no que isso pode proporcionar para as pessoas, tanto para os consumidores quanto para quem produz cultura nesse pa\u00eds.\u201d<\/p>\n<p>\u00a0<\/p>\n<p>Ela citou pesquisas que apontam para a exclus\u00e3o cultural no Brasil, onde 92% dos cidad\u00e3os nunca foram a museus, por exemplo. \u201cTem muita gente que nunca foi ao cinema n\u00e3o s\u00f3 porque n\u00e3o tem dinheiro, mas porque na sua cidadezinha de 20 mil habitantes n\u00e3o tem cinema. O cart\u00e3o vai ampliar o mercado para o cinema, para a livraria, para o teatro, at\u00e9 nas pequenas cidades.\u201d<\/p>\n<p>\u00a0<\/p>\n<p>Para Marta, o projeto tamb\u00e9m inova pela liberdade que d\u00e1 ao consumidor. \u201cFico curiosa para saber como pessoas como a Andreia v\u00e3o utilizar o cart\u00e3o. V\u00e3o comprar livros? V\u00e3o poupar para comprar um instrumento musical? Cada um vai decidir com o que gastar e isso \u00e9 muito importante porque tamb\u00e9m cria p\u00fablico para qualquer produto cultural\u201d, salientou.<\/p>\n<p>\u00a0<\/p>\n<p>\u201cA amplia\u00e7\u00e3o do programa \u00e9 poss\u00edvel\u201d, disse a ministra ao comentar a reivindica\u00e7\u00e3o feita pelo presidente da Contraf-CUT. \u201cIsso pode ser feito ap\u00f3s a ades\u00e3o das empresas, conforme prev\u00ea a legisla\u00e7\u00e3o\u201d.<\/p>\n<p>\u00a0<\/p>\n<p>A ministra comparou o vale-cultura com a Lei Rouanet, que prev\u00ea dedu\u00e7\u00e3o fiscal para patroc\u00ednio de empresas a iniciativas culturais. \u201cA Lei Rouanet tem um papel importante, mas muita gente que produz cultura n\u00e3o encontra empresas que tenham interesse de patrocinar algo que seja muito inovador ou que a princ\u00edpio n\u00e3o tenha p\u00fablico. O vale-cultura vai ajudar os produtores a terem p\u00fablico.\u201d<\/p>\n<p>\u00a0<\/p>\n<p>Marta informou que em breve os Correios tamb\u00e9m v\u00e3o aderir ao programa. At\u00e9 agora, 1.253 empresas em todo o pa\u00eds j\u00e1 se cadastraram no programa, favorecendo 340.422 funcion\u00e1rios. Ela enfatizou que 73% delas s\u00e3o pequenas empresas. \u201cTrata-se de creches, oficinas mec\u00e2nicas, docerias, estabelecimentos com poucos funcion\u00e1rios, mas que percebem que \u00e9 fundamental ampliar a vis\u00e3o de mundo de seus trabalhadores.\u201d<\/p>\n<p>\u00a0<\/p>\n<p>\u201cDivirtam-se muito com o vale-cultura\u201d, concluiu Marta.<\/p>\n<p>\u00a0<\/p>\n<p>\u00a0<\/p>\n<p>\u00a0<\/p>\n<p>\u00a0<\/p>\n<p><strong>Pioneirismo<\/strong><\/p>\n<p>\u00a0<\/p>\n<p>Durante o pronunciamento, a ministra agradeceu ao movimento sindical e a Juvandia pela conquista. \u201cN\u00f3s nos falamos por telefone e unimos esfor\u00e7os para que se firmasse o acordo com a Fenaban\u201d, contou Marta.<\/p>\n<p>\u00a0<\/p>\n<p>\u00a0<\/p>\n<p>Para a presidenta do Sindicato, o vale-cultura \u00e9 fruto da luta dos banc\u00e1rios durante a Campanha Nacional 2013. \u201cA conquista \u00e9 importante n\u00e3o s\u00f3 para os banc\u00e1rios, mas tamb\u00e9m porque incentiva outras categorias a reivindicarem o cart\u00e3o. Somos refer\u00eancia para outros trabalhadores e a nossa iniciativa vai servir de exemplo e ajudar na amplia\u00e7\u00e3o do projeto. Al\u00e9m disso, como a nossa CCT \u00e9 nacional, o cart\u00e3o vai ajudar no consumo de cultura de norte a sul do pa\u00eds\u201d, destacou Juvandia.<\/p>\n<p>\u00a0<\/p>\n<p>\u00a0<\/p>\n<p><strong>Mais investimentos<\/strong><\/p>\n<p>\u00a0<\/p>\n<p>A proje\u00e7\u00e3o do Dieese \u00e9 de que com o vale-cultura apenas a categoria banc\u00e1ria injetar\u00e1 R$ 9,4 milh\u00f5es ao m\u00eas na economia brasileira, o que representa R$ 113 milh\u00f5es por ano.<\/p>\n<p>\u00a0<\/p>\n<p>A estimativa do Banco do Brasil \u00e9 que sejam investidos R$ 22,6 milh\u00f5es com o vale-cultura ao longo deste ano. \u201cGrandes ideias t\u00eam vida pr\u00f3pria. A cultura atua fortemente na constru\u00e7\u00e3o de sentidos e isso se reflete no mundo do trabalho. N\u00f3s abra\u00e7amos essa ideia pela sua import\u00e2ncia\u201d, disse o diretor de Gest\u00e3o de Pessoas do BB, Carlos Netto, que fez uma apresenta\u00e7\u00e3o do programa.<\/p>\n<p>\u00a0<\/p>\n<p>Tamb\u00e9m se manifestou o vice-presidente de varejo do BB, Paulo Ricci. \u201cEstamos em quase 70% dos munic\u00edpios para onde vamos levar cultura. Os centros culturais do BB tamb\u00e9m aceitar\u00e3o o vale-cultura. O Brasil d\u00e1 um outro salto\u201d, destacou.<\/p>\n<p>\u00a0<\/p>\n<p>Ainda fez um pronunciamento o assessor do secret\u00e1rio municipal de Cultura da Prefeitura de S\u00e3o Paulo, que enfatizou as novas oportunidades de escolha que o programa ir\u00e1 possibilitar e o incremento nas produ\u00e7\u00f5es culturais em todo pa\u00eds.<\/p>\n<p>\u00a0<\/p>\n<p>Fonte: Contraf-CUT com Seeb S\u00e3o Paulo e Ag\u00eancia Brasil<\/p>\n","protected":false},"excerpt":{"rendered":"<p>A Contraf-CUT valorizou a conquista do vale-cultura, durante solenidade realizada no final da manh\u00e3 desta sexta-feira (17) pelo Banco do Brasil para o lan\u00e7amento e a entrega dos primeiros cart\u00f5es magn\u00e9ticos para dois funcion\u00e1rios, com a presen\u00e7a da ministra da Cultura, Marta Suplicy. O evento, aberto com uma bela apresenta\u00e7\u00e3o de cantigas populares, ocorreu no [&hellip;]<\/p>\n","protected":false},"author":1,"featured_media":0,"comment_status":"","ping_status":"","sticky":false,"template":"","format":"standard","meta":{"footnotes":""},"categories":[3],"tags":[],"class_list":["post-535","post","type-post","status-publish","format-standard","hentry","category-noticias"],"_links":{"self":[{"href":"https:\/\/hostnetart.com.br\/baixada\/wp-json\/wp\/v2\/posts\/535","targetHints":{"allow":["GET"]}}],"collection":[{"href":"https:\/\/hostnetart.com.br\/baixada\/wp-json\/wp\/v2\/posts"}],"about":[{"href":"https:\/\/hostnetart.com.br\/baixada\/wp-json\/wp\/v2\/types\/post"}],"author":[{"embeddable":true,"href":"https:\/\/hostnetart.com.br\/baixada\/wp-json\/wp\/v2\/users\/1"}],"replies":[{"embeddable":true,"href":"https:\/\/hostnetart.com.br\/baixada\/wp-json\/wp\/v2\/comments?post=535"}],"version-history":[{"count":0,"href":"https:\/\/hostnetart.com.br\/baixada\/wp-json\/wp\/v2\/posts\/535\/revisions"}],"wp:attachment":[{"href":"https:\/\/hostnetart.com.br\/baixada\/wp-json\/wp\/v2\/media?parent=535"}],"wp:term":[{"taxonomy":"category","embeddable":true,"href":"https:\/\/hostnetart.com.br\/baixada\/wp-json\/wp\/v2\/categories?post=535"},{"taxonomy":"post_tag","embeddable":true,"href":"https:\/\/hostnetart.com.br\/baixada\/wp-json\/wp\/v2\/tags?post=535"}],"curies":[{"name":"wp","href":"https:\/\/api.w.org\/{rel}","templated":true}]}}