{"id":5349,"date":"2018-10-02T17:56:07","date_gmt":"2018-10-02T20:56:07","guid":{"rendered":"https:\/\/hostnetart.com.br\/baixada\/mpt-autuara-empresas-que-pressionarem-por-votos-de-funcionarios\/"},"modified":"2018-10-02T17:56:07","modified_gmt":"2018-10-02T20:56:07","slug":"mpt-autuara-empresas-que-pressionarem-por-votos-de-funcionarios","status":"publish","type":"post","link":"https:\/\/hostnetart.com.br\/baixada\/mpt-autuara-empresas-que-pressionarem-por-votos-de-funcionarios\/","title":{"rendered":"MPT autuar\u00e1 empresas que pressionarem por votos de funcion\u00e1rios"},"content":{"rendered":"<p class=\" \">Em nota p\u00fablica, divulgada nesta segunda-feira (1\u00ba), o Minist\u00e9rio P\u00fablico do Trabalho (<strong>MPT<\/strong>) adverte que vai fiscalizar e multar o direcionamento, a imposi\u00e7\u00e3o e a coa\u00e7\u00e3o de empresas pelo voto dos seus funcion\u00e1rios.\u00a0A advert\u00eancia decorre da atua\u00e7\u00e3o de empres\u00e1rios que, em favor de posicionamentos pol\u00edticos alinhados, v\u00eam buscando interferir e intimidar os funcion\u00e1rios quanto \u00e0 escolha dos candidatos destas elei\u00e7\u00f5es. Para o MPT, trata-se de\u00a0viola\u00e7\u00e3o\u00a0<strong>trabalhista<\/strong>.\u00a0<\/p>\n<p class=\" \">Nesta semana, o dono da rede de lojas Havan, Luciano Hang, publicou v\u00eddeo em rede social amea\u00e7ando os trabalhadores para votar em Jair\u00a0<strong>Bolsonaro<\/strong>\u00a0(PSL), citando a &#8220;op\u00e7\u00e3o&#8221; como a \u00fanica sa\u00edda contra a esquerda. Conhecido pelo envolvimento na campanha a favor do candidato do PSL, o empres\u00e1rio afirma ter pesquisas sobre a inten\u00e7\u00e3o de votos dos seus empregados.\u00a0<\/p>\n<p class=\" \">&#8220;Se voc\u00ea n\u00e3o for votar, anular seu voto ou votar branco, depois do dia 7 de outubro, ganha a esquerda e vamos virar uma Venezuela&#8221;, afirma Hang, em um trecho do v\u00eddeo em que aponta que 30% dos trabalhadores de suas lojas n\u00e3o definiu o voto em algum candidato.<\/p>\n<p class=\" \">Ele afirma ainda que os cerca de 15 mil funcion\u00e1rios de sua rede de lojas perder\u00e3o seus empregos, em caso de uma &#8220;vit\u00f3ria da esquerda&#8221;, numa alus\u00e3o indireta ao candidato do PT,\u00a0<strong>Fernando Haddad<\/strong>, um dos favoritos a passar para o segundo turno,\u00a0<a class=\"internal-link\" title=\"\" href=\"https:\/\/www.redebrasilatual.com.br\/politica\/2018\/09\/haddad-e-bolsonaro-aparecem-pela-primeira-vez-em-empate-tecnico\" target=\"_blank\" rel=\"noopener noreferrer\">de acordo com as pesquisas eleitorais.<\/a><\/p>\n<p class=\" \">Alegando &#8220;preocupa\u00e7\u00e3o com o rumo eleitoral&#8221;, o fundador da rede paranaense de supermercados Condor, Pedro Joanir Zonta, tamb\u00e9m pode estar constrangendo os trabalhadores da empresa a votarem no candidato do PSL.<\/p>\n<p class=\" \">Em uma carta atribu\u00edda a Zonta que circula nas redes, o fundador lista\u00a0motivos para que os trabalhadores do grupo n\u00e3o escolham um candidato da esquerda. Entre eles, diz o texto, porque esses candidatos defendem o &#8220;fim da fam\u00edlia&#8221;.\u00a0 At\u00e9 o fechamento desta mat\u00e9ria, nem a empresa, nem o empres\u00e1rio haviam desmentido a elabora\u00e7\u00e3o ou a autoria da mensagem.<\/p>\n<h3 class=\" \">Constrangimento<\/h3>\n<p>Na pr\u00e1tica, de acordo com a nota do MPT, comunicados semelhantes aos dos empres\u00e1rios ou direcionamento de votos como meio para a manuten\u00e7\u00e3o dos empregos caracterizam discrimina\u00e7\u00e3o em raz\u00e3o de orienta\u00e7\u00e3o pol\u00edtica e violam o direito fundamental de escolha. Se comprovada a a\u00e7\u00e3o irregular, a empresa poder\u00e1 ser alvo de investiga\u00e7\u00e3o e a\u00e7\u00e3o civil p\u00fablica do \u00f3rg\u00e3o.<\/p>\n<p>A nota defende a &#8220;liberdade de consci\u00eancia, convic\u00e7\u00e3o\u00a0pol\u00edtica ou filos\u00f3fica, a intimidade e a vida privada&#8221; s\u00e3o direitos fundamentais\u00a0assegurados a homens e mulheres no artigo 5\u00ba da Constitui\u00e7\u00e3o Federal de 1988,\u00a0que devem ser respeitados no \u00e2mbito das rela\u00e7\u00f5es de trabalho&#8221;.<\/p>\n<p>O documento assinado pelo procurador-geral do Trabalho, Ronaldo Curado Fleury, afirma que o \u00f3rg\u00e3o\u00a0coloca-se \u00e0 disposi\u00e7\u00e3o da sociedade para recebimento de den\u00fancias, an\u00f4nimas ou n\u00e3o, por meio do site\u00a0<a class=\"external-link\" title=\"\" href=\"http:\/\/www.mpt.mp.br\/\" target=\"_blank\" rel=\"noopener noreferrer\">www.mpt.mp.br<\/a>.<\/p>\n<p>O MPT &#8220;atuar\u00e1, nos limites de\u00a0suas atribui\u00e7\u00f5es, investigando den\u00fancias de viola\u00e7\u00f5es ao direito fundamental \u00e0\u00a0livre orienta\u00e7\u00e3o pol\u00edtica no campo das rela\u00e7\u00f5es de trabalho, no combate a toda\u00a0e qualquer forma de discrimina\u00e7\u00e3o, promovendo, para tanto, as medidas\u00a0judiciais e extrajudiciais cab\u00edveis&#8221;.<\/p>\n<p>\u00a0<\/p>\n<p><strong>Fonte: Rede Brasil Atual<\/strong><\/p>\n","protected":false},"excerpt":{"rendered":"<p>Em nota p\u00fablica, divulgada nesta segunda-feira (1\u00ba), o Minist\u00e9rio P\u00fablico do Trabalho (MPT) adverte que vai fiscalizar e multar o direcionamento, a imposi\u00e7\u00e3o e a coa\u00e7\u00e3o de empresas pelo voto dos seus funcion\u00e1rios.\u00a0A advert\u00eancia decorre da atua\u00e7\u00e3o de empres\u00e1rios que, em favor de posicionamentos pol\u00edticos alinhados, v\u00eam buscando interferir e intimidar os funcion\u00e1rios quanto \u00e0 [&hellip;]<\/p>\n","protected":false},"author":2,"featured_media":5348,"comment_status":"","ping_status":"","sticky":false,"template":"","format":"standard","meta":{"footnotes":""},"categories":[3],"tags":[],"class_list":["post-5349","post","type-post","status-publish","format-standard","has-post-thumbnail","hentry","category-noticias"],"_links":{"self":[{"href":"https:\/\/hostnetart.com.br\/baixada\/wp-json\/wp\/v2\/posts\/5349","targetHints":{"allow":["GET"]}}],"collection":[{"href":"https:\/\/hostnetart.com.br\/baixada\/wp-json\/wp\/v2\/posts"}],"about":[{"href":"https:\/\/hostnetart.com.br\/baixada\/wp-json\/wp\/v2\/types\/post"}],"author":[{"embeddable":true,"href":"https:\/\/hostnetart.com.br\/baixada\/wp-json\/wp\/v2\/users\/2"}],"replies":[{"embeddable":true,"href":"https:\/\/hostnetart.com.br\/baixada\/wp-json\/wp\/v2\/comments?post=5349"}],"version-history":[{"count":0,"href":"https:\/\/hostnetart.com.br\/baixada\/wp-json\/wp\/v2\/posts\/5349\/revisions"}],"wp:featuredmedia":[{"embeddable":true,"href":"https:\/\/hostnetart.com.br\/baixada\/wp-json\/wp\/v2\/media\/5348"}],"wp:attachment":[{"href":"https:\/\/hostnetart.com.br\/baixada\/wp-json\/wp\/v2\/media?parent=5349"}],"wp:term":[{"taxonomy":"category","embeddable":true,"href":"https:\/\/hostnetart.com.br\/baixada\/wp-json\/wp\/v2\/categories?post=5349"},{"taxonomy":"post_tag","embeddable":true,"href":"https:\/\/hostnetart.com.br\/baixada\/wp-json\/wp\/v2\/tags?post=5349"}],"curies":[{"name":"wp","href":"https:\/\/api.w.org\/{rel}","templated":true}]}}