{"id":5347,"date":"2018-10-02T17:52:19","date_gmt":"2018-10-02T20:52:19","guid":{"rendered":"https:\/\/hostnetart.com.br\/baixada\/votar-tambem-e-lutar-por-direitos\/"},"modified":"2018-10-02T17:52:19","modified_gmt":"2018-10-02T20:52:19","slug":"votar-tambem-e-lutar-por-direitos","status":"publish","type":"post","link":"https:\/\/hostnetart.com.br\/baixada\/votar-tambem-e-lutar-por-direitos\/","title":{"rendered":"Votar tamb\u00e9m \u00e9 lutar por direitos"},"content":{"rendered":"<div class=\"content\">\n<p>A Contraf-CUT representa 108 sindicatos e oito federa\u00e7\u00f5es de empregados do setor financeiro em todo o Brasil. Boa parte atuando em bancos p\u00fablicos federais ou regionais. Nossa prioridade \u00e9 atuar pelo fortalecimento da categoria banc\u00e1ria de forma que possamos manter nossas conquistas e ampliar nossos direitos.<\/p>\n<p>Por isso, diante das elei\u00e7\u00f5es que se avizinham, nas quais dois projetos t\u00e3o distintos est\u00e3o em disputa, manifestamos nossa posi\u00e7\u00e3o de forma que os trabalhadores escolham, no pr\u00f3ximo dia 7, parlamentares e governantes que respeitem a luta empreendida por nossa entidade h\u00e1 mais de uma d\u00e9cada e pela Central \u00danica dos Trabalhadores h\u00e1 mais de 30 anos.<\/p>\n<p>Repudiamos candidatos e candidatas que defendem as privatiza\u00e7\u00f5es e atacam as empresas p\u00fablicas, ignorando o papel fundamental que t\u00eam na constru\u00e7\u00e3o da riqueza de nosso pa\u00eds, na promo\u00e7\u00e3o de justi\u00e7a social. Privatizar as empresas e os bancos p\u00fablicos resultar\u00e1 em mais desemprego, na redu\u00e7\u00e3o do cr\u00e9dito, na eleva\u00e7\u00e3o da taxa de juros, no comprometimento do desenvolvimento econ\u00f4mico. Um Brasil sem a Caixa Econ\u00f4mica Federal, por exemplo, tornaria invi\u00e1vel o sonho da casa pr\u00f3pria, j\u00e1 que 69% do cr\u00e9dito habitacional \u00e9 financiado por ela. Sem o Banco do Brasil e o Banco do Nordeste, respons\u00e1veis por 70% do cr\u00e9dito agr\u00edcola, os alimentos seriam t\u00e3o caros que a fome se alastraria pelo pa\u00eds.<\/p>\n<p>Manifestamos nosso apoio a candidatos e candidatas de partidos que sempre estiveram ao lado da classe trabalhadora, que votaram contra a terceiriza\u00e7\u00e3o e o desmonte trabalhista, e que pautam sua atua\u00e7\u00e3o no sentido de promover a cria\u00e7\u00e3o de empregos com respeito aos direitos \u2013 e n\u00e3o as vagas prec\u00e1rias de um trabalho degradante. Candidatos e candidatas que n\u00e3o compactuem com a proposta de reforma da Previd\u00eancia dos golpistas, voltada unicamente \u00e0 destrui\u00e7\u00e3o da aposentadoria p\u00fablica.<\/p>\n<p>Temos de eleger deputados e deputadas, senadores e senadoras, governadores e governadoras, e um presidente da Rep\u00fablica que estejam ao lado do povo, e n\u00e3o do sistema financeiro. Que enxerguem na distribui\u00e7\u00e3o de renda e na inclus\u00e3o social o caminho para fomentar o crescimento do nosso pa\u00eds. E que pautem sua atua\u00e7\u00e3o pela defesa da democracia, dos direitos da cidadania, do respeito \u00e0 diversidade e \u00e0 igualdade de oportunidades para todos e todas.<\/p>\n<p>As elei\u00e7\u00f5es s\u00e3o um momento supremo da cidadania e de um Estado democr\u00e1tico. N\u00e3o abra m\u00e3o de ir \u00e0s urnas fazer sua escolha, defender seus direitos e o futuro do nosso pa\u00eds. N\u00e3o permita que definam, por voc\u00ea, como ser\u00e3o os pr\u00f3ximos quatro anos. Exer\u00e7a seu direito ao voto com amor e sabedoria!<\/p>\n<\/div>\n<p id=\"page-author\"><strong>Fonte: Contraf-CUT<\/strong><\/p>\n","protected":false},"excerpt":{"rendered":"<p>A Contraf-CUT representa 108 sindicatos e oito federa\u00e7\u00f5es de empregados do setor financeiro em todo o Brasil. Boa parte atuando em bancos p\u00fablicos federais ou regionais. Nossa prioridade \u00e9 atuar pelo fortalecimento da categoria banc\u00e1ria de forma que possamos manter nossas conquistas e ampliar nossos direitos. Por isso, diante das elei\u00e7\u00f5es que se avizinham, nas [&hellip;]<\/p>\n","protected":false},"author":2,"featured_media":5346,"comment_status":"","ping_status":"","sticky":false,"template":"","format":"standard","meta":{"footnotes":""},"categories":[3],"tags":[],"class_list":["post-5347","post","type-post","status-publish","format-standard","has-post-thumbnail","hentry","category-noticias"],"_links":{"self":[{"href":"https:\/\/hostnetart.com.br\/baixada\/wp-json\/wp\/v2\/posts\/5347","targetHints":{"allow":["GET"]}}],"collection":[{"href":"https:\/\/hostnetart.com.br\/baixada\/wp-json\/wp\/v2\/posts"}],"about":[{"href":"https:\/\/hostnetart.com.br\/baixada\/wp-json\/wp\/v2\/types\/post"}],"author":[{"embeddable":true,"href":"https:\/\/hostnetart.com.br\/baixada\/wp-json\/wp\/v2\/users\/2"}],"replies":[{"embeddable":true,"href":"https:\/\/hostnetart.com.br\/baixada\/wp-json\/wp\/v2\/comments?post=5347"}],"version-history":[{"count":0,"href":"https:\/\/hostnetart.com.br\/baixada\/wp-json\/wp\/v2\/posts\/5347\/revisions"}],"wp:featuredmedia":[{"embeddable":true,"href":"https:\/\/hostnetart.com.br\/baixada\/wp-json\/wp\/v2\/media\/5346"}],"wp:attachment":[{"href":"https:\/\/hostnetart.com.br\/baixada\/wp-json\/wp\/v2\/media?parent=5347"}],"wp:term":[{"taxonomy":"category","embeddable":true,"href":"https:\/\/hostnetart.com.br\/baixada\/wp-json\/wp\/v2\/categories?post=5347"},{"taxonomy":"post_tag","embeddable":true,"href":"https:\/\/hostnetart.com.br\/baixada\/wp-json\/wp\/v2\/tags?post=5347"}],"curies":[{"name":"wp","href":"https:\/\/api.w.org\/{rel}","templated":true}]}}