{"id":5343,"date":"2018-10-02T14:00:06","date_gmt":"2018-10-02T17:00:06","guid":{"rendered":"https:\/\/hostnetart.com.br\/baixada\/no-brasil-e-no-mundo-economia-patina-nas-fragilidades-da-globalizacao\/"},"modified":"2018-10-02T14:00:06","modified_gmt":"2018-10-02T17:00:06","slug":"no-brasil-e-no-mundo-economia-patina-nas-fragilidades-da-globalizacao","status":"publish","type":"post","link":"https:\/\/hostnetart.com.br\/baixada\/no-brasil-e-no-mundo-economia-patina-nas-fragilidades-da-globalizacao\/","title":{"rendered":"No Brasil e no mundo, economia patina nas fragilidades da globaliza\u00e7\u00e3o"},"content":{"rendered":"<p class=\"p1\"><span class=\"s1\">Recente relat\u00f3rio d<\/span><span class=\"s1\">a\u00a0<a class=\"internal-link\" title=\"\" href=\"https:\/\/www.cartacapital.com.br\/blogs\/blog-do-grri\/brasil-na-ocde-liberalizando-tudo-pelo-capital-estrangeiro-1\" target=\"_blank\" rel=\"noopener noreferrer\">Organiza\u00e7\u00e3o para a Coopera\u00e7\u00e3o e o Desenvolvimento Econ\u00f4mico (OCDE)<\/a>\u00a0trouxe dose dupla de m\u00e1s not\u00edcias para o Pa\u00eds e aquele ou aquela que assumir a sua condu\u00e7\u00e3o ap\u00f3s o segundo turno eleitoral.<\/span><\/p>\n<p class=\"p1\"><span class=\"s1\">A primeira delas \u00e9 a revis\u00e3o para baixo da proje\u00e7\u00e3o de crescimento do Brasil neste ano, dos 2% previstos em maio para 1,2%, e a segunda, o alerta de que a expans\u00e3o econ\u00f4mica global, importante principalmente para os pa\u00edses dependentes da exporta\u00e7\u00e3o de\u00a0<i>commodities<\/i>, parece ter atingido seu pico, com perspectivas de crescimento divergentes em todo o mundo e intensifica\u00e7\u00e3o dos riscos.<\/span><\/p>\n<p class=\"p1\"><span class=\"s1\">Uma escalada de tens\u00f5es comerciais, situa\u00e7\u00f5es de aperto financeiro nos pa\u00edses emergentes e riscos pol\u00edticos generalizados tem o potencial de minar as esperan\u00e7as de um crescimento mundial forte e sustent\u00e1vel a m\u00e9dio prazo, alerta o organismo. A OCDE prev\u00ea que a economia global cres\u00e7a 3,7% em 2018 e 2019, pouco abaixo dos 3,8% estimados em maio, com diferen\u00e7as cada vez maiores entre os pa\u00edses em contraste com a ampla expans\u00e3o observada no fim de 2017 e no in\u00edcio deste ano.<\/span><\/p>\n<p class=\"p3\">M\u00faltiplos sinais, al\u00e9m daqueles contidos no relat\u00f3rio da OCDE, indicam a exaust\u00e3o da pol\u00edtica que associa liberdade sem limites para a iniciativa privada, em especial para as multinacionais, \u00e0 derrubada das salvaguardas nacionais, combina\u00e7\u00e3o apresentada sob o r\u00f3tulo neutro de globaliza\u00e7\u00e3o econ\u00f4mica como solu\u00e7\u00e3o para o mundo cerca de 40 anos atr\u00e1s.<\/p>\n<p class=\"p3\">Embora tenha possibilitado n\u00edveis de prosperidade sem precedentes nos pa\u00edses avan\u00e7ados e beneficiado centenas de milh\u00f5es de trabalhadores pobres na China e em outros lugares da \u00c1sia, analisa o economista Dani Rodrik, ela repousa sobre pilares inst\u00e1veis. Ao contr\u00e1rio dos mercados nacionais, diz, que tendem a ser apoiados por institui\u00e7\u00f5es reguladoras e pol\u00edticas dom\u00e9sticas, os mercados globais s\u00e3o apenas fracamente incorporados por institui\u00e7\u00f5es.<\/p>\n<p class=\"p3\">\u201cN\u00e3o h\u00e1 nenhuma autoridade antitruste global, nenhum credor global de \u00faltima inst\u00e2ncia, nenhum regulador global, nenhuma rede de seguran\u00e7a global e, naturalmente, n\u00e3o h\u00e1 nenhuma democracia global. Em outras palavras, os mercados globais sofrem de governan\u00e7a fraca, portanto s\u00e3o propensos a instabilidade, inefici\u00eancia e fraca legitimidade popular.<\/p>\n<p class=\"p3\">Esse desequil\u00edbrio entre o \u00e2mbito nacional dos governos e a natureza global dos mercados forma o ponto fraco da globaliza\u00e7\u00e3o. Um\u00a0<a class=\"internal-link\" title=\"\" href=\"https:\/\/www.cartacapital.com.br\/economia\/cooperativas-fracas-geram-economias-fracas\" target=\"_blank\" rel=\"noopener noreferrer\">sistema econ\u00f4mico global<\/a>\u00a0saud\u00e1vel exige um compromisso delicado entre essas duas dimens\u00f5es. D\u00ea muito poder aos governos e voc\u00ea ter\u00e1 protecionismo e autarquia. D\u00ea aos mercados muita liberdade e o resultado \u00e9 uma economia mundial inst\u00e1vel com pouco apoio social e pol\u00edtico daqueles que supostamente ajuda\u201d, resume o economista.\u00a0<\/p>\n<p class=\"p2\"><span class=\"s2\">S\u00f3 um mundo\u00a0<\/span><span class=\"s1\">com muita liberdade aos mercados consegue encarar com naturalidade esta formula\u00e7\u00e3o de Percy Barnevik, presidente da sueca Asea Brown Boveri: \u201cEu definiria a globaliza\u00e7\u00e3o como a liberdade do meu grupo para investir onde e durante o tempo que desejar, para produzir o que quiser, comprando e vendendo onde pretender, atuando com o m\u00ednimo poss\u00edvel de leis trabalhistas e sociais e restri\u00e7\u00f5es formais\u201d.<\/span><\/p>\n<p class=\"p2\"><span class=\"s1\">Protestos antiglobaliza\u00e7\u00e3o n\u00e3o faltaram, o maior deles em Seattle durante a confer\u00eancia ministerial de 1999 da Organiza\u00e7\u00e3o Mundial do Com\u00e9rcio, mas n\u00e3o provocaram sequer um trope\u00e7o na marcha das empresas gigantes.<\/span><\/p>\n<p class=\"p3\"><span class=\"s1\">O modelo \u00e9 apresentado pelos ortodoxos como a \u00fanica solu\u00e7\u00e3o, mas a experi\u00eancia do P\u00f3s-Guerra prova que instabilidade e desigualdade exacerbadas n\u00e3o s\u00e3o inevit\u00e1veis. As primeiras tr\u00eas d\u00e9cadas depois de 1945 foram governadas pelo acordo de Bretton Woods, localidade dos EUA onde economistas e pol\u00edticos das na\u00e7\u00f5es aliadas se reuniram em 1944 para projetar o sistema econ\u00f4mico ap\u00f3s a Segunda Guerra Mundial.<\/span><\/p>\n<p class=\"p3\"><span class=\"s1\">O regime de\u00a0<a class=\"internal-link\" title=\"\" href=\"https:\/\/www.cartacapital.com.br\/revista\/835\/o-risco-dos-acordos-comerciais-3077.html\" target=\"_blank\" rel=\"noopener noreferrer\">Bretton Woods<\/a>\u00a0foi um multilateralismo superficial que permitiu aos formuladores de pol\u00edticas concentrar-se nas necessidades sociais e de emprego dom\u00e9sticas ao mesmo tempo que possibilitaram que o com\u00e9rcio global se recuperasse e prosperasse, sublinha Rodrik.<\/span><\/p>\n<p class=\"p3\"><span class=\"s1\">\u201cO g\u00eanio do sistema era que ele alcan\u00e7ava um equil\u00edbrio que atendia a m\u00faltiplos objetivos admiravelmente bem. Algumas das mais not\u00f3rias restri\u00e7\u00f5es aos fluxos comerciais foram removidas, deixando os governos livres para executar suas pr\u00f3prias pol\u00edticas econ\u00f4micas independentes e para erigir suas vers\u00f5es preferidas do Estado de Bem-Estar Social.<\/span><\/p>\n<p class=\"p3\"><span class=\"s1\">Os pa\u00edses em desenvolvimento foram autorizados a perseguir suas estrat\u00e9gias de crescimento espec\u00edficas com restri\u00e7\u00e3o externa limitada. Os fluxos internacionais de capital permaneceram fortemente circunscritos. O compromisso de Bretton Woods foi um sucesso estrondoso: os pa\u00edses industrializados se recuperaram e se tornaram pr\u00f3speros, enquanto a maioria dos pa\u00edses em desenvolvimento experimentou n\u00edveis sem precedentes de crescimento econ\u00f4mico. A economia mundial floresceu como nunca antes.\u201d<\/span><\/p>\n<p class=\"p4\">\u00a0<\/p>\n<dl class=\"image-inline captioned\">\n<dt><img fetchpriority=\"high\" decoding=\"async\" class=\" lazyloaded\" title=\"foxconn-iphone_production.jpg\" src=\"https:\/\/www.cartacapital.com.br\/revista\/1023\/Brasil-e-no-mundo-economia-patina-nas-fragilidades-da-globalizacao\/foxconn-iphone_production.jpg\/image\" alt=\"foxconn-iphone_production.jpg\" width=\"1600\" height=\"1000\" data-src=\"https:\/\/www.cartacapital.com.br\/revista\/1023\/Brasil-e-no-mundo-economia-patina-nas-fragilidades-da-globalizacao\/foxconn-iphone_production.jpg\/image\" \/><\/dt>\n<dd class=\"image-caption\">O iPhone tem pouco a ver com empres\u00e1rios vision\u00e1rios (Foxconn)<\/dd>\n<\/dl>\n<p class=\"p1\"><span class=\"s1\">O regime monet\u00e1rio\u00a0de Bretton Woods acabou provando-se insustent\u00e1vel, analisa Rodrik, j\u00e1 que o capital se tornou internacionalmente mais m\u00f3vel e os choques do petr\u00f3leo da d\u00e9cada de 1970 atingiram duramente as economias avan\u00e7adas e ele foi substitu\u00eddo nas d\u00e9cadas de 1980 e 1990 por uma agenda mais ambiciosa de liberaliza\u00e7\u00e3o econ\u00f4mica e integra\u00e7\u00e3o profunda, em um esfor\u00e7o para estabelecer uma esp\u00e9cie de hiperglobaliza\u00e7\u00e3o.<\/span>\u00a0<\/p>\n<p class=\"p2\"><span class=\"s1\">Os acordos comerciais estenderam-se al\u00e9m de seu foco tradicional nas restri\u00e7\u00f5es \u00e0s importa\u00e7\u00f5es e interferiram nas pol\u00edticas internas, os controles nos mercados de capitais internacionais foram removidos e os pa\u00edses em desenvolvimento sofreram forte press\u00e3o para abrir seus mercados ao com\u00e9rcio exterior e ao investimento.<\/span><\/p>\n<p class=\"p3\"><span class=\"s1\">Ao empurrar o\u00a0<a class=\"internal-link\" title=\"\" href=\"https:\/\/www.cartacapital.com.br\/revista\/989\/davos-e-a-globalizacao\" target=\"_blank\" rel=\"noopener noreferrer\">modelo de globaliza\u00e7\u00e3o do P\u00f3s-Guerra<\/a>\u00a0al\u00e9m de seus limites, prossegue Rodrik, economistas e formuladores de pol\u00edticas negligenciaram o que havia sido o segredo de seu sucesso original. O resultado foi uma s\u00e9rie de decep\u00e7\u00f5es. A globaliza\u00e7\u00e3o financeira acabou promulgando instabilidade em vez de maior investimento e crescimento mais r\u00e1pido. Dentro dos pa\u00edses, gerou desigualdade e inseguran\u00e7a em vez de oportunidades iguais para todos.<\/span><\/p>\n<p class=\"p3\"><span class=\"s1\">Os sucessos do per\u00edodo, China e \u00cdndia, s\u00f3 foram poss\u00edveis porque esses pa\u00edses escolheram jogar o jogo da globaliza\u00e7\u00e3o n\u00e3o pelas novas regras, mas pelas de Bretton Woods. Em vez de se abrir incondicionalmente ao com\u00e9rcio e finan\u00e7as internacionais, adotaram estrat\u00e9gias mistas com uma grande dose de interven\u00e7\u00e3o estatal para diversificar suas economias. Enquanto isso, os pa\u00edses que seguiram as receitas mais padronizadas, \u201ccomo os da Am\u00e9rica Latina \u201d, padeceram.<\/span><\/p>\n<p class=\"p2\"><span class=\"s2\">O sistema de produ\u00e7\u00e3o<\/span><span class=\"s1\">\u00a0<\/span>global moveu-se, salienta o economista Erik Bergl\u00f6f, do com\u00e9rcio de mercadorias e servi\u00e7os para o de informa\u00e7\u00e3o, com as corpora\u00e7\u00f5es multinacionais tentando obsessivamente evitar vazamentos de propriedade intelectual para os concorrentes. Um caso bem-sucedido desse empenho das transnacionais no Brasil foi a aceita\u00e7\u00e3o pelo governo, na quarta-feira 19, da revers\u00e3o da quebra de patente formalizada em julho para fabrica\u00e7\u00e3o nacional do sofosbuvir, principal medicamento para hepatite C.<\/p>\n<p class=\"p2\">A decis\u00e3o favorece a ind\u00fastria estadunidense Gilead e pro\u00edbe a Farmanguinhos, da Funda\u00e7\u00e3o Oswaldo Cruz, de produzir o gen\u00e9rico para \u201c50 mil pacientes com hepatite C que dependem do acesso ao sofosbuvir para ter direito \u00e0 vida\u201d, segundo comunicado da institui\u00e7\u00e3o. Com a quebra da patente, recurso legal generalizado no mundo para atender ao interesse p\u00fablico, a Farmanguinhos baixaria o custo do tratamento de 84 mil d\u00f3lares por pessoa com o produto da Gilead para 3 mil d\u00f3lares e o governo economizaria 1 bilh\u00e3o de reais nos gastos com o SUS.<\/p>\n<p class=\"p3\"><span class=\"s1\">O caso do sofosbuvir ilustra a for\u00e7a do rentismo, definido como a obten\u00e7\u00e3o de renda a partir apenas da propriedade de um bem ou direito e mais conhecido nas suas formas cl\u00e1ssicas de alugu\u00e9is, arrendamentos e ganhos de aplica\u00e7\u00f5es financeiras.<\/span><\/p>\n<p class=\"p3\"><span class=\"s1\">\u201cAs empresas n\u00e3o financeiras entraram no jogo do rentismo atrav\u00e9s de v\u00e1rios canais. Elas, sistematicamente, abusaram das leis de propriedade intelectual para alcan\u00e7ar a domina\u00e7\u00e3o do mercado, em vez de proteger inova\u00e7\u00f5es genu\u00ednas. Saquearam recursos do setor p\u00fablico por meio de esquemas de privatiza\u00e7\u00e3o em larga escala e assegurando subs\u00eddios p\u00fablicos que raramente exigem que elas forne\u00e7am benef\u00edcios aos contribuintes. E se engajaram na manipula\u00e7\u00e3o do mercado de longo prazo usando recompras de a\u00e7\u00f5es para aumentar a remunera\u00e7\u00e3o dos executivos, e assim por diante\u201d, acusam os economistas Stephanie Blankenburg e Richard Kozul-Wright.<\/span><\/p>\n<p class=\"p3\"><span class=\"s1\">O\u00a0<a class=\"internal-link\" title=\"\" href=\"https:\/\/www.cartacapital.com.br\/economia\/empreendedorismo-o-lado-b\" target=\"_blank\" rel=\"noopener noreferrer\">culto midi\u00e1tico<\/a>\u00a0\u00e0s empresas persiste, entretanto, em especial quando se trata de ind\u00fastrias situadas na fronteira do conhecimento. \u201c\u00c9 preciso parar de romantizar os agentes privados em ind\u00fastrias inovadoras, ignorando sua depend\u00eancia de produtos do investimento p\u00fablico\u201d, clama a economista Mariana Mazzucato, considerada uma das maiores especialistas mundiais no assunto.<\/span><\/p>\n<p class=\"p3\"><span class=\"s1\">O celebrado empres\u00e1rio da manufatura avan\u00e7ada Elon Musk, \u201cal\u00e9m de receber 5 bilh\u00f5es de d\u00f3lares em subs\u00eddios do governo, construiu as suas empresas SpaceX e Tesla gra\u00e7as ao trabalho da Nasa e do Departamento de Energia\u201d, chama aten\u00e7\u00e3o Mazzucato.<\/span><\/p>\n<p class=\"p3\"><span class=\"s1\">Quase toda a tecnologia de ponta encontrada no iPod, iPhone e iPad da Microsoft \u00e9 uma conquista muitas vezes esquecida e ignorada dos esfor\u00e7os de pesquisa e apoio financeiro do governo e das For\u00e7as Armadas, dispara a economista.<\/span><\/p>\n<p class=\"p3\"><span class=\"s1\">O \u00fanico caminho para reviver as economias requer plenamente o setor p\u00fablico para reeditar o seu papel fundamental como investidor estrat\u00e9gico, de longo prazo e orientado pela sua miss\u00e3o, prop\u00f5e Mazzucato.<\/span><\/p>\n<p class=\"p3\">\u00a0<\/p>\n<p class=\"p3\"><strong><span class=\"s1\">Fonte: Carta Capital<\/span><\/strong><\/p>\n","protected":false},"excerpt":{"rendered":"<p>Recente relat\u00f3rio da\u00a0Organiza\u00e7\u00e3o para a Coopera\u00e7\u00e3o e o Desenvolvimento Econ\u00f4mico (OCDE)\u00a0trouxe dose dupla de m\u00e1s not\u00edcias para o Pa\u00eds e aquele ou aquela que assumir a sua condu\u00e7\u00e3o ap\u00f3s o segundo turno eleitoral. A primeira delas \u00e9 a revis\u00e3o para baixo da proje\u00e7\u00e3o de crescimento do Brasil neste ano, dos 2% previstos em maio para [&hellip;]<\/p>\n","protected":false},"author":2,"featured_media":5342,"comment_status":"","ping_status":"","sticky":false,"template":"","format":"standard","meta":{"footnotes":""},"categories":[3],"tags":[],"class_list":["post-5343","post","type-post","status-publish","format-standard","has-post-thumbnail","hentry","category-noticias"],"_links":{"self":[{"href":"https:\/\/hostnetart.com.br\/baixada\/wp-json\/wp\/v2\/posts\/5343","targetHints":{"allow":["GET"]}}],"collection":[{"href":"https:\/\/hostnetart.com.br\/baixada\/wp-json\/wp\/v2\/posts"}],"about":[{"href":"https:\/\/hostnetart.com.br\/baixada\/wp-json\/wp\/v2\/types\/post"}],"author":[{"embeddable":true,"href":"https:\/\/hostnetart.com.br\/baixada\/wp-json\/wp\/v2\/users\/2"}],"replies":[{"embeddable":true,"href":"https:\/\/hostnetart.com.br\/baixada\/wp-json\/wp\/v2\/comments?post=5343"}],"version-history":[{"count":0,"href":"https:\/\/hostnetart.com.br\/baixada\/wp-json\/wp\/v2\/posts\/5343\/revisions"}],"wp:featuredmedia":[{"embeddable":true,"href":"https:\/\/hostnetart.com.br\/baixada\/wp-json\/wp\/v2\/media\/5342"}],"wp:attachment":[{"href":"https:\/\/hostnetart.com.br\/baixada\/wp-json\/wp\/v2\/media?parent=5343"}],"wp:term":[{"taxonomy":"category","embeddable":true,"href":"https:\/\/hostnetart.com.br\/baixada\/wp-json\/wp\/v2\/categories?post=5343"},{"taxonomy":"post_tag","embeddable":true,"href":"https:\/\/hostnetart.com.br\/baixada\/wp-json\/wp\/v2\/tags?post=5343"}],"curies":[{"name":"wp","href":"https:\/\/api.w.org\/{rel}","templated":true}]}}