{"id":5335,"date":"2018-09-27T19:33:24","date_gmt":"2018-09-27T22:33:24","guid":{"rendered":"https:\/\/hostnetart.com.br\/baixada\/santander-apreende-folha-bancaria-para-censurar-trabalhadores\/"},"modified":"2018-09-27T19:33:24","modified_gmt":"2018-09-27T22:33:24","slug":"santander-apreende-folha-bancaria-para-censurar-trabalhadores","status":"publish","type":"post","link":"https:\/\/hostnetart.com.br\/baixada\/santander-apreende-folha-bancaria-para-censurar-trabalhadores\/","title":{"rendered":"Santander apreende &#8216;Folha Banc\u00e1ria&#8217; para censurar trabalhadores"},"content":{"rendered":"<p>De maneira arbitr\u00e1ria, a dire\u00e7\u00e3o do Santander mandou apreender, na tarde dessa\u00a0quarta-feira (26), cerca de mil exemplares da\u00a0<em><a class=\"external-link\" title=\"\" href=\"http:\/\/spbancarios.com.br\/sites\/default\/files\/folhabancaria\/arquivo\/defesa_de_direitos_depende_do_seu_voto-folha-bancaria-6165_0.pdf\" target=\"_blank\" rel=\"noopener noreferrer\">Folha Banc\u00e1ria<\/a><\/em>\u00a0que estavam sendo distribu\u00eddos por dirigentes sindicais a trabalhadores lotados no Casa 1\/Radar, centro administrativo em Santo Amaro, na zona sul da capital paulista. Na Torre, situada na Vila Ol\u00edmpia e que abriga a sede do banco espanhol, banc\u00e1rios relataram que encontraram seguran\u00e7as nas depend\u00eancias do pr\u00e9dio com v\u00e1rios exemplares da \u00faltima edi\u00e7\u00e3o do jornal apreendidos.\u00a0\u00a0<\/p>\n<p>No Casa 1\/Radar, funcion\u00e1rios da seguran\u00e7a recolheram os jornais que estavam pr\u00f3ximos da recep\u00e7\u00e3o na entrada principal, na Rua Amador Bueno, por volta das 15h. Exemplares tamb\u00e9m foram retirados arbitrariamente de cima das mesas dos banc\u00e1rios, sem autoriza\u00e7\u00e3o.<\/p>\n<p>\u201cAcabou de passar uma pessoa que n\u00e3o sei o nome, acho que um seguran\u00e7a, tirando todas os exemplares da\u00a0<em>Folha Banc\u00e1ria<\/em>\u00a0das mesas das pessoas. Ele pode fazer isso sem pedir autoriza\u00e7\u00e3o? Que tremenda falta de respeito!\u201d, relatou uma banc\u00e1ria do Casa 1, logo ap\u00f3s o ocorrido.<\/p>\n<p>\u201cVi um seguran\u00e7a do Santander com um punhado de jornais na m\u00e3o. Pedi um para ele, que me disse que estava recolhendo jornais velhos. Por\u00e9m, vi que ele segurava a mesma edi\u00e7\u00e3o distribu\u00edda um pouco antes\u201d, relatou um banc\u00e1rio da Torre.<\/p>\n<p>No Casa 1, segundo o dirigente sindical e banc\u00e1rio do Santander Roberto Paulino, outros exemplares de edi\u00e7\u00f5es anteriores da\u00a0<em>Folha Banc\u00e1ria<\/em>, inclusive tratando da Campanha Nacional, tamb\u00e9m foram recolhidos.\u00a0<\/p>\n<p>\u201cTrata-se de uma atitude antissindical, uma tentativa de censurar o jornal ferindo a liberdade de opini\u00e3o e o direito de organiza\u00e7\u00e3o dos trabalhadores. De forma autorit\u00e1ria, sem qualquer comunica\u00e7\u00e3o ou di\u00e1logo e agindo nas sombras, a dire\u00e7\u00e3o do banco sabotou o nosso trabalho, a nossa liberdade de organiza\u00e7\u00e3o sindical, manifesta\u00e7\u00e3o e opini\u00e3o\u201d, enfatiza o dirigente.<\/p>\n<p>\u201cA\u00a0<em>Folha Banc\u00e1ria<\/em>\u00a0era\u00a0confiscada na ditadura. Da\u00ed surgiu a\u00a0<em>Folha Banc\u00e1ria Livre<\/em>, como resist\u00eancia, pois ningu\u00e9m pode calar a voz dos trabalhadores e o clamor por justi\u00e7a. Ser\u00e1 que agora a dire\u00e7\u00e3o do Santander virou saudosista dos tempos de chumbo, querendo flertar com as candidaturas autorit\u00e1rias? N\u00e3o conseguir\u00e3o nos calar. A\u00a0<em>Folha Banc\u00e1ria<\/em>\u00a0\u00e9 livre!\u201d, acrescentou.<\/p>\n<h3>Alerta aos trabalhadores<\/h3>\n<p>A \u00faltima edi\u00e7\u00e3o da\u00a0<em>Folha Banc\u00e1ria<\/em>\u00a0traz informa\u00e7\u00f5es relevantes sobre as elei\u00e7\u00f5es de outubro e um importante alerta para os trabalhadores: os parlamentares e os partidos pol\u00edticos que votaram pela retirada de\u00a0direitos dos trabalhadores e da popula\u00e7\u00e3o em geral. Para isso, mostra na capa os partidos que votaram a favor de medidas nefastas como a reforma trabalhista, a terceiriza\u00e7\u00e3o sem limites e a chamada PEC do Teto (Emenda Constitucional 95), que congelou investimentos da Uni\u00e3o por 20 anos, reduzindo assim recursos para \u00e1reas essenciais como sa\u00fade e educa\u00e7\u00e3o.<\/p>\n<p>\u201cEstamos em um momento decisivo para os rumos do pa\u00eds, e a\u00a0<em>Folha Banc\u00e1ria\u00a0<\/em>divulgou para a categoria a rela\u00e7\u00e3o de parlamentares que votaram contra os trabalhadores. Houve censura da dire\u00e7\u00e3o do Santander, um banco cujo presidente faz campanha e que apoiou a reforma trabalhista, a reforma da Previd\u00eancia, que a mobiliza\u00e7\u00e3o dos trabalhadores conseguiu barrar at\u00e9 agora,\u00a0e outras tentativas do governo ileg\u00edtimo de Temer de precariza\u00e7\u00e3o das rela\u00e7\u00f5es trabalhistas\u201d, salienta Vera Marchioni, diretora executiva do Sindicato e banc\u00e1ria do Santander.<\/p>\n<p>Fonte: Rede Brasil Atual<\/p>\n","protected":false},"excerpt":{"rendered":"<p>De maneira arbitr\u00e1ria, a dire\u00e7\u00e3o do Santander mandou apreender, na tarde dessa\u00a0quarta-feira (26), cerca de mil exemplares da\u00a0Folha Banc\u00e1ria\u00a0que estavam sendo distribu\u00eddos por dirigentes sindicais a trabalhadores lotados no Casa 1\/Radar, centro administrativo em Santo Amaro, na zona sul da capital paulista. Na Torre, situada na Vila Ol\u00edmpia e que abriga a sede do banco [&hellip;]<\/p>\n","protected":false},"author":2,"featured_media":5334,"comment_status":"","ping_status":"","sticky":false,"template":"","format":"standard","meta":{"footnotes":""},"categories":[3],"tags":[],"class_list":["post-5335","post","type-post","status-publish","format-standard","has-post-thumbnail","hentry","category-noticias"],"_links":{"self":[{"href":"https:\/\/hostnetart.com.br\/baixada\/wp-json\/wp\/v2\/posts\/5335","targetHints":{"allow":["GET"]}}],"collection":[{"href":"https:\/\/hostnetart.com.br\/baixada\/wp-json\/wp\/v2\/posts"}],"about":[{"href":"https:\/\/hostnetart.com.br\/baixada\/wp-json\/wp\/v2\/types\/post"}],"author":[{"embeddable":true,"href":"https:\/\/hostnetart.com.br\/baixada\/wp-json\/wp\/v2\/users\/2"}],"replies":[{"embeddable":true,"href":"https:\/\/hostnetart.com.br\/baixada\/wp-json\/wp\/v2\/comments?post=5335"}],"version-history":[{"count":0,"href":"https:\/\/hostnetart.com.br\/baixada\/wp-json\/wp\/v2\/posts\/5335\/revisions"}],"wp:featuredmedia":[{"embeddable":true,"href":"https:\/\/hostnetart.com.br\/baixada\/wp-json\/wp\/v2\/media\/5334"}],"wp:attachment":[{"href":"https:\/\/hostnetart.com.br\/baixada\/wp-json\/wp\/v2\/media?parent=5335"}],"wp:term":[{"taxonomy":"category","embeddable":true,"href":"https:\/\/hostnetart.com.br\/baixada\/wp-json\/wp\/v2\/categories?post=5335"},{"taxonomy":"post_tag","embeddable":true,"href":"https:\/\/hostnetart.com.br\/baixada\/wp-json\/wp\/v2\/tags?post=5335"}],"curies":[{"name":"wp","href":"https:\/\/api.w.org\/{rel}","templated":true}]}}