{"id":5333,"date":"2018-09-27T16:58:47","date_gmt":"2018-09-27T19:58:47","guid":{"rendered":"https:\/\/hostnetart.com.br\/baixada\/bancarios-que-fazem-a-diferenca-conheca-ana-paula-loeblein\/"},"modified":"2018-09-27T16:58:47","modified_gmt":"2018-09-27T19:58:47","slug":"bancarios-que-fazem-a-diferenca-conheca-ana-paula-loeblein","status":"publish","type":"post","link":"https:\/\/hostnetart.com.br\/baixada\/bancarios-que-fazem-a-diferenca-conheca-ana-paula-loeblein\/","title":{"rendered":"Banc\u00e1rios que fazem a diferen\u00e7a"},"content":{"rendered":"<p><span style=\"text-decoration: underline;\"><em>Conhe\u00e7a a hist\u00f3ria de Ana Paula, ex-banc\u00e1ria do Banco Santander.<\/em><\/span>\u00a0<\/p>\n<p>Ap\u00f3s demiss\u00e3o, a ex-banc\u00e1ria Ana Paula Loeblein\u00a0se reinventou e hoje \u00e9 empreendedora, modelo e representante de marca.<\/p>\n<p>Ana Paula trabalhou durante 16 anos na \u00e1rea banc\u00e1ria, trabalhando com dedica\u00e7\u00e3o e afinco e, por isso, sempre foi bem avaliada e elogiada por onde passou.<\/p>\n<p>Ap\u00f3s sua demiss\u00e3o, a banc\u00e1ria procurou o Sindicato dos Banc\u00e1rios da Baixada Fluminense e foi prontamente atendida. Com uma equipe profissional, soube como conduzir sua dispensa e, com todo o suporte e amparo, pode pensar no que faria do momento de sua demiss\u00e3o em diante.<\/p>\n<p>Ana Paula concedeu entrevista ao departamento de imprensa do SindBaixada, onde contou um pouco de sua trajet\u00f3ria e como tem sido sua vida p\u00f3s-banco.\u00a0<\/p>\n<p>Confira:<\/p>\n<p><strong>Conte-nos um pouco de sua trajet\u00f3ria no banco.<\/strong><\/p>\n<p>&#8211;\u00a0Meu nome \u00e9 Ana Paula Loeblein, fui banc\u00e1ria por 16 anos com muito orgulho, sempre fui muito\u00a0 bem avaliada e elogiada em minhas fun\u00e7\u00f5es.\u00a0Comecei no Banco Real de Mesquita no cargo de gerente de seguros pela Real Seguros. Logo em seguida, viramos ABN AMRO BANK e, consequentemente, T\u00f3kio Marine onde trabalhei por 10 anos, fui transferida para Diretoria do Banco no Centro da Cidade &#8211; Rede 3, e l\u00e1 fui promovida para \u00e1rea de investimentos onde trabalhei como Consultora de Previd\u00eancia e Investimentos. Fiquei neste cargo por 1 ano e meio e, logo em seguida, fomos assumidos pelo Santander e nossa \u00e1rea acabou dentro do Banco Sendo assim, fui realocada como Gerente Van Gogh atendendo ao p\u00fablico de alta renda, onde tive a oportunidade de escolher qual ag\u00eancia trabalhar. Optei por\u00a0qualidade de vida e voltei para\u00a0 Nova Igua\u00e7u, onde fiquei at\u00e9 a data da minha demiss\u00e3o, em Fevereiro de 2014.<\/p>\n<p><strong>O que aconteceu ap\u00f3s a demiss\u00e3o?<\/strong><\/p>\n<p>&#8211; Em abril desse mesmo ano, recebi um convite para ser correspondente banc\u00e1rio da Caixa Econ\u00f4mica Federal e abri meu pr\u00f3prio neg\u00f3cio, juntamente com uma s\u00f3cia, tamb\u00e9m ex-banc\u00e1ria, e assim come\u00e7amos um novo nicho de neg\u00f3cios com o &#8220;Caixa Aqui&#8221;, voltado para o setor imobili\u00e1rio, financiando im\u00f3veis para os clientes da Caixa e corretores Ficamos apenas 1 ano com nosso escrit\u00f3rio, pois logo em seguida veio a bolha imobili\u00e1ria e os neg\u00f3cios estagnaram. Mas eu n\u00e3o&#8230;<\/p>\n<p><strong>Como voc\u00ea utilizou sua rescis\u00e3o?<\/strong><\/p>\n<p>&#8211; Em 2015, com a minha rescis\u00e3o, comprei 2 franquias de neg\u00f3cios no setor de est\u00e9tica, onde n\u00e3o tenho sociedade e j\u00e1 est\u00e1 com 3 anos e meio. Fiz o distrato com a franquia e abri a minha pr\u00f3pria marca, a Est\u00e9tica Nova Igua\u00e7u.<\/p>\n<p><strong>Como est\u00e1 sua vida atualmente?<\/strong><\/p>\n<p>&#8211; Hoje sou empreendedora, modelo contratada pela empresa Merci Models Management e a \u00fanica Representante Oficial da Marca Gypsyli no Rio de Janeiro, que atende o nicho classe A e B.<br \/>Sim, existe vida fora do Banco, e sou grata a tudo e todo aprendizado e disciplina que o banco me proporcionou.\u00a0<\/p>\n<p><strong>O que tem a dizer do Sindicato dos Banc\u00e1rios da Baixada Fluminense?<\/strong><\/p>\n<p>&#8211; Sou muito grata ao meu Sindicato. Inclusive,\u00a0at\u00e9 hoje frequento o Sindicato dos Banc\u00e1rios onde formei grandes amigos. Sempre pude contar com todos, que sempre me acolheram com carinho e profissionalismo. Obrigada pelo espa\u00e7o e poder trazer um pouco da minha jornada. Ali\u00e1s, neste m\u00eas de outubro, todas e todos os banc\u00e1rios que forem\u00a0\u00e0 Est\u00e9tica Nova Igua\u00e7u, ter\u00e3o 30% de desconto em todos os servi\u00e7os.<\/p>\n<p>\u00a0<\/p>\n<p>O endere\u00e7o da Est\u00e9tica Nova Igua\u00e7u \u00e9: Rua\u00a0Cel. Francisco Soares, 495 -Loja 3. Centro &#8211; Nova Igua\u00e7u<br \/>Telefone: (21) 3844- 5448<\/p>\n","protected":false},"excerpt":{"rendered":"<p>Conhe\u00e7a a hist\u00f3ria de Ana Paula, ex-banc\u00e1ria do Banco Santander.\u00a0 Ap\u00f3s demiss\u00e3o, a ex-banc\u00e1ria Ana Paula Loeblein\u00a0se reinventou e hoje \u00e9 empreendedora, modelo e representante de marca. Ana Paula trabalhou durante 16 anos na \u00e1rea banc\u00e1ria, trabalhando com dedica\u00e7\u00e3o e afinco e, por isso, sempre foi bem avaliada e elogiada por onde passou. Ap\u00f3s sua [&hellip;]<\/p>\n","protected":false},"author":2,"featured_media":5332,"comment_status":"","ping_status":"","sticky":false,"template":"","format":"standard","meta":{"footnotes":""},"categories":[3],"tags":[],"class_list":["post-5333","post","type-post","status-publish","format-standard","has-post-thumbnail","hentry","category-noticias"],"_links":{"self":[{"href":"https:\/\/hostnetart.com.br\/baixada\/wp-json\/wp\/v2\/posts\/5333","targetHints":{"allow":["GET"]}}],"collection":[{"href":"https:\/\/hostnetart.com.br\/baixada\/wp-json\/wp\/v2\/posts"}],"about":[{"href":"https:\/\/hostnetart.com.br\/baixada\/wp-json\/wp\/v2\/types\/post"}],"author":[{"embeddable":true,"href":"https:\/\/hostnetart.com.br\/baixada\/wp-json\/wp\/v2\/users\/2"}],"replies":[{"embeddable":true,"href":"https:\/\/hostnetart.com.br\/baixada\/wp-json\/wp\/v2\/comments?post=5333"}],"version-history":[{"count":0,"href":"https:\/\/hostnetart.com.br\/baixada\/wp-json\/wp\/v2\/posts\/5333\/revisions"}],"wp:featuredmedia":[{"embeddable":true,"href":"https:\/\/hostnetart.com.br\/baixada\/wp-json\/wp\/v2\/media\/5332"}],"wp:attachment":[{"href":"https:\/\/hostnetart.com.br\/baixada\/wp-json\/wp\/v2\/media?parent=5333"}],"wp:term":[{"taxonomy":"category","embeddable":true,"href":"https:\/\/hostnetart.com.br\/baixada\/wp-json\/wp\/v2\/categories?post=5333"},{"taxonomy":"post_tag","embeddable":true,"href":"https:\/\/hostnetart.com.br\/baixada\/wp-json\/wp\/v2\/tags?post=5333"}],"curies":[{"name":"wp","href":"https:\/\/api.w.org\/{rel}","templated":true}]}}