{"id":5331,"date":"2018-09-27T14:05:45","date_gmt":"2018-09-27T17:05:45","guid":{"rendered":"https:\/\/hostnetart.com.br\/baixada\/sindbaixada-presente-em-evento-que-comemorou-35-anos-da-cut\/"},"modified":"2018-09-27T14:05:45","modified_gmt":"2018-09-27T17:05:45","slug":"sindbaixada-presente-em-evento-que-comemorou-35-anos-da-cut","status":"publish","type":"post","link":"https:\/\/hostnetart.com.br\/baixada\/sindbaixada-presente-em-evento-que-comemorou-35-anos-da-cut\/","title":{"rendered":"SindBaixada presente em evento que comemorou 35 anos da CUT"},"content":{"rendered":"<p>Em meio \u00e0 maior luta da sua hist\u00f3ria, a Central \u00danica dos Trabalhadores completou 35 anos de\u00a0luta e constru\u00e7\u00e3o.<\/p>\n<p>E para celebrar este momento importante, a CUT reuniu ontem, dia 26\/09, diversas lideran\u00e7as pol\u00edticas e sindicais no espa\u00e7o rec\u00e9m inaugurado do MST, na Lapa.<\/p>\n<p>O Sindicato dos Banc\u00e1rios da Baixada Fluminense foi representado pela Secret\u00e1ria de Forma\u00e7\u00e3o, Renata Soeiro.<\/p>\n<p>O SindBaixada, filiado \u00e0 CUT desde julho de 1986, parabeniza a Central \u00danica dos Trabalhadores pela luta e conquistas durante este 35 anos. Juntos somos fortes!<\/p>\n<p>\u00a0<\/p>\n<p>\u00a0<\/p>\n","protected":false},"excerpt":{"rendered":"<p>Em meio \u00e0 maior luta da sua hist\u00f3ria, a Central \u00danica dos Trabalhadores completou 35 anos de\u00a0luta e constru\u00e7\u00e3o. E para celebrar este momento importante, a CUT reuniu ontem, dia 26\/09, diversas lideran\u00e7as pol\u00edticas e sindicais no espa\u00e7o rec\u00e9m inaugurado do MST, na Lapa. O Sindicato dos Banc\u00e1rios da Baixada Fluminense foi representado pela Secret\u00e1ria [&hellip;]<\/p>\n","protected":false},"author":2,"featured_media":5330,"comment_status":"","ping_status":"","sticky":false,"template":"","format":"standard","meta":{"footnotes":""},"categories":[3],"tags":[],"class_list":["post-5331","post","type-post","status-publish","format-standard","has-post-thumbnail","hentry","category-noticias"],"_links":{"self":[{"href":"https:\/\/hostnetart.com.br\/baixada\/wp-json\/wp\/v2\/posts\/5331","targetHints":{"allow":["GET"]}}],"collection":[{"href":"https:\/\/hostnetart.com.br\/baixada\/wp-json\/wp\/v2\/posts"}],"about":[{"href":"https:\/\/hostnetart.com.br\/baixada\/wp-json\/wp\/v2\/types\/post"}],"author":[{"embeddable":true,"href":"https:\/\/hostnetart.com.br\/baixada\/wp-json\/wp\/v2\/users\/2"}],"replies":[{"embeddable":true,"href":"https:\/\/hostnetart.com.br\/baixada\/wp-json\/wp\/v2\/comments?post=5331"}],"version-history":[{"count":0,"href":"https:\/\/hostnetart.com.br\/baixada\/wp-json\/wp\/v2\/posts\/5331\/revisions"}],"wp:featuredmedia":[{"embeddable":true,"href":"https:\/\/hostnetart.com.br\/baixada\/wp-json\/wp\/v2\/media\/5330"}],"wp:attachment":[{"href":"https:\/\/hostnetart.com.br\/baixada\/wp-json\/wp\/v2\/media?parent=5331"}],"wp:term":[{"taxonomy":"category","embeddable":true,"href":"https:\/\/hostnetart.com.br\/baixada\/wp-json\/wp\/v2\/categories?post=5331"},{"taxonomy":"post_tag","embeddable":true,"href":"https:\/\/hostnetart.com.br\/baixada\/wp-json\/wp\/v2\/tags?post=5331"}],"curies":[{"name":"wp","href":"https:\/\/api.w.org\/{rel}","templated":true}]}}