{"id":5327,"date":"2018-09-27T13:59:52","date_gmt":"2018-09-27T16:59:52","guid":{"rendered":"https:\/\/hostnetart.com.br\/baixada\/entidades-apresentam-denuncia-ao-ministerio-publico-contra-resolucoes-cgpar\/"},"modified":"2018-09-27T13:59:52","modified_gmt":"2018-09-27T16:59:52","slug":"entidades-apresentam-denuncia-ao-ministerio-publico-contra-resolucoes-cgpar","status":"publish","type":"post","link":"https:\/\/hostnetart.com.br\/baixada\/entidades-apresentam-denuncia-ao-ministerio-publico-contra-resolucoes-cgpar\/","title":{"rendered":"Entidades apresentam den\u00fancia ao Minist\u00e9rio P\u00fablico contra resolu\u00e7\u00f5es CGPAR"},"content":{"rendered":"<div class=\"content\">\n<p>Nesta quarta-feira (26), as entidades representativas dos trabalhadores das estatais federais apresentaram den\u00fancia ao Minist\u00e9rio P\u00fablico do Trabalho (MPT) contra as resolu\u00e7\u00f5es CGPAR e seus impactos negativos nas autogest\u00f5es de sa\u00fade. A den\u00fancia foi entregue ao procurador-geral do Trabalho em exerc\u00edcio, Luis Eduardo Guimar\u00e3es Bojart e ser\u00e1 encaminhada \u00e0 Procuradoria Regional do Trabalho da 10\u00aa Regi\u00e3o.<\/p>\n<p>Juntamente com a Contraf-CUT, subscrevem a den\u00fancia a Fenae, Fenacef, Fenag, Advocef, Aneac, Social Caixa, Anacef, FUP, FNP, Anabb, Sindicato dos Banc\u00e1rios de Bras\u00edlia, AFBndes, UnidasPrev, Findect, Fentect, CNU, FNU, Sindicato dos Urbanit\u00e1rios do DF, FURCEN, Sindefurnas, Sinpaf e SENGE. As entidades representam cerca de tr\u00eas milh\u00f5es de trabalhadores, entre banc\u00e1rios, petroleiros, carteiros, eletricit\u00e1rios e outros.<\/p>\n<p>A den\u00fancia aponta uma s\u00e9rie de incoer\u00eancias e infra\u00e7\u00f5es contidas na resolu\u00e7\u00e3o CGPAR n\u00ba 23, tais como o desrespeito \u00e0 livre negocia\u00e7\u00e3o coletiva e \u00e0 legisla\u00e7\u00e3o setorial, a viola\u00e7\u00e3o de direitos adquiridos, aus\u00eancia de compet\u00eancia do Poder Executivo para legislar, entre outros pontos.<\/p>\n<p>Se as medidas propostas pelo governo federal forem implementadas, os programas de sa\u00fade das estatais ser\u00e3o encarecidos e se tornar\u00e3o excludentes. Entre outros pontos, as resolu\u00e7\u00f5es determinam a proibi\u00e7\u00e3o da ades\u00e3o de novos contratados, a restri\u00e7\u00e3o do acesso a aposentados, cobran\u00e7as por faixa et\u00e1ria, car\u00eancias e franquias e, principalmente, a redu\u00e7\u00e3o da participa\u00e7\u00e3o das estatais no custeio da assist\u00eancia m\u00e9dica.<\/p>\n<p>Os programas de sa\u00fade das estatais federais atendem cerca de tr\u00eas milh\u00f5es de usu\u00e1rios, entre empregados, aposentados e suas fam\u00edlias, que em contrapartida pagam parte dos custos dessa assist\u00eancia e utilizam muito menos os servi\u00e7os do Sistema \u00danico de Sa\u00fade (SUS). As recomenda\u00e7\u00f5es do governo poder\u00e3o levar milh\u00f5es de pessoas exclusivamente para o SUS, sobrecarregando ainda mais o sistema p\u00fablico. &#8220;N\u00e3o podemos deixar que precarizem o plano de sa\u00fade para os trabalhadores e suas fam\u00edlias. Vamos continuar a nossa luta contra a CGPAR&#8221;, disse Fabiana Uehara, Secretaria da Cultura da Contraf-CUT e representante da Comiss\u00e3o dos Empregados da Caixa.\u00a0<\/p>\n<p>No dia 28 de agosto, as entidades participaram de audi\u00eancia p\u00fablica promovida pela Comiss\u00e3o de Trabalho, de Administra\u00e7\u00e3o e Servi\u00e7o P\u00fablico (CTASP), na C\u00e2mara dos Deputados, onde o Projeto de Decreto Legislativo (PDC) n\u00ba 956\/2018 aguarda a nomea\u00e7\u00e3o de um relator. O projeto prop\u00f5e a susta\u00e7\u00e3o da resolu\u00e7\u00e3o n\u00ba 23 da CGPAR.<\/p>\n<\/div>\n<p id=\"page-author\"><strong>Fonte: Fenae<\/strong><\/p>\n","protected":false},"excerpt":{"rendered":"<p>Nesta quarta-feira (26), as entidades representativas dos trabalhadores das estatais federais apresentaram den\u00fancia ao Minist\u00e9rio P\u00fablico do Trabalho (MPT) contra as resolu\u00e7\u00f5es CGPAR e seus impactos negativos nas autogest\u00f5es de sa\u00fade. A den\u00fancia foi entregue ao procurador-geral do Trabalho em exerc\u00edcio, Luis Eduardo Guimar\u00e3es Bojart e ser\u00e1 encaminhada \u00e0 Procuradoria Regional do Trabalho da 10\u00aa [&hellip;]<\/p>\n","protected":false},"author":2,"featured_media":5326,"comment_status":"","ping_status":"","sticky":false,"template":"","format":"standard","meta":{"footnotes":""},"categories":[3],"tags":[],"class_list":["post-5327","post","type-post","status-publish","format-standard","has-post-thumbnail","hentry","category-noticias"],"_links":{"self":[{"href":"https:\/\/hostnetart.com.br\/baixada\/wp-json\/wp\/v2\/posts\/5327","targetHints":{"allow":["GET"]}}],"collection":[{"href":"https:\/\/hostnetart.com.br\/baixada\/wp-json\/wp\/v2\/posts"}],"about":[{"href":"https:\/\/hostnetart.com.br\/baixada\/wp-json\/wp\/v2\/types\/post"}],"author":[{"embeddable":true,"href":"https:\/\/hostnetart.com.br\/baixada\/wp-json\/wp\/v2\/users\/2"}],"replies":[{"embeddable":true,"href":"https:\/\/hostnetart.com.br\/baixada\/wp-json\/wp\/v2\/comments?post=5327"}],"version-history":[{"count":0,"href":"https:\/\/hostnetart.com.br\/baixada\/wp-json\/wp\/v2\/posts\/5327\/revisions"}],"wp:featuredmedia":[{"embeddable":true,"href":"https:\/\/hostnetart.com.br\/baixada\/wp-json\/wp\/v2\/media\/5326"}],"wp:attachment":[{"href":"https:\/\/hostnetart.com.br\/baixada\/wp-json\/wp\/v2\/media?parent=5327"}],"wp:term":[{"taxonomy":"category","embeddable":true,"href":"https:\/\/hostnetart.com.br\/baixada\/wp-json\/wp\/v2\/categories?post=5327"},{"taxonomy":"post_tag","embeddable":true,"href":"https:\/\/hostnetart.com.br\/baixada\/wp-json\/wp\/v2\/tags?post=5327"}],"curies":[{"name":"wp","href":"https:\/\/api.w.org\/{rel}","templated":true}]}}