{"id":5321,"date":"2018-09-26T17:12:21","date_gmt":"2018-09-26T20:12:21","guid":{"rendered":"https:\/\/hostnetart.com.br\/baixada\/reforma-da-previdencia-pode-voltar-a-pauta\/"},"modified":"2018-09-26T17:12:21","modified_gmt":"2018-09-26T20:12:21","slug":"reforma-da-previdencia-pode-voltar-a-pauta","status":"publish","type":"post","link":"https:\/\/hostnetart.com.br\/baixada\/reforma-da-previdencia-pode-voltar-a-pauta\/","title":{"rendered":"Reforma da Previd\u00eancia pode voltar \u00e0 pauta"},"content":{"rendered":"<div class=\"content\">\n<p>O presidente Michel Temer deixou escapar em entrevista \u00e0 Empresa Brasileira de Comunica\u00e7\u00e3o (EBC) que pode suspender a interven\u00e7\u00e3o militar no Rio de Janeiro para votar a Reforma da Previd\u00eancia (<a href=\"http:\/\/www.camara.gov.br\/proposicoesWeb\/prop_mostrarintegra?codteor=1514975&amp;filename=PEC+287\/2016\" target=\"_blank\" rel=\"noopener noreferrer\"><strong><ins>PEC 287\/2016<\/ins><\/strong><\/a>) ainda neste ano. N\u00e3o s\u00e3o permitidas mudan\u00e7as na Constitui\u00e7\u00e3o em casos de interven\u00e7\u00e3o militar. Ele disse que a suspens\u00e3o depende de conversa\u00e7\u00f5es a serem realizadas ap\u00f3s o primeiro turno das elei\u00e7\u00f5es.<\/p>\n<p>\u201cComo depende de vota\u00e7\u00e3o em primeiro e segundo turnos, de repente pode suspender a interven\u00e7\u00e3o\u201d, disse o golpista logo ap\u00f3s discursar na abertura da Assembleia Geral da ONU, nesta ter\u00e7a-feira (25), em Nova York (EUA).<\/p>\n<p>Temer quer levar \u00e0 vota\u00e7\u00e3o nos plen\u00e1rios da C\u00e2mara dos Deputados e do Senado o projeto aprovado em comiss\u00e3o especial da C\u00e2mara desde o primeiro semestre do ano passado, que foi barrado pela press\u00e3o exercida pelos trabalhadores.<\/p>\n<p>\u201c\u00c9 mais um golpe que o governo ileg\u00edtimo e seus aliados querem dar na popula\u00e7\u00e3o. Temos que ficar atentos e n\u00e3o votar em candidatos de partidos que apoiam o desmonte da Previd\u00eancia P\u00fablica e que querem acabar com o direito do povo se aposentar\u201d, disse a presidenta da Confedera\u00e7\u00e3o nacional dos Trabalhadores do ramo Financeiro (Contraf-CUT), Juvandia Moreira. \u201cN\u00e3o elegermos candidatos que j\u00e1\u00a0<a href=\"http:\/\/www.contrafcut.org.br\/noticias\/estudo-do-diap-mostra-como-congressistas-votaram-sobre-direitos-dos-trabalhadore-e189\/\" target=\"_blank\" rel=\"noopener noreferrer\"><strong><ins>votaram contra o trabalhador<\/ins><\/strong><\/a>\u00a0\u00e9 o recado que temos que dar para deixar claro que quem votar a favor do fim da aposentadoria nunca mais ser\u00e1 eleito\u201d, completou.<\/p>\n<p>\u00a0 \u00a0 \u00a0<strong>&gt;<\/strong>\u00a0<em><a href=\"http:\/\/www.contrafcut.org.br\/noticias\/das-poucas-vagas-criadas-apos-reforma-maioria-e-de-parciais-ou-intermitentes-8dcc\/\" target=\"_blank\" rel=\"noopener noreferrer\"><ins>Das poucas vagas criadas ap\u00f3s \u201creforma\u201d, maioria \u00e9 de parciais ou intermitentes<\/ins><\/a><\/em><br \/>\u00a0\u00a0\u00a0\u00a0\u00a0<strong>&gt;<\/strong>\u00a0<ins><em><a href=\"http:\/\/www.contrafcut.org.br\/noticias\/bancarios-manterao-luta-contra-terceirizacao-irrestrita-e41a\/\" target=\"_blank\" rel=\"noopener noreferrer\">Banc\u00e1rios manter\u00e3o luta contra terceiriza\u00e7\u00e3o irrestrita<\/a><\/em><\/ins><\/p>\n<p>Juvandia, que faz parte da diretoria executiva da CUT, disse que as centrais sindicais j\u00e1 estavam esperando por essa iniciativa do governo e seus aliados golpistas. \u201cEles j\u00e1 acabaram com a CLT, congelaram os investimentos em sa\u00fade e educa\u00e7\u00e3o. Se dessem fim tamb\u00e9m \u00e0 aposentadoria dos trabalhadores e trabalhadoras, sabem que jamais seriam eleitos. Resolveram esperar passar pelas elei\u00e7\u00f5es. Assim teria mais tempo para fazer mais estragos ainda nos direitos sociais e contam com a mem\u00f3ria curta do povo. Mas, \u00e9 bom que eles fiquem sabendo, que n\u00e3o vamos deixar o povo esquecer do que eles j\u00e1 fizeram e do que ainda pretendem fazer em preju\u00edzo do trabalhador\u201d, ressaltou.<\/p>\n<p>O projeto de \u201creforma da Previd\u00eancia\u201d, em tramita\u00e7\u00e3o no Congresso Nacional, afeta muito os trabalhadores e, principalmente, as trabalhadoras. Especialistas apontam que a maior parte dos trabalhadores de baixa renda n\u00e3o conseguir\u00e1 cumprir as exig\u00eancias para se aposentar, caso o projeto seja aprovado.<\/p>\n<p>Para saber mais, veja os\u00a0<a href=\"http:\/\/www.contrafcut.org.br\/multimidia\/videos?q=reforma+da+previd%C3%AAncia\" target=\"_blank\" rel=\"noopener noreferrer\"><strong><ins>v\u00eddeos sobre a Reforma da Previd\u00eancia<\/ins><\/strong><\/a>\u00a0produzidos\u00a0pela Contraf-CUT.<\/p>\n<p><strong>Leia tamb\u00e9m:<\/strong><br \/>\u00a0\u00a0\u00a0\u00a0\u00a0<strong>&gt;<\/strong>\u00a0<em><ins><a href=\"http:\/\/www.contrafcut.org.br\/noticias\/ha-3-meses-de-devolver-o-governo-temer-quer-acabar-com-a-aposentadoria-b328\/\" target=\"_blank\" rel=\"noopener noreferrer\">H\u00e1 3 meses de devolver o governo, Temer quer acabar com a aposentadoria<\/a><\/ins><\/em><br \/>\u00a0\u00a0\u00a0\u00a0\u00a0<strong>&gt;<\/strong>\u00a0<em><a href=\"http:\/\/www.contrafcut.org.br\/noticias\/candidatos-querem-colocar-sua-aposentadoria-no-mercado-financeiro-3744\/\" target=\"_blank\" rel=\"noopener noreferrer\"><ins>Candidatos querem colocar sua aposentadoria no mercado financeiro<\/ins><\/a><\/em><br \/>\u00a0\u00a0\u00a0\u00a0\u00a0<strong>&gt;<\/strong>\u00a0<ins><em><a href=\"http:\/\/www.contrafcut.org.br\/noticias\/a-terceirizacao-nao-e-para-melhorar-servico-e-para-reduzir-salario-diz-vagner-fr-a454\/\" target=\"_blank\" rel=\"noopener noreferrer\">A terceiriza\u00e7\u00e3o n\u00e3o \u00e9 para melhorar servi\u00e7o, \u00e9 para reduzir sal\u00e1rio&#8217;, diz Vagner Freitas<\/a><\/em><\/ins><\/p>\n<\/div>\n<p id=\"page-author\"><span style=\"text-decoration: underline;\"><em><strong>Fonte: Contraf-CUT<\/strong><\/em><\/span><\/p>\n","protected":false},"excerpt":{"rendered":"<p>O presidente Michel Temer deixou escapar em entrevista \u00e0 Empresa Brasileira de Comunica\u00e7\u00e3o (EBC) que pode suspender a interven\u00e7\u00e3o militar no Rio de Janeiro para votar a Reforma da Previd\u00eancia (PEC 287\/2016) ainda neste ano. N\u00e3o s\u00e3o permitidas mudan\u00e7as na Constitui\u00e7\u00e3o em casos de interven\u00e7\u00e3o militar. Ele disse que a suspens\u00e3o depende de conversa\u00e7\u00f5es a [&hellip;]<\/p>\n","protected":false},"author":2,"featured_media":5320,"comment_status":"","ping_status":"","sticky":false,"template":"","format":"standard","meta":{"footnotes":""},"categories":[3],"tags":[],"class_list":["post-5321","post","type-post","status-publish","format-standard","has-post-thumbnail","hentry","category-noticias"],"_links":{"self":[{"href":"https:\/\/hostnetart.com.br\/baixada\/wp-json\/wp\/v2\/posts\/5321","targetHints":{"allow":["GET"]}}],"collection":[{"href":"https:\/\/hostnetart.com.br\/baixada\/wp-json\/wp\/v2\/posts"}],"about":[{"href":"https:\/\/hostnetart.com.br\/baixada\/wp-json\/wp\/v2\/types\/post"}],"author":[{"embeddable":true,"href":"https:\/\/hostnetart.com.br\/baixada\/wp-json\/wp\/v2\/users\/2"}],"replies":[{"embeddable":true,"href":"https:\/\/hostnetart.com.br\/baixada\/wp-json\/wp\/v2\/comments?post=5321"}],"version-history":[{"count":0,"href":"https:\/\/hostnetart.com.br\/baixada\/wp-json\/wp\/v2\/posts\/5321\/revisions"}],"wp:featuredmedia":[{"embeddable":true,"href":"https:\/\/hostnetart.com.br\/baixada\/wp-json\/wp\/v2\/media\/5320"}],"wp:attachment":[{"href":"https:\/\/hostnetart.com.br\/baixada\/wp-json\/wp\/v2\/media?parent=5321"}],"wp:term":[{"taxonomy":"category","embeddable":true,"href":"https:\/\/hostnetart.com.br\/baixada\/wp-json\/wp\/v2\/categories?post=5321"},{"taxonomy":"post_tag","embeddable":true,"href":"https:\/\/hostnetart.com.br\/baixada\/wp-json\/wp\/v2\/tags?post=5321"}],"curies":[{"name":"wp","href":"https:\/\/api.w.org\/{rel}","templated":true}]}}