{"id":5305,"date":"2018-09-25T13:19:00","date_gmt":"2018-09-25T16:19:00","guid":{"rendered":"https:\/\/hostnetart.com.br\/baixada\/justica-libera-pagamento-a-beneficiarios-da-fundacao-francisco-conde\/"},"modified":"2018-09-25T13:19:00","modified_gmt":"2018-09-25T16:19:00","slug":"justica-libera-pagamento-a-beneficiarios-da-fundacao-francisco-conde","status":"publish","type":"post","link":"https:\/\/hostnetart.com.br\/baixada\/justica-libera-pagamento-a-beneficiarios-da-fundacao-francisco-conde\/","title":{"rendered":"Justi\u00e7a libera pagamento a benefici\u00e1rios da Funda\u00e7\u00e3o Francisco Conde"},"content":{"rendered":"<div class=\"content\">\n<p>O Tribunal de Justi\u00e7a autorizou, na sexta-feira (21), o pagamento dos recursos aos ex-funcion\u00e1rios do BCN, benefici\u00e1rios da Funda\u00e7\u00e3o Francisco Conde (FFC). Os valores, que j\u00e1 estavam depositados em conta judicial no Banco do Brasil, dever\u00e3o ser transferidos para os advogados, que far\u00e3o o repasse dos recursos aos benefici\u00e1rios.<\/p>\n<p>\u201cO advogado explicou que para a realiza\u00e7\u00e3o da transfer\u00eancia, a decis\u00e3o precisa ser publicada no di\u00e1rio oficial, que deve acontecer ainda esta semana. Por isso, ser\u00e1 preciso esperar ainda mais alguns dias\u201d, disse Gerson Carlos Pereira, secret\u00e1rio de Comunica\u00e7\u00e3o da Confedera\u00e7\u00e3o dos Trabalhadores do Ramo Financeiro (Contraf-CUT), que acompanhou o processo desde o in\u00edcio.<\/p>\n<p>Para Gerson, depois de muitos anos de luta, debates e reuni\u00f5es coordenadas pelos sindicatos, a hist\u00f3ria da FFC, dos banc\u00e1rios do extinto BCN, chegou a um desfecho favor\u00e1vel aos trabalhadores. \u201cEsta \u00e9 uma demonstra\u00e7\u00e3o da for\u00e7a dos trabalhadores e trabalhadoras e da contribui\u00e7\u00e3o dos sindicatos. Se n\u00e3o houvesse unidade e comprometimento, esse dinheiro ficaria para os ativos do Bradesco. Como houve uma postura combativa, de solidariedade, uni\u00e3o e luta de todos os envolvidos, hoje n\u00f3s podemos decidir sobre como ser\u00e1 a divis\u00e3o desse dinheiro\u201d, afirmou o dirigente da Contraf-CUT.<\/p>\n<p>Para Adilson Barros, diretor executivo da Contraf-CUT, o apoio do movimento sindical foi de extrema import\u00e2ncia para o processo. \u201cPrecisamos agradecer a todos os envolvidos no desfecho deste caso, em especial aos nossos sindicatos, que demonstraram disposi\u00e7\u00e3o e interesse e n\u00e3o deixaram os trabalhadores desassistidos. E, assim, agiu com seriedade e compromisso com os remanescentes do extinto BCN\u201d, disse.<\/p>\n<p>Ricardo Correa, diretor da Federa\u00e7\u00e3o dos Banc\u00e1rios de S\u00e3o Paulo (Fetec-CUT\/SP), explicou que para receber, cada empregado tem que habitar o seu cr\u00e9dito na a\u00e7\u00e3o. \u201cQuem tem o direito e ainda n\u00e3o fez a procura\u00e7\u00e3o para seu sindicato, ter\u00e1 mais cinco anos para procurar seus direitos\u201d. Ele ainda explica quem tem direito:<\/p>\n<p>De acordo com a decis\u00e3o do Tribunal, ter\u00e3o direito a receber o pagamento os seguintes trabalhadores:<\/p>\n<p>Trabalhadores Eleg\u00edveis ao pagamento (requisitos cumulativos):<\/p>\n<p>1. Empregados do antigo BCN + coligadas;<\/p>\n<p>2. Empregados admitidos at\u00e9 31\/04\/1993;<\/p>\n<p>3. Empregados participantes que permaneceram no banco at\u00e9 31\/05\/1999;<\/p>\n<p>4. Empregados que constam da listagem apresentada na a\u00e7\u00e3o judicial pelo Bradesco.<\/p>\n<p>A forma de pagamento tem como crit\u00e9rio b\u00e1sico o tempo de contribui\u00e7\u00e3o de cada empregado. Assim, cada m\u00eas de contribui\u00e7\u00e3o corresponde a uma cota.<\/p>\n<p>O valor depositado pelo Bradesco ser\u00e1 rateado da seguinte forma:<\/p>\n<p>Ser\u00e1 divido em 2 metades:<\/p>\n<p>1\u00aa metade \u2013 Grupo 1:<\/p>\n<p>1. Empregados que ingressaram no BCN at\u00e9 31\/12\/1975;<\/p>\n<p>2. Levar\u00e1 em conta o tempo de contribui\u00e7\u00e3o at\u00e9 31\/12\/1979.<\/p>\n<p>2\u00aa metade \u2013 Grupo 2:<\/p>\n<p>1. Empregados que ingressaram no BCN a partir de 01\/01\/1976;<\/p>\n<p>2. Levar\u00e1 em conta o tempo de contribui\u00e7\u00e3o at\u00e9 31\/04\/1993.<\/p>\n<p><strong>&gt;&gt;&gt;Leia mais:<\/strong><\/p>\n<p><a href=\"http:\/\/www.contrafcut.org.br\/noticias\/bancarios-do-extinto-bcn-estao-perto-de-receber-acao-da-fundacao-francisco-conde-5c05\">http:\/\/www.contrafcut.org.br\/noticias\/bancarios-do-extinto-bcn-estao-perto-de-receber-acao-da-fundacao-francisco-conde-5c05<\/a><\/p>\n<\/div>\n<p id=\"page-author\"><span style=\"text-decoration: underline;\"><em><strong>Fonte: Contraf-CUT<\/strong><\/em><\/span><\/p>\n","protected":false},"excerpt":{"rendered":"<p>O Tribunal de Justi\u00e7a autorizou, na sexta-feira (21), o pagamento dos recursos aos ex-funcion\u00e1rios do BCN, benefici\u00e1rios da Funda\u00e7\u00e3o Francisco Conde (FFC). Os valores, que j\u00e1 estavam depositados em conta judicial no Banco do Brasil, dever\u00e3o ser transferidos para os advogados, que far\u00e3o o repasse dos recursos aos benefici\u00e1rios. \u201cO advogado explicou que para a [&hellip;]<\/p>\n","protected":false},"author":2,"featured_media":5304,"comment_status":"","ping_status":"","sticky":false,"template":"","format":"standard","meta":{"footnotes":""},"categories":[3],"tags":[],"class_list":["post-5305","post","type-post","status-publish","format-standard","has-post-thumbnail","hentry","category-noticias"],"_links":{"self":[{"href":"https:\/\/hostnetart.com.br\/baixada\/wp-json\/wp\/v2\/posts\/5305","targetHints":{"allow":["GET"]}}],"collection":[{"href":"https:\/\/hostnetart.com.br\/baixada\/wp-json\/wp\/v2\/posts"}],"about":[{"href":"https:\/\/hostnetart.com.br\/baixada\/wp-json\/wp\/v2\/types\/post"}],"author":[{"embeddable":true,"href":"https:\/\/hostnetart.com.br\/baixada\/wp-json\/wp\/v2\/users\/2"}],"replies":[{"embeddable":true,"href":"https:\/\/hostnetart.com.br\/baixada\/wp-json\/wp\/v2\/comments?post=5305"}],"version-history":[{"count":0,"href":"https:\/\/hostnetart.com.br\/baixada\/wp-json\/wp\/v2\/posts\/5305\/revisions"}],"wp:featuredmedia":[{"embeddable":true,"href":"https:\/\/hostnetart.com.br\/baixada\/wp-json\/wp\/v2\/media\/5304"}],"wp:attachment":[{"href":"https:\/\/hostnetart.com.br\/baixada\/wp-json\/wp\/v2\/media?parent=5305"}],"wp:term":[{"taxonomy":"category","embeddable":true,"href":"https:\/\/hostnetart.com.br\/baixada\/wp-json\/wp\/v2\/categories?post=5305"},{"taxonomy":"post_tag","embeddable":true,"href":"https:\/\/hostnetart.com.br\/baixada\/wp-json\/wp\/v2\/tags?post=5305"}],"curies":[{"name":"wp","href":"https:\/\/api.w.org\/{rel}","templated":true}]}}