{"id":5299,"date":"2018-09-24T18:04:52","date_gmt":"2018-09-24T21:04:52","guid":{"rendered":"https:\/\/hostnetart.com.br\/baixada\/fenae-repudia-mais-um-ataque-contra-a-caixa-100-publica\/"},"modified":"2018-09-24T18:04:52","modified_gmt":"2018-09-24T21:04:52","slug":"fenae-repudia-mais-um-ataque-contra-a-caixa-100-publica","status":"publish","type":"post","link":"https:\/\/hostnetart.com.br\/baixada\/fenae-repudia-mais-um-ataque-contra-a-caixa-100-publica\/","title":{"rendered":"Fenae repudia mais um ataque contra a &#8216;Caixa 100% p\u00fablica&#8217;"},"content":{"rendered":"<div class=\"content\">\n<p>A Federa\u00e7\u00e3o Nacional das Associa\u00e7\u00f5es do Pessoal da Caixa Econ\u00f4mica Federal (Fenae),\u00a0<a href=\"http:\/\/www.fenae.org.br\/portal\/fenae-portal\/noticias\/nota-fenae-repudia-mais-um-ataque-a-caixa-liderado-por-ana-paula-vescovi.htm\" target=\"_blank\" rel=\"noopener noreferrer\">em nota<\/a>, repudia mais um ataque ao banco &#8220;100% p\u00fablico, social e a servi\u00e7o dos brasileiros&#8221;. Segundo a entidade, o\u00a0golpe mais recente do governo\u00a0\u2013 representado pela presidenta\u00a0do Conselho de Administra\u00e7\u00e3o, Ana Paula Vescovi \u2013 \u00e9 a mudan\u00e7a no estatuto, permitindo que diretorias da \u00e1rea de controle (Jur\u00eddica, Auditoria e Corregedoria) sejam ocupadas por n\u00e3o concursados. Segundo divulgado pelo jornal\u00a0<em>Valor Econ\u00f4mico<\/em>, a aprova\u00e7\u00e3o no Conselho ocorreu no dia 17.<\/p>\n<p>Apenas Maria Rita Serrano, representante dos trabalhadores no Conselho de Administra\u00e7\u00e3o, votou contra a medida. A poucos dias das elei\u00e7\u00f5es, tudo evidencia uma corrida contra o tempo para fazer mudan\u00e7as que, no pr\u00f3ximo governo, dificultem a manuten\u00e7\u00e3o da Caixa 100% p\u00fablica, diz a Fenae. &#8220;A pretexto de refor\u00e7ar a efici\u00eancia, o que Planalto e Fazenda fazem \u00e9, num momento de transi\u00e7\u00e3o, mais uma interven\u00e7\u00e3o para privatizar a gest\u00e3o da empresa.&#8221;<\/p>\n<p>Acabar com a exclusividade de os empregados assumirem diretorias, o que durava quase 30 anos, abre espa\u00e7o para indica\u00e7\u00f5es pol\u00edtico-partid\u00e1rias e para o aparelhamento do banco, acrescenta a federa\u00e7\u00e3o. &#8220;Em agosto, outra decis\u00e3o absurda: a escolha de vice-presidentes em processo seletivo externo, por uma consultoria privada. Trata-se da destrui\u00e7\u00e3o da carreira dos banc\u00e1rios e banc\u00e1rias. A categoria possui qualifica\u00e7\u00e3o acima da m\u00e9dia do mercado. Ainda assim, s\u00e3o desvalorizados e jogados na incerteza do que vem pela frente.&#8221;<\/p>\n<p>Para os representantes dos funcion\u00e1rios, a retomada da narrativa privatista tem afastado a Caixa dos interesses da sociedade. &#8220;O que temos hoje \u00e9 um banco cada vez menos social e com uma atua\u00e7\u00e3o mais parecida com a do setor privado. A Caixa est\u00e1 emprestando menos, cobrando mais nas tarifas, reduzindo o n\u00famero de trabalhadores, cortando fun\u00e7\u00f5es e precarizando as condi\u00e7\u00f5es de trabalho. O &#8216;Compromisso com o Brasil&#8217; ficou restrito ao slogan recentemente adotado.&#8221;<\/p>\n<p>Al\u00e9m da &#8220;mobiliza\u00e7\u00e3o permanente&#8221; contra o retrocesso, diz a Fenae, n\u00e3o h\u00e1 outra sa\u00edda a n\u00e3o ser &#8220;a escolha, nas elei\u00e7\u00f5es de outubro, de projetos que defendam, verdadeiramente, a manuten\u00e7\u00e3o da Caixa e de outras empresas p\u00fablicas como protagonistas na execu\u00e7\u00e3o de pol\u00edticas p\u00fablicas em favor do desenvolvimento econ\u00f4mico e social do pa\u00eds&#8221;.<\/p>\n<p>Clique <a href=\"https:\/\/www.redebrasilatual.com.br\/economia\/2018\/09\/fenae-repudia-mais-um-ataque-contra-a-caixa-100-publica\">aqui<\/a> e leia a mat\u00e9ria da RBA<\/p>\n<\/div>\n<p id=\"page-author\"><strong>Fonte: Rede Brasil Atual<\/strong><\/p>\n","protected":false},"excerpt":{"rendered":"<p>A Federa\u00e7\u00e3o Nacional das Associa\u00e7\u00f5es do Pessoal da Caixa Econ\u00f4mica Federal (Fenae),\u00a0em nota, repudia mais um ataque ao banco &#8220;100% p\u00fablico, social e a servi\u00e7o dos brasileiros&#8221;. Segundo a entidade, o\u00a0golpe mais recente do governo\u00a0\u2013 representado pela presidenta\u00a0do Conselho de Administra\u00e7\u00e3o, Ana Paula Vescovi \u2013 \u00e9 a mudan\u00e7a no estatuto, permitindo que diretorias da \u00e1rea [&hellip;]<\/p>\n","protected":false},"author":2,"featured_media":5298,"comment_status":"","ping_status":"","sticky":false,"template":"","format":"standard","meta":{"footnotes":""},"categories":[3],"tags":[],"class_list":["post-5299","post","type-post","status-publish","format-standard","has-post-thumbnail","hentry","category-noticias"],"_links":{"self":[{"href":"https:\/\/hostnetart.com.br\/baixada\/wp-json\/wp\/v2\/posts\/5299","targetHints":{"allow":["GET"]}}],"collection":[{"href":"https:\/\/hostnetart.com.br\/baixada\/wp-json\/wp\/v2\/posts"}],"about":[{"href":"https:\/\/hostnetart.com.br\/baixada\/wp-json\/wp\/v2\/types\/post"}],"author":[{"embeddable":true,"href":"https:\/\/hostnetart.com.br\/baixada\/wp-json\/wp\/v2\/users\/2"}],"replies":[{"embeddable":true,"href":"https:\/\/hostnetart.com.br\/baixada\/wp-json\/wp\/v2\/comments?post=5299"}],"version-history":[{"count":0,"href":"https:\/\/hostnetart.com.br\/baixada\/wp-json\/wp\/v2\/posts\/5299\/revisions"}],"wp:featuredmedia":[{"embeddable":true,"href":"https:\/\/hostnetart.com.br\/baixada\/wp-json\/wp\/v2\/media\/5298"}],"wp:attachment":[{"href":"https:\/\/hostnetart.com.br\/baixada\/wp-json\/wp\/v2\/media?parent=5299"}],"wp:term":[{"taxonomy":"category","embeddable":true,"href":"https:\/\/hostnetart.com.br\/baixada\/wp-json\/wp\/v2\/categories?post=5299"},{"taxonomy":"post_tag","embeddable":true,"href":"https:\/\/hostnetart.com.br\/baixada\/wp-json\/wp\/v2\/tags?post=5299"}],"curies":[{"name":"wp","href":"https:\/\/api.w.org\/{rel}","templated":true}]}}