{"id":5295,"date":"2018-09-21T17:02:09","date_gmt":"2018-09-21T20:02:09","guid":{"rendered":"https:\/\/hostnetart.com.br\/baixada\/tiro-no-pe-santander-escancara-defesa-do-fim-da-aposentadoria\/"},"modified":"2018-09-21T17:02:09","modified_gmt":"2018-09-21T20:02:09","slug":"tiro-no-pe-santander-escancara-defesa-do-fim-da-aposentadoria","status":"publish","type":"post","link":"https:\/\/hostnetart.com.br\/baixada\/tiro-no-pe-santander-escancara-defesa-do-fim-da-aposentadoria\/","title":{"rendered":"Tiro no p\u00e9? Santander escancara defesa do fim da aposentadoria"},"content":{"rendered":"<div class=\"content\">\n<p>Nas TVs de elevadores e espa\u00e7os publicit\u00e1rios de Curitiba circulam nesta semana de setembro propagandas do banco espanhol Santander a favor da Reforma da Previd\u00eancia, retirada da pauta de vota\u00e7\u00e3o no Congresso ap\u00f3s muita resist\u00eancia da classe trabalhadora organizada pelas centrais sindicais, que se uniram contra o fim da aposentadoria.<\/p>\n<p>Com o mote \u201cFa\u00e7a j\u00e1 a reforma da sua previd\u00eancia\u201d, o Santander anuncia a real inten\u00e7\u00e3o dos banqueiros em fomentar a aprova\u00e7\u00e3o a todo custo da reforma da previd\u00eancia p\u00fablica: sem o acesso dos trabalhadores \u00e0 aposentadoria pelo INSS, \u00e9 s\u00f3 correr para um banco privado e comprar sua aposentadoria privada.<\/p>\n<p>Esse entendimento do Santander \u00e9 compartilhado com as demais institui\u00e7\u00f5es financeiras que atuam no pa\u00eds. Em fevereiro,\u00a0<a href=\"https:\/\/g1.globo.com\/economia\/noticia\/nao-ha-alternativa-diz-novo-presidente-do-bradesco-sobre-reforma-da-previdencia.ghtml\">o rec\u00e9m-empossado presidente do Bradesco, Octavio de Lazari Junior, declarou<\/a>\u00a0que \u201cn\u00e3o h\u00e1 alternativa\u201d justificando que a reforma da previd\u00eancia seria fundamental para \u201creduzir rombos nas contas p\u00fablicas\u201d, omitindo que, ainda em 2017, empresas privadas deviam ao INSS R$ 426 bilh\u00f5es, conforme apura\u00e7\u00e3o da Procuradoria Geral da Fazenda Nacional (PGFN), com\u00a0<a href=\"http:\/\/reporterbrasil.org.br\/2017\/02\/reforma-da-previdencia-ignora-r-426-bilhoes-devidos-por-empresas-ao-inss\/\">dados divulgados pela ag\u00eancia Rep\u00f3rter Brasil<\/a>.<\/p>\n<p>Os bancos tamb\u00e9m s\u00e3o devedores desta conta: de acordo com\u00a0<a href=\"http:\/\/reporterbrasil.org.br\/wp-content\/uploads\/2017\/02\/maioresdevedoresprevidencia.pdf\">o levantamento da procuradoria<\/a>, em 2017 o Bradesco devia R$\u00a0465.249.669,73 ao INSS, o Santander devia R$ 80.303.961,27 e o Ita\u00fa devia R$\u00a088.871.826,29.<\/p>\n<p><strong>Secret\u00e1rio da Previd\u00eancia de Temer recebeu banqueiros para escrever texto da reforma<\/strong><\/p>\n<p>Um dos respons\u00e1veis pelo texto da PEC 287, da Reforma da Previd\u00eancia, o secret\u00e1rio Marcelo Caetano, teve uma agenda oficial em 2016 com 11 encontros com banqueiros,\u00a0<a href=\"https:\/\/www.gazetadopovo.com.br\/blogs\/caixa-zero\/responsavel-pela-reforma-da-previdencia-teve-mais-reunioes-com-bancos-que-com-trabalhadores\/\">conforme revelou o jornalista Rog\u00e9rio Galindo, do jornal Gazeta do Povo<\/a>. \u201cAs reuni\u00f5es com representantes dos bancos foram 11. JP Morgan, Bradesco e Santander tiveram direito a tr\u00eas reuni\u00f5es com Marcelo Caetano\u201d, escreveu o jornalista.<\/p>\n<p>Caetano foi acusado, em fevereiro de 2017, de conflito de interesses, pois tamb\u00e9m acumulava o cargo de membro do Conselho de Administra\u00e7\u00e3o de uma das maiores empresas de previd\u00eancia privada do pa\u00eds, a BrasilPrev, do Banco do Brasil,\u00a0<a href=\"https:\/\/www.correiobraziliense.com.br\/app\/noticia\/economia\/2017\/02\/23\/internas_economia,576246\/secretario-da-previdencia-social-caetano-e-conselheiro-da-brasilprev.shtml\">conforme divulgou o jornal Correio Brasiliense<\/a>.<\/p>\n<p><strong>Relator da Reforma da Previd\u00eancia recebeu doa\u00e7\u00f5es de bancos<\/strong><\/p>\n<p>A tramita\u00e7\u00e3o da PEC 287, da Reforma da Previd\u00eancia, foi acelerada no Congresso em fevereiro de 2017, quando uma comiss\u00e3o foi instalada na C\u00e2mara e definida a relatoria pelo deputado federal Arthur Maia (PPS-BA).\u00a0 \u00c0 \u00e9poca, o deputado Ivan Valente, do PSol, questionou a escolha de Maia, denunciando que ele recebeu em campanha R$ 100 mil do Ita\u00fa, R$ 100 mil do Bradesco Vida e Previd\u00eancia, e outros R$ 100 mil do Santander, e por isso n\u00e3o teria isen\u00e7\u00e3o para relatar.<\/p>\n<p>A Reforma da Previd\u00eancia foi retirada da pauta ap\u00f3s a realiza\u00e7\u00e3o de duas greves gerais e outros dias de paralisa\u00e7\u00e3o dos trabalhadores, al\u00e9m de muita mobiliza\u00e7\u00e3o organizada em Bras\u00edlia e em diversas cidades pelas centrais sindicais. A proposta da PEC inviabilizava o acesso \u00e0 aposentadoria integral por estabelecer idade m\u00ednima de 65 anos (para homens e mulheres) associada \u00e0 amplia\u00e7\u00e3o do tempo de contribui\u00e7\u00e3o de 25 anos para 35 anos.<\/p>\n<p><strong>Reforma Trabalhista inviabiliza aposentadoria por contribui\u00e7\u00e3o<\/strong><\/p>\n<p>A mobiliza\u00e7\u00e3o dos trabalhadores impediu a Reforma da Previd\u00eancia mas n\u00e3o a aprova\u00e7\u00e3o da Trabalhista, que amplia as possibilidades de contrata\u00e7\u00e3o pelo empregador de forma a diminuir custos e prejudicar direitos dos trabalhadores, flexibilizando contrata\u00e7\u00f5es por carteira assinada. Uma dessas formas \u00e9 o trabalho intermitente, em que o trabalhador \u00e9 acionado por demanda, refletindo no c\u00e1lculo do tempo e do valor de contribui\u00e7\u00e3o para o INSS, esvaziando a arrecada\u00e7\u00e3o da previd\u00eancia e fortalecendo o discurso de que o sistema n\u00e3o se sustenta.<\/p>\n<p><strong>Temer penaliza afastados<\/strong><\/p>\n<p>Para dar uma resposta ao \u201crombo\u201d da previd\u00eancia, ao inv\u00e9s de cobrar as empresas devedoras, o presidente Michel Temer estabeleceu metas para os m\u00e9dicos peritos na concess\u00e3o dos benef\u00edcios de afastamentos por doen\u00e7as, acidentes e aposentadorias por invalidez e promoveu tamb\u00e9m revis\u00e3o de benef\u00edcios, despejando no mercado de trabalho pessoas at\u00e9 ent\u00e3o consideradas inaptas para exercer suas fun\u00e7\u00f5es.<\/p>\n<p>De acordo com informa\u00e7\u00f5es do Minist\u00e9rio da Previd\u00eancia Social, 96% dos peritos m\u00e9dicos do INSS aderiram a um modelo de cumprimento de metas por per\u00edcia realizada, com estimativa de realiza\u00e7\u00e3o cerca de 230 mil per\u00edcias revisionais extraordin\u00e1rias por m\u00eas.<\/p>\n<p>Em julho de 2018, o governo encontrou \u201cirregularidades\u201d e cortou o benef\u00edcio de 341 mil aux\u00edlios-doen\u00e7a e outras 108 mil aposentadorias por invalidez.<\/p>\n<p><strong>Posicionamento da FETEC<\/strong><\/p>\n<p>A Federa\u00e7\u00e3o dos Trabalhadores em Empresas de Cr\u00e9dito do Paran\u00e1 (FETEC-CUT-PR) v\u00ea com preocupa\u00e7\u00e3o esse per\u00edodo eleitoral de 2018, numa conjuntura desfavor\u00e1vel aos trabalhadores, em que as institui\u00e7\u00f5es patronais, como os bancos, t\u00eam inser\u00e7\u00e3o direta nas decis\u00f5es sobre o futuro da popula\u00e7\u00e3o e entende que neste momento, o voto dos trabalhadores deve ser direcionadas a candidaturas de trabalhadores, comprometidas com as pautas de manuten\u00e7\u00e3o de direitos e pol\u00edticas p\u00fablicas pelo fim das desigualdades e pelo desenvolvimento social.<\/p>\n<p>Diante desse posicionamento, a FETEC e seus sindicatos filiados t\u00eam se preocupado a esclarecer para sua base quem s\u00e3o os deputados que votaram contra os interesses dos trabalhadores, com voto de aprova\u00e7\u00e3o da reforma trabalhista e da lei da terceiriza\u00e7\u00e3o, que v\u00e3o contra bandeiras hist\u00f3ricas de luta do movimento sindical.<\/p>\n<\/div>\n<p id=\"page-author\"><span style=\"text-decoration: underline;\"><em><strong>Fonte: Fetec-CUT PR<\/strong><\/em><\/span><\/p>\n","protected":false},"excerpt":{"rendered":"<p>Nas TVs de elevadores e espa\u00e7os publicit\u00e1rios de Curitiba circulam nesta semana de setembro propagandas do banco espanhol Santander a favor da Reforma da Previd\u00eancia, retirada da pauta de vota\u00e7\u00e3o no Congresso ap\u00f3s muita resist\u00eancia da classe trabalhadora organizada pelas centrais sindicais, que se uniram contra o fim da aposentadoria. Com o mote \u201cFa\u00e7a j\u00e1 [&hellip;]<\/p>\n","protected":false},"author":2,"featured_media":5294,"comment_status":"","ping_status":"","sticky":false,"template":"","format":"standard","meta":{"footnotes":""},"categories":[3],"tags":[],"class_list":["post-5295","post","type-post","status-publish","format-standard","has-post-thumbnail","hentry","category-noticias"],"_links":{"self":[{"href":"https:\/\/hostnetart.com.br\/baixada\/wp-json\/wp\/v2\/posts\/5295","targetHints":{"allow":["GET"]}}],"collection":[{"href":"https:\/\/hostnetart.com.br\/baixada\/wp-json\/wp\/v2\/posts"}],"about":[{"href":"https:\/\/hostnetart.com.br\/baixada\/wp-json\/wp\/v2\/types\/post"}],"author":[{"embeddable":true,"href":"https:\/\/hostnetart.com.br\/baixada\/wp-json\/wp\/v2\/users\/2"}],"replies":[{"embeddable":true,"href":"https:\/\/hostnetart.com.br\/baixada\/wp-json\/wp\/v2\/comments?post=5295"}],"version-history":[{"count":0,"href":"https:\/\/hostnetart.com.br\/baixada\/wp-json\/wp\/v2\/posts\/5295\/revisions"}],"wp:featuredmedia":[{"embeddable":true,"href":"https:\/\/hostnetart.com.br\/baixada\/wp-json\/wp\/v2\/media\/5294"}],"wp:attachment":[{"href":"https:\/\/hostnetart.com.br\/baixada\/wp-json\/wp\/v2\/media?parent=5295"}],"wp:term":[{"taxonomy":"category","embeddable":true,"href":"https:\/\/hostnetart.com.br\/baixada\/wp-json\/wp\/v2\/categories?post=5295"},{"taxonomy":"post_tag","embeddable":true,"href":"https:\/\/hostnetart.com.br\/baixada\/wp-json\/wp\/v2\/tags?post=5295"}],"curies":[{"name":"wp","href":"https:\/\/api.w.org\/{rel}","templated":true}]}}