{"id":5293,"date":"2018-09-21T14:02:55","date_gmt":"2018-09-21T17:02:55","guid":{"rendered":"https:\/\/hostnetart.com.br\/baixada\/trabalhador-autonomo-tem-renda-menor-que-o-clt-diz-dieese\/"},"modified":"2018-09-21T14:02:55","modified_gmt":"2018-09-21T17:02:55","slug":"trabalhador-autonomo-tem-renda-menor-que-o-clt-diz-dieese","status":"publish","type":"post","link":"https:\/\/hostnetart.com.br\/baixada\/trabalhador-autonomo-tem-renda-menor-que-o-clt-diz-dieese\/","title":{"rendered":"Trabalhador aut\u00f4nomo tem renda menor que o CLT, diz Dieese"},"content":{"rendered":"<p>Em sua coluna na\u00a0<strong>R\u00e1dio Brasil Atual<\/strong>\u00a0,\u00a0Clemente Ganz L\u00facio, diretor t\u00e9cnico do Dieese, contesta\u00a0<a class=\"external-link\" title=\"\" href=\"https:\/\/www1.folha.uol.com.br\/mercado\/2018\/09\/metade-dos-eleitores-prefere-ser-autonomo-a-ter-emprego-clt-diz-datafolha.shtml\" target=\"_blank\" rel=\"noopener noreferrer\">pesquisa do Datafolha<\/a>\u00a0que conclui que os trabalhadores preferem\u00a0<a class=\"internal-link\" title=\"\" href=\"https:\/\/www.redebrasilatual.com.br\/economia\/2018\/08\/emprego-sem-carteira-e-autonomo-garantem-recuperacao-do-mercado\" target=\"_blank\" rel=\"noopener noreferrer\">ser aut\u00f4nomos<\/a>\u00a0em vez de ter um emprego com carteira assinada e regido pela CLT, caso o sal\u00e1rio seja mais alto e os descontos e impostos, menores. Para o analista,\u00a0\u00a0esse cen\u00e1rio descrito pelo jornal \u00e9 ilus\u00f3rio, j\u00e1 que a renda do aut\u00f4nomo \u00e9, em m\u00e9dia, menor que a do trabalhador regularmente empregado.<\/p>\n<p>Clemente explica que a carteira assinada garante direitos como 13\u00ba sal\u00e1rio e f\u00e9rias remuneradas \u2013 al\u00e9m dos espec\u00edficos da conven\u00e7\u00e3o coletiva de sua categoria, como vale-refei\u00e7\u00e3o, vale-transporte, conv\u00eanio m\u00e9dico etc. Por outro lado, h\u00e1 tamb\u00e9m as dedu\u00e7\u00f5es, como a contribui\u00e7\u00e3o mensal ao INSS, de 8% a 11%, imposto de renda descontado na fonte, contribui\u00e7\u00e3o sindical e outros.<\/p>\n<p>O diretor do Dieese afirma que \u00e9 normal a prefer\u00eancia por uma rela\u00e7\u00e3o laboral mais livre e a expectativa por uma melhor remunera\u00e7\u00e3o, mas que\u00a0<a class=\"internal-link\" title=\"\" href=\"https:\/\/www.redebrasilatual.com.br\/trabalho\/2018\/07\/com-governo-temer-novos-trabalhadores-autonomos-ganham-menos-segundo-dieese\" target=\"_blank\" rel=\"noopener noreferrer\">a pesquisa Datafolhe \u00e9 contradit\u00f3ria<\/a>. &#8220;A situa\u00e7\u00e3o do trabalho aut\u00f4nomo \u00e9 diferente, porque s\u00e3o trabalhadores que n\u00e3o t\u00eam prote\u00e7\u00e3o social, nem participa\u00e7\u00e3o contributiva na Previd\u00eancia.\u00a0As pessoas com sal\u00e1rio baixo t\u00eam a expectativa, no trabalho aut\u00f4nomo, de terem maior renda mas, no geral, a renda do aut\u00f4nomo \u00e9 menor do que a do assalariado, porque esse trabalhador vive fora de uma prote\u00e7\u00e3o em termos de renda&#8221;.<\/p>\n<p>\u00a0<\/p>\n<p><span style=\"text-decoration: underline;\"><em><strong>Fonte: Rede Brasil Atual<\/strong><\/em><\/span><\/p>\n","protected":false},"excerpt":{"rendered":"<p>Em sua coluna na\u00a0R\u00e1dio Brasil Atual\u00a0,\u00a0Clemente Ganz L\u00facio, diretor t\u00e9cnico do Dieese, contesta\u00a0pesquisa do Datafolha\u00a0que conclui que os trabalhadores preferem\u00a0ser aut\u00f4nomos\u00a0em vez de ter um emprego com carteira assinada e regido pela CLT, caso o sal\u00e1rio seja mais alto e os descontos e impostos, menores. Para o analista,\u00a0\u00a0esse cen\u00e1rio descrito pelo jornal \u00e9 ilus\u00f3rio, j\u00e1 [&hellip;]<\/p>\n","protected":false},"author":2,"featured_media":5292,"comment_status":"","ping_status":"","sticky":false,"template":"","format":"standard","meta":{"footnotes":""},"categories":[3],"tags":[],"class_list":["post-5293","post","type-post","status-publish","format-standard","has-post-thumbnail","hentry","category-noticias"],"_links":{"self":[{"href":"https:\/\/hostnetart.com.br\/baixada\/wp-json\/wp\/v2\/posts\/5293","targetHints":{"allow":["GET"]}}],"collection":[{"href":"https:\/\/hostnetart.com.br\/baixada\/wp-json\/wp\/v2\/posts"}],"about":[{"href":"https:\/\/hostnetart.com.br\/baixada\/wp-json\/wp\/v2\/types\/post"}],"author":[{"embeddable":true,"href":"https:\/\/hostnetart.com.br\/baixada\/wp-json\/wp\/v2\/users\/2"}],"replies":[{"embeddable":true,"href":"https:\/\/hostnetart.com.br\/baixada\/wp-json\/wp\/v2\/comments?post=5293"}],"version-history":[{"count":0,"href":"https:\/\/hostnetart.com.br\/baixada\/wp-json\/wp\/v2\/posts\/5293\/revisions"}],"wp:featuredmedia":[{"embeddable":true,"href":"https:\/\/hostnetart.com.br\/baixada\/wp-json\/wp\/v2\/media\/5292"}],"wp:attachment":[{"href":"https:\/\/hostnetart.com.br\/baixada\/wp-json\/wp\/v2\/media?parent=5293"}],"wp:term":[{"taxonomy":"category","embeddable":true,"href":"https:\/\/hostnetart.com.br\/baixada\/wp-json\/wp\/v2\/categories?post=5293"},{"taxonomy":"post_tag","embeddable":true,"href":"https:\/\/hostnetart.com.br\/baixada\/wp-json\/wp\/v2\/tags?post=5293"}],"curies":[{"name":"wp","href":"https:\/\/api.w.org\/{rel}","templated":true}]}}