{"id":5289,"date":"2018-09-21T14:00:24","date_gmt":"2018-09-21T17:00:24","guid":{"rendered":"https:\/\/hostnetart.com.br\/baixada\/na-onu-representantes-de-direitos-humanos-questionam-intervencao-no-rio\/"},"modified":"2018-09-21T14:00:24","modified_gmt":"2018-09-21T17:00:24","slug":"na-onu-representantes-de-direitos-humanos-questionam-intervencao-no-rio","status":"publish","type":"post","link":"https:\/\/hostnetart.com.br\/baixada\/na-onu-representantes-de-direitos-humanos-questionam-intervencao-no-rio\/","title":{"rendered":"Na ONU, representantes de direitos humanos questionam interven\u00e7\u00e3o no Rio"},"content":{"rendered":"<p>Representantes de organiza\u00e7\u00f5es brasileiras de direitos humanos realizaram nesta quarta-feira (19) um evento na Organiza\u00e7\u00e3o das Na\u00e7\u00f5es Unidas (ONU) para protestar contra a\u00a0<a class=\"internal-link\" title=\"\" href=\"https:\/\/www.redebrasilatual.com.br\/cidadania\/2018\/07\/comissao-da-verdade-aponta-aumento-da-violencia-durante-intervencao-no-rio\" target=\"_blank\" rel=\"noopener noreferrer\"><span class=\"_5afx\"><span class=\"_58cm\">militariza\u00e7\u00e3o<\/span><\/span>\u00a0da seguran\u00e7a p\u00fablica no Rio de Janeiro<\/a>, decretada pelo governo de Michel Temer, em fevereiro, com previs\u00e3o de t\u00e9rmino em 31 de dezembro.<\/p>\n<p>M\u00f4nica Ben\u00edcio, vi\u00fava de Marielle, uma das participantes do evento,\u00a0relembrou os questionamentos feitos ao Estado brasileiro durante a sess\u00e3o do Conselho de Direitos Humanos sobre a interven\u00e7\u00e3o federal no Rio.\u00a0Venho aqui denunciar o Estado brasileiro e sua incompet\u00eancia para solucionar o crime pol\u00edtico mais grave nos \u00faltimos anos.\u00a0\u00c9 inaceit\u00e1vel que 190 dias depois esse crime ainda esteja impune&#8221;, afirmou ela.<\/p>\n<p>A Alta Comiss\u00e1ria Adjunta expressou sua solidariedade com a vi\u00fava de Marielle e se prop\u00f4s a estabelecer uma interlocu\u00e7\u00e3o com o Estado sobre o assassinato da vereadora e a situa\u00e7\u00e3o dos defensores de direitos humanos no pa\u00eds. &#8220;N\u00e3o toleraremos mais a falsa narrativa de guerra \u00e0s drogas, que escondem o comprometimento dos agentes do Estado na perpetua\u00e7\u00e3o dos arranjos lucrativos do tr\u00e1fico de drogas e armas. A farsa n\u00e3o se sustentar\u00e1 no nome de Marielle&#8221;, acrescentou M\u00f4nica.<\/p>\n<p>A reuni\u00e3o foi realizada de forma paralela \u00e0\u00a039\u00aa Sess\u00e3o do Conselho de Direitos Humanos da ONU e contou a participa\u00e7\u00e3o da Conectas Direitos Humanos,\u00a0Anistia Internacional Brasil,\u00a0Observat\u00f3rio da Interven\u00e7\u00e3o e a\u00a0Redes da Mar\u00e9.<\/p>\n<h3>Interven\u00e7\u00e3o sem sucesso<\/h3>\n<p>A\u00a0<a class=\"internal-link\" title=\"\" href=\"https:\/\/www.redebrasilatual.com.br\/cidadania\/2018\/07\/intervencao-militar-no-rio-jogou-no-lixo-ideias-de-seguranca-acumuladas-ha-decadas\" target=\"_blank\" rel=\"noopener noreferrer\">situa\u00e7\u00e3o do Rio de Janeiro tamb\u00e9m foi debatida<\/a>. Em seu s\u00e9timo m\u00eas de interven\u00e7\u00e3o federal, j\u00e1 foram 457 opera\u00e7\u00f5es em todo o estado, sendo 70% em favelas da capital. De acordo com o Observat\u00f3rio da Interven\u00e7\u00e3o, o resultado, em m\u00e9dia, foi a apreens\u00e3o de uma arma por opera\u00e7\u00e3o e a\u00a0<a class=\"internal-link\" title=\"\" href=\"https:\/\/www.redebrasilatual.com.br\/cidadania\/2018\/07\/maes-denunciam-violacoes-cotidianas-contra-criancas-com-intervencao-no-rio\" target=\"_blank\" rel=\"noopener noreferrer\">morte de 103 pessoas<\/a>.<\/p>\n<p>&#8220;O crescimento de opera\u00e7\u00f5es, que empregam muitos agentes para apreender poucas armas e, raramente, desarticular quadrilhas \u00e9 marca das pol\u00edticas do Rio. Pol\u00edticas de desarticula\u00e7\u00e3o e combate \u00e0 corrup\u00e7\u00e3o de policiais n\u00e3o s\u00e3o priorizadas. Os dados oficiais demonstram a incapacidade dos interventores em dar respostas aos crimes contra a vida&#8221;, afirma Pablo Nunes, coordenador de pesquisas do \u00f3rg\u00e3o.<\/p>\n<p>J\u00e1 Renata Neder,\u00a0coordenadora de pol\u00edticas da Anistia Internacional Brasil, criticou dois pontos: as opera\u00e7\u00f5es militarizadas na guerra \u00e0s drogas e a\u00a0Lei\u00a0<a class=\"internal-link\" title=\"\" href=\"https:\/\/www.redebrasilatual.com.br\/cidadania\/2017\/10\/crimes-cometidos-por-militares-contra-civis-serao-julgados-pela-justica-militar\" target=\"_blank\" rel=\"noopener noreferrer\">13.491\/17<\/a>\u00a0que\u00a0transfere para a Justi\u00e7a Militar a responsabilidade de julgar os crimes de militares contra civis.<\/p>\n<p>Na avalia\u00e7\u00e3o dela, a falta de pol\u00edticas voltadas \u00e0 preven\u00e7\u00e3o, combate e investiga\u00e7\u00e3o de homic\u00eddios \u00e9 respons\u00e1vel pelas &#8220;horas de tiroteios&#8221; e viola\u00e7\u00f5es de direitos humanos no Rio. Ela alerta tamb\u00e9m para a impunidade que a nova legisla\u00e7\u00e3o de 2017 resulta.<\/p>\n<p>&#8220;Os crimes n\u00e3o est\u00e3o sendo investigados.\u00a0<a class=\"external-link\" title=\"\" href=\"https:\/\/oglobo.globo.com\/rio\/policiais-da-core-dizem-que-tiros-foram-disparados-por-militares-do-exercito-em-sao-goncalo-22061421\" target=\"_blank\" rel=\"noopener noreferrer\">Em novembro do ano passado<\/a>, no Rio de Janeiro, uma opera\u00e7\u00e3o da Policia Civil com as For\u00e7as Armadas resultou em oito pessoas mortas, com ind\u00edcios de execu\u00e7\u00e3o.\u00a0<a class=\"external-link\" title=\"\" href=\"https:\/\/extra.globo.com\/casos-de-policia\/homem-baleado-morre-ao-tentar-furar-posto-de-bloqueio-do-exercito-22678740.html\" target=\"_blank\" rel=\"noopener noreferrer\">Em maio deste ano<\/a>, uma pessoa furou uma blitz das For\u00e7as Armadas e o soldado atirou pelas costas. N\u00e3o foi numa opera\u00e7\u00e3o e o caso n\u00e3o \u00e9 investigado&#8221;, lamentou ela.<\/p>\n<h3>De costas para a ONU<\/h3>\n<p>A especialista da Anista Internacional lembra que, em setembro do ano passado, a ONU fez 246 recomenda\u00e7\u00f5es ao Brasil atrav\u00e9s do\u00a0<a class=\"external-link\" title=\"\" href=\"https:\/\/nacoesunidas.org\/revisao-periodica-universal-brasil-recebe-mais-de-240-recomendacoes-de-direitos-humanos-na-onu\/\" target=\"_blank\" rel=\"noopener noreferrer\">relat\u00f3rio da Revis\u00e3o Peri\u00f3dica Universal<\/a>. O texto trata sobre a\u00a0situa\u00e7\u00e3o dos direitos humanos e as medidas adotadas para proteg\u00ea-los e promov\u00ea-los.<\/p>\n<p>Renata lembra que nada foi feito. &#8220;Um ano depois desse compromisso feito para reduzir a letalidade dos agentes do Estado, a situa\u00e7\u00e3o s\u00f3 se agravou. As medidas n\u00e3o foram adotadas. O Estado brasileiro n\u00e3o pode estar no espa\u00e7o internacional, falar uma coisa e implementar algo diferente&#8221;, critica.<\/p>\n<p>J\u00e1 M\u00f4nica afirma que, atualmente, o Brasil \u00e9 um pa\u00eds dominado pelas for\u00e7as do atraso, dando as costas para a comunidade internacional. &#8220;N\u00e3o \u00e0 toa que recusou a recomenda\u00e7\u00e3o da ONU que exigia o<a class=\"internal-link\" title=\"\" href=\"https:\/\/www.redebrasilatual.com.br\/politica\/2018\/09\/nova-decisao-da-onu-reforca-que-brasil-e-obrigado-a-respeitar-direitos-de-lula\" target=\"_blank\" rel=\"noopener noreferrer\">\u00a0direito de Lula concorrer \u00e0 Presid\u00eancia<\/a>. N\u00e3o \u00e0 toa que o pa\u00eds ignora sistematicamente as recomenda\u00e7\u00f5es da ONU para desmilitarizar a pol\u00edcia&#8221;, finaliza.<\/p>\n<p>\u00a0<\/p>\n<p><strong>Fonte: Rede Brasil Atual<\/strong><\/p>\n","protected":false},"excerpt":{"rendered":"<p>Representantes de organiza\u00e7\u00f5es brasileiras de direitos humanos realizaram nesta quarta-feira (19) um evento na Organiza\u00e7\u00e3o das Na\u00e7\u00f5es Unidas (ONU) para protestar contra a\u00a0militariza\u00e7\u00e3o\u00a0da seguran\u00e7a p\u00fablica no Rio de Janeiro, decretada pelo governo de Michel Temer, em fevereiro, com previs\u00e3o de t\u00e9rmino em 31 de dezembro. M\u00f4nica Ben\u00edcio, vi\u00fava de Marielle, uma das participantes do evento,\u00a0relembrou [&hellip;]<\/p>\n","protected":false},"author":2,"featured_media":5288,"comment_status":"","ping_status":"","sticky":false,"template":"","format":"standard","meta":{"footnotes":""},"categories":[3],"tags":[],"class_list":["post-5289","post","type-post","status-publish","format-standard","has-post-thumbnail","hentry","category-noticias"],"_links":{"self":[{"href":"https:\/\/hostnetart.com.br\/baixada\/wp-json\/wp\/v2\/posts\/5289","targetHints":{"allow":["GET"]}}],"collection":[{"href":"https:\/\/hostnetart.com.br\/baixada\/wp-json\/wp\/v2\/posts"}],"about":[{"href":"https:\/\/hostnetart.com.br\/baixada\/wp-json\/wp\/v2\/types\/post"}],"author":[{"embeddable":true,"href":"https:\/\/hostnetart.com.br\/baixada\/wp-json\/wp\/v2\/users\/2"}],"replies":[{"embeddable":true,"href":"https:\/\/hostnetart.com.br\/baixada\/wp-json\/wp\/v2\/comments?post=5289"}],"version-history":[{"count":0,"href":"https:\/\/hostnetart.com.br\/baixada\/wp-json\/wp\/v2\/posts\/5289\/revisions"}],"wp:featuredmedia":[{"embeddable":true,"href":"https:\/\/hostnetart.com.br\/baixada\/wp-json\/wp\/v2\/media\/5288"}],"wp:attachment":[{"href":"https:\/\/hostnetart.com.br\/baixada\/wp-json\/wp\/v2\/media?parent=5289"}],"wp:term":[{"taxonomy":"category","embeddable":true,"href":"https:\/\/hostnetart.com.br\/baixada\/wp-json\/wp\/v2\/categories?post=5289"},{"taxonomy":"post_tag","embeddable":true,"href":"https:\/\/hostnetart.com.br\/baixada\/wp-json\/wp\/v2\/tags?post=5289"}],"curies":[{"name":"wp","href":"https:\/\/api.w.org\/{rel}","templated":true}]}}